{"id":101251,"date":"2026-03-07T06:21:59","date_gmt":"2026-03-07T05:21:59","guid":{"rendered":"https:\/\/www.infokuryr.cz\/n\/?p=101251"},"modified":"2026-03-07T06:24:58","modified_gmt":"2026-03-07T05:24:58","slug":"iran-hlasi-raketovy-utok-na-americkou-letadlovou-lod-uss-abraham-lincoln","status":"publish","type":"post","link":"https:\/\/www.infokuryr.cz\/n\/2026\/03\/07\/iran-hlasi-raketovy-utok-na-americkou-letadlovou-lod-uss-abraham-lincoln\/","title":{"rendered":"\u00cdr\u00e1n hl\u00e1s\u00ed raketov\u00fd \u00fatok na americkou letadlovou lo\u010f USS Abraham Lincoln"},"content":{"rendered":"<div id=\"fb-root\"><\/div>\n<p class=\"lead\"><strong><span dir=\"auto\">\u00cdr\u00e1nsk\u00e1 arm\u00e1da provedla raketov\u00fd \u00fatok na americkou letadlovou lo\u010f USS Abraham Lincoln, uvedl mluv\u010d\u00ed gener\u00e1ln\u00edho \u0161t\u00e1bu \u00edr\u00e1nsk\u00e9 arm\u00e1dy Abolfazl \u0160ekar\u010d\u00ed.<\/span><\/strong><\/p>\n<p><em><span dir=\"auto\">\u201eNa\u0161e \u00fato\u010dn\u00e9 akce proti USA a izraelsk\u00e9mu re\u017eimu se budou s ka\u017ed\u00fdm dal\u0161\u00edm dnem stup\u0148ovat. USA a Izrael budeme p\u0159ekvapovat je\u0161t\u011b v\u011bt\u0161\u00edmi ud\u00e1lostmi.\u201c<\/span><span class=\"after-quote\"><span dir=\"auto\">\u00a0\u2014 Cituje ho tiskov\u00e1 agentura\u00a0<\/span><a href=\"https:\/\/t.me\/farsna\/416159\" target=\"_blank\" rel=\"noopener\"><span dir=\"auto\">Fars<\/span><\/a><span dir=\"auto\">.<\/span><\/span><\/em><\/p>\n<p><span dir=\"auto\">Tiskov\u00e1 slu\u017eba Isl\u00e1msk\u00fdch revolu\u010dn\u00edch gard (IRGC) v\u010dera \u00fatok\u00a0<\/span><a href=\"https:\/\/t.me\/sepah_pasdaran\/183895\" target=\"_blank\" rel=\"noopener\"><span dir=\"auto\">potvrdila<\/span><\/a><span dir=\"auto\"> a up\u0159esnila, \u017ee raketov\u00fd \u00fader provedl pob\u0159e\u017en\u00ed protilodn\u00ed raketov\u00fd syst\u00e9m.<\/span><\/p>\n<p><em><span dir=\"auto\">\u201e\u00cdr\u00e1nsk\u00fd raketov\u00fd syst\u00e9m odp\u00e1lil na USS Abraham Lincoln raketu typu pob\u0159e\u017en\u00ed-mo\u0159e.\u201c<\/span><span class=\"after-quote\"><span dir=\"auto\">\u00a0\u2014 uv\u00e1d\u00ed se v prohl\u00e1\u0161en\u00ed.<\/span><\/span><\/em><\/p>\n<p><span dir=\"auto\">\u00cdr\u00e1nsk\u00e9 zdroje v\u0161ak neuv\u00e1d\u011bj\u00ed, jak \u00fa\u010dinn\u00fd byl \u00fader ani jak\u00e9 byly jeho d\u016fsledky.<\/span><\/p>\n<p><span dir=\"auto\">Pro p\u0159ipomenut\u00ed, \u00cdr\u00e1n\u00a0<\/span><a href=\"https:\/\/eadaily.com\/ru\/news\/2026\/03\/05\/vms-irana-atakovali-avianosec-ssha-abraham-lincoln\" target=\"_blank\" rel=\"noopener\"><span dir=\"auto\">informoval o p\u0159edchoz\u00edm \u00fatoku na stejnou letadlovou lo\u010f z 5. b\u0159ezna.<\/span><\/a><span dir=\"auto\">\u00a0Tehdy se tvrdilo, \u017ee \u00fatok provedlo \u00edr\u00e1nsk\u00e9 n\u00e1mo\u0159nictvo.<\/span><\/p>\n<p><strong><span dir=\"auto\">M\u00e9dia<\/span><\/strong><span dir=\"auto\">\u00a0d\u0159\u00edve\u00a0informovala, \u017ee letadlov\u00e1 lo\u010f USS Gerald R. Ford po proplut\u00ed Suezsk\u00fdm pr\u016fplavem <\/span><a href=\"https:\/\/eadaily.com\/ru\/news\/2026\/03\/07\/avianosnaya-gruppirovka-ssha-voshla-v-krasnoe-more\" target=\"_blank\" rel=\"noopener\"><span dir=\"auto\">vplula do Rud\u00e9ho mo\u0159e<\/span><\/a><span dir=\"auto\">\u00a0. P\u0159edpokl\u00e1d\u00e1 se, \u017ee by se mohla p\u0159ipojit k \u00fadern\u00e9 skupin\u011b letadlov\u00fdch lod\u00ed americk\u00e9ho n\u00e1mo\u0159nictva veden\u00e9 letadlovou lod\u00ed USS Abraham Lincoln, kter\u00e1 prov\u00e1d\u00ed leteck\u00e9 a raketov\u00e9 \u00fadery proti \u00cdr\u00e1nu z Arabsk\u00e9ho mo\u0159e.<\/span><\/p>\n<h2>\u00cdr\u00e1n \u00fato\u010d\u00ed na americk\u00e9 ropn\u00e9 spole\u010dnosti v Ir\u00e1ku<br \/>\n<img decoding=\"async\" class=\"aligncenter\" src=\"https:\/\/img1.eadaily.com\/c600x369\/o\/022\/38db5d02f0fd86035b7d96d491cc8.jpg\" \/><\/h2>\n<p class=\"lead\"><strong><span dir=\"auto\">V kancel\u00e1\u0159\u00edch a skladech americk\u00fdch ropn\u00fdch firem Halliburton a KBR, kter\u00e9 se nach\u00e1zej\u00ed v ir\u00e1ck\u00e9 provincii Basra, vypukl po\u017e\u00e1r, informovala agentura Reuters s odvol\u00e1n\u00edm na bezpe\u010dnostn\u00ed zdroje.<\/span><\/strong><\/p>\n<p><em><span dir=\"auto\">\u201eV ir\u00e1ck\u00e9 provincii Basra vypukl po\u017e\u00e1r v kancel\u00e1\u0159\u00edch a skladech americk\u00fdch firem Halliburton a KBR po \u00fatoku dronu.\u201c<\/span><span class=\"after-quote\"><span dir=\"auto\">\u00a0\u2013 uv\u00e1d\u00ed se ve zpr\u00e1v\u011b agentury.<\/span><\/span><\/em><\/p>\n<p><span dir=\"auto\">Spole\u010dnost Halliburton pozd\u011bji podle den\u00edku Financial Times ozn\u00e1mila \u201ebezpe\u010dnostn\u00ed incident\u201c a uvedla, \u017ee \u017e\u00e1dn\u00fd person\u00e1l nebyl zran\u011bn.<\/span><\/p>\n<h2>\u00cdr\u00e1nsk\u00e9 drony za\u00fato\u010dily na ropn\u00e9 pole v Sa\u00fadsk\u00e9 Ar\u00e1bii<br \/>\n<img decoding=\"async\" class=\"aligncenter\" src=\"https:\/\/img5.eadaily.com\/r650x650\/o\/cb6\/6cae77b79f44f5b3b7880b9df35cd.jpeg\" \/><\/h2>\n<p class=\"lead\"><strong><span dir=\"auto\">Sa\u00fadskoarabsk\u00e9 s\u00edly protivzdu\u0161n\u00e9 obrany zachytily \u010dty\u0159i \u00edr\u00e1nsk\u00e9 drony m\u00ed\u0159\u00edc\u00ed na ropn\u00e9 pole Sheiba v pou\u0161ti Rub&#8216; al-Chali, informovala 7. b\u0159ezna agentura Reuters.<\/span><\/strong><\/p>\n<p><em><span dir=\"auto\">Sa\u00fadsk\u00e1 Ar\u00e1bie zachytila \u200b\u200b\u010dty\u0159i drony vypu\u0161t\u011bn\u00e9 sm\u011brem k ropn\u00e9mu poli Sheiba.<\/span><span class=\"after-quote\"><span dir=\"auto\">\u00a0\u2014 uv\u00e1d\u00ed publikace.<\/span><\/span><\/em><\/p>\n<p><span dir=\"auto\">Informaci potvrdila i tiskov\u00e1 slu\u017eba ministerstva obrany kr\u00e1lovstv\u00ed.<\/span><\/p>\n<h2>\u00cdr\u00e1n za\u00fato\u010dil na Kuvajt raketami a drony<br \/>\n<img decoding=\"async\" class=\"aligncenter\" src=\"https:\/\/img3.eadaily.com\/r650x650\/o\/2e1\/ddfe4c05dc1e024c351f74126331f.jpeg\" \/><\/h2>\n<p class=\"lead\"><strong><span dir=\"auto\">Kuvajtsk\u00e9 syst\u00e9my protivzdu\u0161n\u00e9 obrany zni\u010dily od p\u00e1te\u010dn\u00edho r\u00e1na 12 ze 14 \u00edr\u00e1nsk\u00fdch raket a 12 dron\u016f, bez ob\u011bt\u00ed, uvedl gener\u00e1ln\u00ed \u0161t\u00e1b kuvajtsk\u00e9 arm\u00e1dy.<\/span><\/strong><\/p>\n<p><em><span dir=\"auto\">\u201eOd p\u00e1te\u010dn\u00edho r\u00e1na odrazily syst\u00e9my protivzdu\u0161n\u00e9 obrany vlnu raketov\u00fdch a dronov\u00fdch \u00fatok\u016f vypu\u0161t\u011bn\u00fdch z \u00cdr\u00e1nu. Dvan\u00e1ct bezpilotn\u00edch letadel bylo zni\u010deno na obloze nad severn\u00ed a st\u0159edn\u00ed \u010d\u00e1st\u00ed zem\u011b.\u201c<\/span><span class=\"after-quote\"><span dir=\"auto\">\u00a0\u2014 uv\u00e1d\u00ed se v prohl\u00e1\u0161en\u00ed.<\/span><\/span><\/em><\/p>\n<p><span dir=\"auto\">Gener\u00e1ln\u00ed \u0161t\u00e1b poznamenal, \u017ee na \u00fazem\u00ed zem\u011b bylo odp\u00e1leno celkem 14 raket, z nich\u017e dv\u011b \u201edopadly mimo ohro\u017eenou z\u00f3nu\u201c, zat\u00edmco zbytek byl zachycen.<\/span><\/p>\n<p><em><span dir=\"auto\">&#8222;V d\u016fsledku dopadaj\u00edc\u00edch \u0161rapnel\u016f byla zaznamen\u00e1na pouze materi\u00e1ln\u00ed \u0161koda; nedo\u0161lo k \u017e\u00e1dn\u00fdm ob\u011btem.&#8220;<\/span><span class=\"after-quote\"><span dir=\"auto\">\u00a0\u2014 dodal gener\u00e1ln\u00ed \u0161t\u00e1b kuvajtsk\u00e9 arm\u00e1dy.<\/span><\/span><\/em><\/p>\n<p><img decoding=\"async\" loading=\"lazy\" class=\"alignnone size-full wp-image-1185\" src=\"http:\/\/www.infokuryr.cz\/n\/wp-content\/uploads\/2021\/04\/kuryr-podpis.png\" alt=\"\" width=\"84\" height=\"24\" \/><\/p>\n<p>&nbsp;<\/p>\n<p>&nbsp;<\/p>\n","protected":false},"excerpt":{"rendered":"<p>\u00cdr\u00e1nsk\u00e1 arm\u00e1da provedla raketov\u00fd \u00fatok na americkou letadlovou lo\u010f USS Abraham Lincoln, uvedl mluv\u010d\u00ed gener\u00e1ln\u00edho&#8230;<\/p>\n","protected":false},"author":2,"featured_media":101252,"comment_status":"closed","ping_status":"closed","sticky":false,"template":"","format":"standard","meta":[],"categories":[7],"tags":[38,3399,37,40],"_links":{"self":[{"href":"https:\/\/www.infokuryr.cz\/n\/wp-json\/wp\/v2\/posts\/101251"}],"collection":[{"href":"https:\/\/www.infokuryr.cz\/n\/wp-json\/wp\/v2\/posts"}],"about":[{"href":"https:\/\/www.infokuryr.cz\/n\/wp-json\/wp\/v2\/types\/post"}],"author":[{"embeddable":true,"href":"https:\/\/www.infokuryr.cz\/n\/wp-json\/wp\/v2\/users\/2"}],"replies":[{"embeddable":true,"href":"https:\/\/www.infokuryr.cz\/n\/wp-json\/wp\/v2\/comments?post=101251"}],"version-history":[{"count":1,"href":"https:\/\/www.infokuryr.cz\/n\/wp-json\/wp\/v2\/posts\/101251\/revisions"}],"predecessor-version":[{"id":101253,"href":"https:\/\/www.infokuryr.cz\/n\/wp-json\/wp\/v2\/posts\/101251\/revisions\/101253"}],"wp:featuredmedia":[{"embeddable":true,"href":"https:\/\/www.infokuryr.cz\/n\/wp-json\/wp\/v2\/media\/101252"}],"wp:attachment":[{"href":"https:\/\/www.infokuryr.cz\/n\/wp-json\/wp\/v2\/media?parent=101251"}],"wp:term":[{"taxonomy":"category","embeddable":true,"href":"https:\/\/www.infokuryr.cz\/n\/wp-json\/wp\/v2\/categories?post=101251"},{"taxonomy":"post_tag","embeddable":true,"href":"https:\/\/www.infokuryr.cz\/n\/wp-json\/wp\/v2\/tags?post=101251"}],"curies":[{"name":"wp","href":"https:\/\/api.w.org\/{rel}","templated":true}]}}