{"id":101234,"date":"2026-03-07T05:38:46","date_gmt":"2026-03-07T04:38:46","guid":{"rendered":"https:\/\/www.infokuryr.cz\/n\/?p=101234"},"modified":"2026-03-07T05:40:38","modified_gmt":"2026-03-07T04:40:38","slug":"nikdo-nechce-bojovat-za-izrael-americky-marinak-vtrhl-do-senatu-kdyz-se-projednavalo-usneseni-o-iranu","status":"publish","type":"post","link":"https:\/\/www.infokuryr.cz\/n\/2026\/03\/07\/nikdo-nechce-bojovat-za-izrael-americky-marinak-vtrhl-do-senatu-kdyz-se-projednavalo-usneseni-o-iranu\/","title":{"rendered":"Nikdo nechce bojovat za Izrael! Americk\u00fd mari\u0148\u00e1k vtrhl do Sen\u00e1tu, kdy\u017e se projedn\u00e1valo usnesen\u00ed o \u00cdr\u00e1nu&#8230;"},"content":{"rendered":"<div id=\"fb-root\"><\/div>\n<h4>Nikdo nechce bojovat za Izrael! Americk\u00fd mari\u0148\u00e1k vtrhl do Sen\u00e1tu, kdy\u017e se projedn\u00e1valo usnesen\u00ed o \u00cdr\u00e1nu, \u017ee p\u00e1ch\u00e1 st\u00e1tn\u00ed terorismus, aby se z\u00edskal pr\u00e1vn\u00ed \u201ccasus belli\u201d pro pozemn\u00ed invazi! \u00cdr\u00e1nsk\u00fd ministr zahrani\u010d\u00ed na NBC prohl\u00e1sil, \u017ee \u00cdr\u00e1nci ji\u017e o\u010dek\u00e1vaj\u00ed americkou invazi! Ministerstvo spravedlnosti USA zve\u0159ejnilo v\u00fdslechy \u017eeny, kter\u00e1 obvinila Trumpa, \u017ee ji jako teenagerku zneu\u017eil pot\u00e9, co mu ji p\u0159ivedl Jeffrey Epstein!<\/h4>\n<p>Jak u\u017e jsem p\u0159edeslal v p\u00e1te\u010dn\u00edm po\u0159adu na SVCS, tak o pozemn\u00ed invazi USA a z\u0159ejm\u011b i n\u011bkter\u00fdch zem\u00ed NATO do \u00cdr\u00e1nu je prakticky ji\u017e rozhodnuto a v t\u011bchto hodin\u00e1ch se \u0159e\u0161\u00ed ji\u017e technick\u00e9 detaily a tak\u00e9 velikost chystan\u00e9 invazn\u00ed koalice. Nejlep\u0161\u00edm d\u016fkazem je to, co se d\u011bje v USA, kde ameri\u010dt\u00ed voj\u00e1ci a mari\u0148\u00e1ci za\u010dali doslova \u0161\u00edlet a \u00fa\u010dastnit se protest\u016f proti v\u00e1lce s \u00cdr\u00e1nem, proto\u017ee mnoh\u00fdm z nich ji\u017e p\u0159i\u0161ly tzv.\u00a0<em>transferov\u00e9 ob\u011b\u017en\u00edky<\/em>, co\u017e jsou upozorn\u011bn\u00ed americk\u00fdm voj\u00e1k\u016fm a mari\u0148\u00e1k\u016fm, kter\u00e9 jim sd\u011bluj\u00ed, \u017ee se chyst\u00e1 p\u0159esun a nemaj\u00ed si pl\u00e1novat \u017e\u00e1dn\u00e9 dovolen\u00e9, ani svatby, rozvody nebo jin\u00e9 akce, nebo\u0165 se o\u010dek\u00e1v\u00e1 rozkaz k p\u0159esunu.<\/p>\n<p>&nbsp;<\/p>\n<div class='videoWrapper'>\r\n\t            <iframe src='https:\/\/rumble.com\/embed\/pj.v74joy0\/' frameborder='0' allowfullscreen><\/iframe>\r\n\t        <\/div>\n<p>&nbsp;<\/p>\n<p>Nen\u00ed proto divu, \u017ee americk\u00fd mari\u0148\u00e1k Brian McGinnis na nic ne\u010dekal a rozhodl se j\u00edt do Sen\u00e1tu na sly\u0161en\u00ed o usnesen\u00ed proti \u00cdr\u00e1nu, ale\u00a0<strong>jakmile spustil sv\u00e9 n\u00e1mitky proti v\u00e1lce USA s \u00cdr\u00e1nem, popadla ho ochranka a cht\u011bla ho vyvl\u00e9ct ze s\u00e1lu. Mari\u0148\u00e1k se ale chytil pant\u016f dve\u0159\u00ed a jak se ho sna\u017eili vyt\u00e1hnout ze s\u00e1lu, tak mu zlomili ruku.<\/strong>\u00a0McGinnis p\u0159itom k\u0159i\u010del, \u017ee nikdo nechce bojovat za Izrael. Skandoval i svobodu Palestin\u011b.<\/p>\n<p>Tahle neuv\u011b\u0159iteln\u00e1 sc\u00e9na je v USA naprosto ojedin\u011bl\u00e1, naposledy bylo n\u011bco takov\u00e9ho k vid\u011bn\u00ed v 70. letech b\u011bhem Vietnamsk\u00e9 v\u00e1lky. Nyn\u00ed se mari\u0148\u00e1ci aktivizuj\u00ed proti v\u00e1lce v \u00cdr\u00e1nu, proto\u017ee v\u011bd\u00ed, \u017ee to nen\u00ed americk\u00e1 v\u00e1lka, ale v\u00e1lka Izraele, za kterou maj\u00ed j\u00edt um\u00edrat ameri\u010dt\u00ed voj\u00e1ci. A ti ji\u017e za\u010dali dost\u00e1vat od sv\u00fdch velitelstv\u00ed ob\u011b\u017en\u00edky.<\/p>\n<h3>Invaze do \u00cdr\u00e1nu a vysl\u00e1n\u00ed americk\u00fdch jednotek je re\u00e1ln\u011bj\u0161\u00ed ne\u017e kdy jindy, prohl\u00e1sil sen\u00e1tor po zased\u00e1n\u00ed Trumpovy vl\u00e1dy<\/h3>\n<p>Tyto ob\u011b\u017en\u00edky podle zku\u0161enost\u00ed z minulosti p\u0159ich\u00e1z\u00ed obvykle v p\u0159edstihu 30 a\u017e 90 dn\u00ed p\u0159ed rozkazem k p\u0159esunu, kdy o p\u0159esunu je ji\u017e rozhodnuto, ale nen\u00ed ur\u010deno je\u0161t\u011b datum. Bylo tomu tak p\u0159ed za\u010d\u00e1tkem invaze do Afgh\u00e1nist\u00e1nu i do Ir\u00e1ku, v obou p\u0159\u00edpadech tyto ob\u011b\u017en\u00edky p\u0159i\u0161ly 45 dn\u00ed p\u0159ed rozkazem k p\u0159esunu. Pokud toto budeme br\u00e1t za bernou minci, k invazi do \u00cdr\u00e1nu by potom mohlo doj\u00edt koncem dubna tohoto roku, z\u0159ejm\u011b po Velikonoc\u00edch.<\/p>\n<p>V americk\u00e9m Sen\u00e1tu ji\u017e prob\u011bhlo ve \u010dtvrtek sly\u0161en\u00ed a nakonec i usnesen\u00ed o tom, \u017ee \u00cdr\u00e1n je zem\u011b podporuj\u00edc\u00ed st\u00e1tn\u00ed terorismus.\u00a0<strong>Toto usnesen\u00ed je podle americk\u00e9ho z\u00e1kona\u00a0War Powers Act z roku 1973 nezbytn\u00fd k tomu, aby americk\u00fd Kongres mohl ud\u011blit souhlas s vysl\u00e1n\u00edm americk\u00fdch voj\u00e1k\u016f<\/strong>\u00a0do v\u00e1le\u010dn\u00e9 operace mimo \u00fazem\u00ed USA. Mimochodem, vlivn\u00fd americk\u00fd sen\u00e1tor Richard Blumenthal informoval po skon\u010den\u00ed zased\u00e1n\u00ed Trumpovy vl\u00e1dy, \u017ee se ob\u00e1v\u00e1, \u017ee vysl\u00e1n\u00ed americk\u00fdch jednotek do \u00cdr\u00e1nu je re\u00e1ln\u011bj\u0161\u00ed ne\u017e kdy jindy, a \u017ee opravdu dojde k vysl\u00e1n\u00ed americk\u00fdch voj\u00e1k\u016f. Prost\u011b se te\u010f hledaj\u00ed u\u017e jen z\u00e1konn\u00e9 d\u016fvody, aby to Kongres odsouhlasil.<\/p>\n<p>&nbsp;<\/p>\n<div id=\"rumble_v74k4l2\">\n<div id=\"vid_v74k4l2\" class=\"rumble_v74k4l2-Rumble-cls\" tabindex=\"-1\"><div class='videoWrapper'>\r\n\t            <iframe src='https:\/\/rumble.com\/embed\/pj.v74k4l2\/' frameborder='0' allowfullscreen><\/iframe>\r\n\t        <\/div><\/div>\n<\/div>\n<p>&nbsp;<\/p>\n<p>Podle z\u00e1kona m\u016f\u017ee Kongres vyslat americk\u00e9 voj\u00e1ky jen v p\u0159\u00edpadech, kdy n\u011bjak\u00e1 zem\u011b vyhl\u00e1s\u00ed ofici\u00e1ln\u011b USA v\u00e1lku, anebo n\u011bjak\u00e1 zem\u011b prokazateln\u011b za\u00fato\u010d\u00ed na americk\u00e9 \u00fazem\u00ed \u010di v\u00fdsostn\u00e1 \u00fazem\u00ed nebo v\u00fdsostn\u00e9 paluby, anebo pokud je n\u011bjak\u00e1 zem\u011b akt\u00e9rem st\u00e1tn\u00edho terorismu proti americk\u00fdm ob\u010dan\u016fm \u010di voj\u00e1k\u016fm.<\/p>\n<p>A proto\u017ee ji\u017e zem\u0159elo 6 americk\u00fdch voj\u00e1k\u016f po \u00fatoku \u00edr\u00e1nsk\u00fdch dron\u016f, a proto\u017ee do\u0161lo k \u00fatok\u016fm dav\u016f na americk\u00e9 ambas\u00e1dy, kter\u00e9 \u00fadajn\u011b sponzoruje a \u0159\u00edd\u00ed Teher\u00e1n, tak Sen\u00e1t zvolil p\u0159esn\u011b tento postup. P\u0159ijal usnesen\u00ed o tom, \u017ee \u00cdr\u00e1n je zem\u011b provozuj\u00edc\u00ed st\u00e1tn\u00ed terorismus. Toto usnesen\u00ed Sen\u00e1tu je\u00a0<em>casus belli<\/em>\u00a0pro pozemn\u00ed invazi americk\u00e9 arm\u00e1dy do \u00cdr\u00e1nu. A je jasn\u00e9, \u017ee t\u00e9 invaze se budou \u00fa\u010dastnit i n\u011bkter\u00e9 zem\u011b NATO.<\/p>\n<h3>\u010cek\u00e1me na Ameri\u010dany a na jejich pozemn\u00ed invazi!<\/h3>\n<p>V\u0161echna americk\u00e1 m\u00e9dia ji\u017e maj\u00ed de facto stejn\u00e9 informace jako my v redakci, tedy \u017ee o invazi americk\u00e9 arm\u00e1dy do \u00cdr\u00e1nu je ji\u017e rozhodnuto, tak\u017ee te\u010f se jenom \u0159e\u0161\u00ed pr\u00e1vn\u00ed rovina cel\u00e9 operace, co je pot\u0159eba k souhlasu Kongresu, a rovn\u011b\u017e jedn\u00e1n\u00ed v NATO s partnery.<\/p>\n<p>A to v p\u0159\u00edsn\u00e9m utajen\u00ed, aby se zjistilo, kdo je a kdo nen\u00ed ochotn\u00fd poslat do operace sv\u00e9 jednotky po boku americk\u00e9 arm\u00e1dy. Nen\u00ed proto divu, \u017ee NBC si znovu pozvala k rozhovoru \u00edr\u00e1nsk\u00e9ho ministra zahrani\u010d\u00ed Saj\u00edda Abb\u00e1se Aragh\u010d\u00edho a moder\u00e1tor se ho ptal, co bude \u00cdr\u00e1n d\u011blat, kdy\u017e dojde k pozemn\u00ed invazi americk\u00e9 arm\u00e1dy.\u00a0<strong>Ministr na to odpov\u011bd\u011bl \u0161okuj\u00edc\u00edm zp\u016fsobem, kdy\u017e \u0159ekl, \u017ee na Ameri\u010dany \u010dekaj\u00ed.<\/strong>\u00a0S mo\u017enost\u00ed americk\u00e9 pozemn\u00ed invaze pr\u00fd \u00cdr\u00e1n po\u010d\u00edt\u00e1 a je na ni p\u0159ipraven.<\/p>\n<p>&nbsp;<\/p>\n<div id=\"rumble_v74jowk\">\n<div id=\"vid_v74jowk\" class=\"rumble_v74jowk-Rumble-cls\" tabindex=\"-1\"><div class='videoWrapper'>\r\n\t            <iframe src='https:\/\/rumble.com\/embed\/pj.v74jowk\/' frameborder='0' allowfullscreen><\/iframe>\r\n\t        <\/div><\/div>\n<\/div>\n<p>&nbsp;<\/p>\n<p>Pokud k n\u00ed dojde, bude to pr\u00fd pro americkou arm\u00e1du naprost\u00e1 katastrofa. Moder\u00e1tor byl z odpov\u011bdi opravdu rozhozen\u00fd, ale nen\u00ed jasn\u00e9, jestli t\u00edm, co sly\u0161el v odpov\u011bdi, anebo sp\u00ed\u0161 t\u00edm, \u017ee reakce ministra znamen\u00e1, \u017ee o invazi je opravdu ji\u017e rozhodnuto a \u00edr\u00e1nsk\u00e1 rozv\u011bdka u\u017e pova\u017euje invazi rovn\u011b\u017e za hotovou v\u011bc. Je jasn\u00e9, \u017ee Pl\u00e1n A prost\u011b selhal a zabit\u00ed duchovn\u00edho l\u00eddra \u00cdr\u00e1nu prost\u011b re\u017eim nepovalilo, naopak sp\u00ed\u0161 sjednotilo, tak\u017ee USA zb\u00fdv\u00e1 jenom Pl\u00e1n B, a to je pozemn\u00ed invaze americk\u00e9 arm\u00e1dy dopln\u011bn\u00e1 o u\u017eite\u010dn\u00e9 idioty z \u0159ad dal\u0161\u00edch zem\u00ed NATO.<\/p>\n<h3>Trump byl obvin\u011bn, \u017ee pohlavn\u011b zneu\u017eil n\u00e1ctiletou d\u00edvku, kterou mu p\u0159ivedl Jeffrey Epstein jako lolitku<\/h3>\n<p>A proto\u017ee s t\u00edmto pl\u00e1nem se nepo\u010d\u00edtalo v Pentagonu, resp. nikdo se ho necht\u011bl do\u010dkat, tak je jasn\u00e9, \u017ee n\u011bkdo je te\u010f na Trumpa na\u0161tvan\u00fd zp\u016fsobem, kter\u00fd nejde popsat, a proto do\u0161lo k uvoln\u011bn\u00ed v\u00fdbu\u0161n\u00e9ho kompro materi\u00e1lu z Epsteinov\u00fdch spis\u016f na Trumpa.<\/p>\n<p><strong>Ministerstvo spravedlnosti USA toti\u017e zve\u0159ejnilo [<a href=\"https:\/\/href.li\/?https:\/\/www.politico.com\/news\/2026\/03\/05\/donald-trump-epstein-files-allegations-00816123\" target=\"_blank\" rel=\"nofollow noopener\">1<\/a>] t\u0159i v\u00fdslechy FBI \u017eeny, kter\u00e1 tvrd\u00ed, \u017ee ji prezident Donald Trump sexu\u00e1ln\u011b zneu\u017eil, kdy\u017e byla mlad\u00e1 teenagerka, pot\u00e9, co mu ji p\u0159edstavil Jeffrey Epstein<\/strong>. Podle shrnut\u00ed FBI z jej\u00edch v\u00fdslech\u016f vy\u0161et\u0159ovateli, zn\u00e1m\u00fdch jako FBI 302, je hlavn\u00edm tvrzen\u00edm t\u00e9to \u017eeny to, \u017ee Trump ji uhodil pot\u00e9, co ho kousla do penisu, kdy\u017e se ji pokou\u0161el p\u0159inutit k or\u00e1ln\u00edmu sexu.<\/p>\n<div class=\"twitter-tweet twitter-tweet-rendered\"><a href=\"https:\/\/x.com\/allenanalysis\/status\/2029935184724844744?ref_src=twsrc%5Etfw%7Ctwcamp%5Etweetembed%7Ctwterm%5E2029935184724844744%7Ctwgr%5E34cd8857743d8de1517b660f2ff82d3691789a5a%7Ctwcon%5Es1_&amp;ref_url=https%3A%2F%2Faeronet.news%2Fnikdo-nechce-bojovat-za-izrael-americky-marinak-vtrhl-do-senatu-kdyz-se-projednavalo-usneseni-o-iranu-ze-pacha-statni-terorismus-aby-se-ziskal-pravni-casus-belli-pro-pozemni-invazi%2F\"><img decoding=\"async\" loading=\"lazy\" class=\"wp-image-101236 aligncenter\" src=\"http:\/\/www.infokuryr.cz\/n\/wp-content\/uploads\/2026\/03\/x1-4-211x300.jpg\" alt=\"\" width=\"332\" height=\"472\" srcset=\"https:\/\/www.infokuryr.cz\/n\/wp-content\/uploads\/2026\/03\/x1-4-211x300.jpg 211w, https:\/\/www.infokuryr.cz\/n\/wp-content\/uploads\/2026\/03\/x1-4.jpg 598w\" sizes=\"(max-width: 332px) 100vw, 332px\" \/><\/a><\/div>\n<p>Tyto t\u0159i soubory p\u0159ich\u00e1zej\u00ed v dob\u011b, kdy demokrat\u00e9 vy\u0161et\u0159uj\u00ed, zda ministerstvo z\u00e1m\u011brn\u011b zadr\u017eelo materi\u00e1ly obsahuj\u00edc\u00ed obvin\u011bn\u00ed Trumpa ze sexu\u00e1ln\u00edho obt\u011b\u017eov\u00e1n\u00ed. V dokumentech z obdob\u00ed mezi srpnem a \u0159\u00edjnem 2019 \u017eena, jej\u00ed\u017e jm\u00e9no bylo za\u010dern\u011bno, tvrd\u00ed, \u017ee kdy\u017e j\u00ed bylo mezi 13 a 15 lety, Epstein ji vzal bu\u010f do New Yorku, nebo do New Jersey, kde ji \u201e<em>ve velmi vysok\u00e9 budov\u011b s obrovsk\u00fdmi pokoji<\/em>\u201c p\u0159edstavil Trumpovi. Trump, jak \u0159ekla, \u201e<em>nem\u011bl r\u00e1d, \u017ee jsem byla kluk-holka<\/em>\u201c, co\u017e podle pozn\u00e1mek z rozhovoru znamenalo, \u017ee byla tomboy.<\/p>\n<h3>Or\u00e1ln\u00ed sex nedopadl dob\u0159e, d\u00edvka Trumpa kousla, ten j\u00ed uhodil do obli\u010deje a potom vyhodil<\/h3>\n<p>\u017dena uvedla, \u017ee v m\u00edstnosti byli p\u0159\u00edtomni dal\u0161\u00ed lid\u00e9, ale nemohla si vzpomenout, kdo to byl. Trump je po\u017e\u00e1dal, aby opustili m\u00edstnost, a pak podle pozn\u00e1mek z rozhovoru \u0159ekl \u201e<em>n\u011bco v tom smyslu, \u017ee j\u00ed uk\u00e1\u017ee, jak se maj\u00ed chovat mal\u00e9 hol\u010di\u010dky<\/em>\u201c.<\/p>\n<p><strong>Trump si pak rozepnul kalhoty a p\u0159itla\u010dil jej\u00ed hlavu \u201e<em>k jeho penisu<\/em>\u201c, vzpom\u00ednala v rozhovoru. \u0158ekla, \u017ee ho \u201e<em>kousla, a\u017e to bolelo<\/em>\u201c.<\/strong>\u00a0V reakci na to j\u00ed pr\u00fd zat\u00e1hl za vlasy a ude\u0159il ji p\u011bst\u00ed do boku hlavy. \u201e<em>Vyho\u010fte tu malou d\u011bvku odsud,<\/em>\u201c vzpom\u00edn\u00e1 si \u017eena, \u017ee \u0159ekl. V tu chv\u00edli, jak \u0159\u00edk\u00e1, lid\u00e9 znovu vstoupili do m\u00edstnosti. Mimochodem, Trump p\u0159edv\u00e1d\u011bl or\u00e1ln\u00ed sex s mikrofonem i b\u011bhem volebn\u00ed kampan\u011b v roce 2024.<\/p>\n<div class=\"twitter-tweet twitter-tweet-rendered\"><a href=\"https:\/\/x.com\/LeftyWinter\/status\/1852563009731952651?ref_src=twsrc%5Etfw%7Ctwcamp%5Etweetembed%7Ctwterm%5E1852563009731952651%7Ctwgr%5E34cd8857743d8de1517b660f2ff82d3691789a5a%7Ctwcon%5Es1_&amp;ref_url=https%3A%2F%2Faeronet.news%2Fnikdo-nechce-bojovat-za-izrael-americky-marinak-vtrhl-do-senatu-kdyz-se-projednavalo-usneseni-o-iranu-ze-pacha-statni-terorismus-aby-se-ziskal-pravni-casus-belli-pro-pozemni-invazi%2F\"><img decoding=\"async\" loading=\"lazy\" class=\"wp-image-101237 aligncenter\" src=\"http:\/\/www.infokuryr.cz\/n\/wp-content\/uploads\/2026\/03\/x2-4-285x300.jpg\" alt=\"\" width=\"500\" height=\"526\" srcset=\"https:\/\/www.infokuryr.cz\/n\/wp-content\/uploads\/2026\/03\/x2-4-285x300.jpg 285w, https:\/\/www.infokuryr.cz\/n\/wp-content\/uploads\/2026\/03\/x2-4.jpg 600w\" sizes=\"(max-width: 500px) 100vw, 500px\" \/><\/a><\/div>\n<p>V\u00fdslechy FBI neobsahuj\u00ed informace o tom, jak incident skon\u010dil ani jak \u017eena z t\u00e9to situace unikla. V jednom z rozhovor\u016f \u017eena prozradila, \u017ee za\u010dala spolupracovat s pr\u00e1vn\u00edky a \u201e<em>cht\u011bla b\u00fdt up\u0159\u00edmn\u00e1<\/em>\u201c ohledn\u011b \u201e<em>sv\u00e9ho prob\u00edhaj\u00edc\u00edho ob\u010dansk\u00e9ho soudn\u00edho \u0159\u00edzen\u00ed pro p\u0159\u00edpad, \u017ee by agenti zjistili, \u017ee by mohlo doj\u00edt ke st\u0159etu z\u00e1jm\u016f<\/em>\u201c.<\/p>\n<p>\u017dena uvedla, \u017ee ona nebo jej\u00ed bl\u00edzc\u00ed dostali s\u00e9rii v\u00fdhru\u017en\u00fdch telefon\u00e1t\u016f, z nich\u017e jeden obsahoval vzkaz zanechan\u00fd na telefonu jej\u00edho kolegy, ale ur\u010den\u00fd j\u00ed. FBI \u0159ekla, \u017ee se domn\u00edv\u00e1, \u017ee tyto telefon\u00e1ty souvisej\u00ed s Epsteinem, a \u201e<em>ti\u0161e prohl\u00e1sila, \u017ee pokud to nebyl Epstein, mo\u017en\u00e1 to byl ten \u201adruh\u00fd<\/em>\u2018\u201c.<\/p>\n<h3>Trump splnil sv\u016fj \u00fakol a zat\u00e1hl USA do v\u00e1lky s \u00cdr\u00e1nem, co\u017e byl odv\u011bk\u00fd sen Izraele, kter\u00fd \u017e\u00e1dn\u00fd prezident USA necht\u011bl splnit\u2026 a\u017e Trump!<\/h3>\n<p>Kdy\u017e ji agenti t\u00e1zali, koho t\u00edm mysl\u00ed toho druh\u00e9ho, tak uvedla podle z\u00e1znam\u016f z v\u00fdslechu, \u017ee t\u00edm mysl\u00ed Trumpa. Nen\u00ed prost\u011b divu, \u017ee tohle bylo zve\u0159ejn\u011bno pr\u00e1v\u011b ve chv\u00edli, kdy\u00a0<strong>Trump je v konc\u00edch, trp\u00ed deluzorn\u00edmi p\u0159edstavami, bludy, a dokonce vyzval \u00cdr\u00e1n k bezpodm\u00edne\u010dn\u00e9 kapitulaci [<a href=\"https:\/\/href.li\/?https:\/\/www.bbc.com\/news\/articles\/c5yq82k1wk8o\" target=\"_blank\" rel=\"nofollow noopener\">2<\/a>]<\/strong>, a \u017ee to bude on, kdo bude sestavovat novou \u00edr\u00e1nskou vl\u00e1du. Trump zkr\u00e1tka poslou\u017eil Chabadu jako ten, kdo zap\u00e1lil na pokyn Izraele cel\u00fd Bl\u00edzk\u00fd v\u00fdchod a ameri\u010dt\u00ed voj\u00e1ci te\u010f p\u016fjdou do dal\u0161\u00ed d\u011bsiv\u00e9 v\u00e1lky, \u010dek\u00e1 je dal\u0161\u00ed Vietnam.<\/p>\n<figure id=\"attachment_62572\" class=\"wp-caption aligncenter\" style=\"width: 707px;\"><a href=\"https:\/\/aeronet.news\/wp-content\/uploads\/TrumpSchneersonGrave.jpg\"><img decoding=\"async\" loading=\"lazy\" class=\"wp-image-62572 \" src=\"https:\/\/aeronet.news\/wp-content\/uploads\/TrumpSchneersonGrave-1024x576.jpg\" sizes=\"(max-width: 700px) 100vw, 700px\" srcset=\"https:\/\/aeronet.news\/wp-content\/uploads\/TrumpSchneersonGrave-1024x576.jpg 1024w, https:\/\/aeronet.news\/wp-content\/uploads\/TrumpSchneersonGrave-300x169.jpg 300w, https:\/\/aeronet.news\/wp-content\/uploads\/TrumpSchneersonGrave-768x432.jpg 768w, https:\/\/aeronet.news\/wp-content\/uploads\/TrumpSchneersonGrave-700x394.jpg 700w, https:\/\/aeronet.news\/wp-content\/uploads\/TrumpSchneersonGrave-635x357.jpg 635w, https:\/\/aeronet.news\/wp-content\/uploads\/TrumpSchneersonGrave-859x483.jpg 859w, https:\/\/aeronet.news\/wp-content\/uploads\/TrumpSchneersonGrave.jpg 1280w\" alt=\"\" width=\"707\" height=\"398\" \/><\/a><figcaption class=\"wp-caption-text\">Trump u hrobu nejvy\u0161\u0161\u00edho rab\u00edna Chabadu, jeho excelence Menachem Mendel Schneersona, 7. \u0159\u00edjna 2024 v New Yorku<\/figcaption><\/figure>\n<p>Epsteinovy spisy jsou zkr\u00e1tka n\u00e1strojem nejen n\u00e1tlaku, ale i odstavov\u00e1n\u00ed nepohodln\u00fdch lid\u00ed. A rozpout\u00e1n\u00ed v\u00e1lky s \u00cdr\u00e1nem, kter\u00fd nep\u016fjde porazit vzdu\u0161n\u011b a letecky, ani zabit\u00edm duchovn\u00edho v\u016fdce, prost\u011b znamen\u00e1 selh\u00e1n\u00ed Trumpova \u0159\u00edzen\u00ed, kter\u00fd sice zabil v\u016fdce \u00cdr\u00e1nu, ale t\u00edm rozpoutal Svatou v\u00e1lku se 400 miliony \u0160\u00edit\u016f po cel\u00e9m sv\u011bt\u011b, nejen v\u00e1lku s \u00cdr\u00e1nem, a to nav\u00edc bez v\u00fdsledku, tedy bez p\u00e1du \u00edr\u00e1nsk\u00e9 vl\u00e1dy.<\/p>\n<p>Trump zkr\u00e1tka nakonec dojede na sv\u00e9 avantury, ale spln\u00ed z\u00e1klad, pro kter\u00fd byl podruh\u00e9 p\u0159iveden do B\u00edl\u00e9ho domu \u2013 spln\u00ed sen Chabadu v pl\u00e1nu na Velk\u00fd Izrael a zat\u00e1hl USA do v\u00e1lky s \u00cdr\u00e1nem. To hlavn\u00ed, pro\u010d ho dostali k moci. Jakmile v\u00e1lka vypukne naplno a za\u010dne invaze do \u00cdr\u00e1nu a za\u010dnou zp\u00e1tky do USA proudit zinkov\u00e9 rakve zakryt\u00e9 americk\u00fdmi vlajkami, nebude u\u017e d\u016fvod d\u00e1l Trumpa dr\u017eet v B\u00edl\u00e9m dom\u011b. Prost\u011b se ho zbav\u00ed. A to je realita.<\/p>\n<p><a href=\"https:\/\/aeronet.news\/nikdo-nechce-bojovat-za-izrael-americky-marinak-vtrhl-do-senatu-kdyz-se-projednavalo-usneseni-o-iranu-ze-pacha-statni-terorismus-aby-se-ziskal-pravni-casus-belli-pro-pozemni-invazi\/\">-VK-<\/a><\/p>\n<p>&nbsp;<\/p>\n","protected":false},"excerpt":{"rendered":"<p>Nikdo nechce bojovat za Izrael! Americk\u00fd mari\u0148\u00e1k vtrhl do Sen\u00e1tu, kdy\u017e se projedn\u00e1valo usnesen\u00ed o&#8230;<\/p>\n","protected":false},"author":2,"featured_media":101235,"comment_status":"closed","ping_status":"closed","sticky":false,"template":"","format":"standard","meta":[],"categories":[6],"tags":[1042,38,37,40,5135],"_links":{"self":[{"href":"https:\/\/www.infokuryr.cz\/n\/wp-json\/wp\/v2\/posts\/101234"}],"collection":[{"href":"https:\/\/www.infokuryr.cz\/n\/wp-json\/wp\/v2\/posts"}],"about":[{"href":"https:\/\/www.infokuryr.cz\/n\/wp-json\/wp\/v2\/types\/post"}],"author":[{"embeddable":true,"href":"https:\/\/www.infokuryr.cz\/n\/wp-json\/wp\/v2\/users\/2"}],"replies":[{"embeddable":true,"href":"https:\/\/www.infokuryr.cz\/n\/wp-json\/wp\/v2\/comments?post=101234"}],"version-history":[{"count":0,"href":"https:\/\/www.infokuryr.cz\/n\/wp-json\/wp\/v2\/posts\/101234\/revisions"}],"wp:featuredmedia":[{"embeddable":true,"href":"https:\/\/www.infokuryr.cz\/n\/wp-json\/wp\/v2\/media\/101235"}],"wp:attachment":[{"href":"https:\/\/www.infokuryr.cz\/n\/wp-json\/wp\/v2\/media?parent=101234"}],"wp:term":[{"taxonomy":"category","embeddable":true,"href":"https:\/\/www.infokuryr.cz\/n\/wp-json\/wp\/v2\/categories?post=101234"},{"taxonomy":"post_tag","embeddable":true,"href":"https:\/\/www.infokuryr.cz\/n\/wp-json\/wp\/v2\/tags?post=101234"}],"curies":[{"name":"wp","href":"https:\/\/api.w.org\/{rel}","templated":true}]}}