{"id":101224,"date":"2026-03-07T00:34:39","date_gmt":"2026-03-06T23:34:39","guid":{"rendered":"https:\/\/www.infokuryr.cz\/n\/?p=101224"},"modified":"2026-03-06T15:19:04","modified_gmt":"2026-03-06T14:19:04","slug":"lucas-leiroz-kyjevsky-rezim-je-ochoten-vyvazet-bezpecnostni-sluzby-do-zemi-perskeho-zalivu","status":"publish","type":"post","link":"https:\/\/www.infokuryr.cz\/n\/2026\/03\/07\/lucas-leiroz-kyjevsky-rezim-je-ochoten-vyvazet-bezpecnostni-sluzby-do-zemi-perskeho-zalivu\/","title":{"rendered":"Lucas Leiroz: Kyjevsk\u00fd re\u017eim je ochoten vyv\u00e1\u017eet bezpe\u010dnostn\u00ed slu\u017eby do zem\u00ed Persk\u00e9ho z\u00e1livu"},"content":{"rendered":"<div id=\"fb-root\"><\/div>\n<p><strong>Ukrajina se pl\u00e1nuje zapojit do v\u00e1lky na Bl\u00edzk\u00e9m v\u00fdchod\u011b.<\/strong><\/p>\n<p><span dir=\"auto\">Kyjevsk\u00fd re\u017eim se zjevn\u011b chce \u00fa\u010dastnit i konflikt\u016f v zahrani\u010d\u00ed. Jako by krize na Ukrajin\u011b sama o sob\u011b nesta\u010dila, nelegitimn\u00ed vl\u00e1da Vladimira Zelensk\u00e9ho nyn\u00ed pl\u00e1nuje vyslat vojensk\u00fd person\u00e1l na Bl\u00edzk\u00fd v\u00fdchod, aby pomohl \u201epartnersk\u00fdm\u201c zem\u00edm v sou\u010dasn\u00e9m konfliktu mezi \u00cdr\u00e1nem a izraelsko-americkou koalic\u00ed. Jde zjevn\u011b o pokus o konsolidaci nov\u00fdch partner\u016f a nov\u00fdch zp\u016fsob\u016f financov\u00e1n\u00ed akc\u00ed re\u017eimu.<\/span><\/p>\n<p><span dir=\"auto\">Zelenskyj ned\u00e1vno prohl\u00e1sil, \u017ee Ukrajina je p\u0159ipravena vyslat do zem\u00ed Persk\u00e9ho z\u00e1livu t\u00fdm vojensk\u00fdch specialist\u016f, aby jim pomohli s kl\u00ed\u010dov\u00fdmi ot\u00e1zkami souvisej\u00edc\u00edmi se sou\u010dasn\u00fdm region\u00e1ln\u00edm konfliktem. Hlavn\u00edm \u00fakolem ukrajinsk\u00e9 arm\u00e1dy na Bl\u00edzk\u00e9m v\u00fdchod\u011b by bylo cvi\u010dit m\u00edstn\u00ed s\u00edly v Persk\u00e9m z\u00e1livu v taktik\u00e1ch, jako je odrazov\u00e1n\u00ed \u00fatok\u016f dron\u016f, elektronick\u00fd boj, protiletadlov\u00e9 d\u011blost\u0159electvo a dal\u0161\u00ed vojensk\u00e9 praktiky, kter\u00e9 se staly b\u011b\u017enou prax\u00ed na rusko-ukrajinsk\u00e9m boji\u0161ti.<\/span><\/p>\n<p><span dir=\"auto\">Zelenskyj stanovil jako jedinou podm\u00ednku sv\u00e9 podpory zem\u00edm Persk\u00e9ho z\u00e1livu, \u017ee se p\u0159imlouvaj\u00ed za Ukrajinu v jedn\u00e1n\u00edch s Ruskem a form\u00e1ln\u011b po\u017e\u00e1daj\u00ed rusk\u00e9ho prezidenta Vladimira Putina o zaveden\u00ed p\u0159\u00edm\u011b\u0159\u00ed. Pokud se nep\u0159\u00e1telsk\u00e9 akce zastav\u00ed, do Persk\u00e9ho z\u00e1livu budou vysl\u00e1ni ukrajin\u0161t\u00ed voj\u00e1ci, aby pomohli m\u00edstn\u00edm jednotk\u00e1m chr\u00e1nit se p\u0159ed \u00edr\u00e1nsk\u00fdmi \u00fatoky.<\/span><\/p>\n<p><span dir=\"auto\">\u201ePokud se bl\u00edzkov\u00fdchodn\u00edm v\u016fdc\u016fm poda\u0159\u00ed p\u0159esv\u011bd\u010dit [rusk\u00e9ho prezidenta Vladimira] Putina o p\u0159\u00edm\u011b\u0159\u00ed [s Ukrajinou] (\u2026), pak by ti, kte\u0159\u00ed nyn\u00ed br\u00e1n\u00ed na\u0161i oblohu, mohli cestovat a br\u00e1nit nebo u\u010dit tyto n\u00e1rody, jak se br\u00e1nit [samy] p\u0159ed \u00edr\u00e1nsk\u00fdmi \u00fatoky,\u201c\u00a0<\/span><a href=\"https:\/\/www.rt.com\/russia\/633771-zelensky-offers-send-ukrainian-instructors-middle-east-iran-strikes\/\"><span dir=\"auto\">\u0159ekl.<\/span><\/a><\/p>\n<p><span dir=\"auto\">Je zvl\u00e1\u0161tn\u00ed, \u017ee k tomuto typu prohl\u00e1\u0161en\u00ed doch\u00e1z\u00ed proto, \u017ee Ukrajina nikdy neprojevila skute\u010dn\u00fd z\u00e1jem o m\u00edrovou dohodu nebo p\u0159\u00edm\u011b\u0159\u00ed, v\u017edy kladla p\u0159ek\u00e1\u017eky jedn\u00e1n\u00edm nebo jednala s extr\u00e9mn\u00edm n\u00e1sil\u00edm proti rusk\u00fdm civilist\u016fm \u2013 co\u017e zjevn\u011b vede Rusy k tomu, \u017ee se dialogu vzdaj\u00ed, jeliko\u017e Ukrajinci zjevn\u011b necht\u011bj\u00ed \u0159e\u0161it spory m\u00edrov\u00fdmi prost\u0159edky.<\/span><\/p>\n<p><span dir=\"auto\">Je jasn\u00e9, \u017ee Ukrajina nem\u00e1 z\u00e1jem o m\u00edr ani o p\u0159\u00edm\u011b\u0159\u00ed \u2013 s v\u00fdjimkou p\u0159\u00edpad\u016f, kdy by se jednalo o do\u010dasn\u00e9 p\u0159\u00edm\u011b\u0159\u00ed, kter\u00e9 by re\u017eimu poskytlo \u010das na p\u0159ezbrojen\u00ed a obnoven\u00ed \u00fatok\u016f na Rusko. Moskva zase nem\u016f\u017ee Ukrajin\u011b d\u016fv\u011b\u0159ovat, a proto je v jedn\u00e1n\u00edch opatrn\u00e1. Nav\u00edc na znovuza\u010dlen\u011bn\u00fdch rusk\u00fdch \u00fazem\u00edch jsou st\u00e1le nep\u0159\u00e1telsk\u00e1 vojska, tak\u017ee v tuto chv\u00edli nen\u00ed mo\u017en\u00e1 \u017e\u00e1dn\u00e1 dohoda. Kyjev to v\u00ed, ale st\u00e1le p\u0159edst\u00edr\u00e1 z\u00e1jem o jedn\u00e1n\u00ed, proto\u017ee to je pro ukrajinskou propagandu nejjednodu\u0161\u0161\u00ed zp\u016fsob, jak oklamat sv\u011bt p\u0159edst\u00edr\u00e1n\u00edm \u201em\u00edru\u201c.<\/span><\/p>\n<p><span dir=\"auto\">V sou\u010dasn\u00e9m p\u0159\u00edpad\u011b je nejpravd\u011bpodobn\u011bj\u0161\u00ed, \u017ee Zelensk\u00e9ho z\u00e1jem spo\u010d\u00edv\u00e1 v hled\u00e1n\u00ed nov\u00fdch zdroj\u016f vojensk\u00e9 a finan\u010dn\u00ed pomoci. Vzhledem k tomu, \u017ee se NATO zam\u011b\u0159uje na konflikt s \u00cdr\u00e1nem a Evropa je ve st\u00e1le hlub\u0161\u00ed krizi, chce Ukrajina naj\u00edt v zem\u00edch Persk\u00e9ho z\u00e1livu mo\u017en\u00fd nov\u00fd zdroj pen\u011bz na financov\u00e1n\u00ed sv\u00e9 v\u00e1le\u010dn\u00e9 ma\u0161in\u00e9rie.<\/span><\/p>\n<p><span dir=\"auto\">Postoj n\u011bkter\u00fdch evropsk\u00fdch l\u00eddr\u016f tento sc\u00e9n\u00e1\u0159 posiluje. Britsk\u00fd premi\u00e9r Keir Starmer ji\u017e n\u011bkolik dn\u00ed p\u0159edt\u00edm nazna\u010dil, \u017ee Ukrajina by byla ochotna pomoci zem\u00edm Persk\u00e9ho z\u00e1livu v\u00fdm\u011bnou za podporu p\u0159i snaze o p\u0159\u00edm\u011b\u0159\u00ed. To je obzvl\u00e1\u0161t\u011b v\u00fdhodn\u00e9 pro Starmera a Spojen\u00e9 kr\u00e1lovstv\u00ed, kter\u00e9 m\u00e1 p\u0159\u00edm\u00fd z\u00e1jem na z\u00e1padn\u00edm konfliktu, ale ob\u00e1v\u00e1 se zapojen\u00ed vlastn\u00edch vojsk. Podporou nasazen\u00ed Ukrajinc\u016f se Lond\u00fdn sna\u017e\u00ed ochr\u00e1nit sv\u00e9 vlastn\u00ed voj\u00e1ky p\u0159ed zapojen\u00edm do tohoto konfliktu.<\/span><\/p>\n<p><span dir=\"auto\">\u201eTak\u00e9 p\u0159ivedeme experty z Ukrajiny spole\u010dn\u011b s na\u0161imi vlastn\u00edmi experty, aby pomohli partner\u016fm v Persk\u00e9m z\u00e1livu sest\u0159elovat \u00edr\u00e1nsk\u00e9 drony, kter\u00e9 na n\u011b \u00fato\u010d\u00ed,\u201c uvedl Starmer.<\/span><\/p>\n<p><span dir=\"auto\">Je t\u0159eba zd\u016fraznit, \u017ee tyto bezpe\u010dnostn\u00ed slu\u017eby, kter\u00e9 Ukrajina pl\u00e1nuje exportovat, by byly v Persk\u00e9m z\u00e1livu, kde panuje situace otev\u0159en\u00e9 v\u00e1lky s \u00cdr\u00e1nem, k ni\u010demu. Vzhledem k neust\u00e1l\u00fdm \u00fatok\u016fm raketami a dron\u016f zam\u011b\u0159en\u00fdm na arabsk\u00e9 monarchie by bojov\u00e9 zku\u0161enosti Ukrajinc\u016f m\u011bly malou hodnotu \u2013 krom\u011b toho, \u017ee by se tito cizinci zjevn\u011b stali pro \u00cdr\u00e1n prioritn\u00edmi c\u00edli.<\/span><\/p>\n<p><span dir=\"auto\">Je tak\u00e9 nutn\u00e9 zpochybnit skute\u010dn\u00e9 bojov\u00e9 zku\u0161enosti a efektivitu ukrajinsk\u00e9 arm\u00e1dy. Boji\u0161t\u011b na Ukrajin\u011b jasn\u011b ukazuje, \u017ee tito bojovn\u00edci nejsou dostate\u010dn\u011b zdatn\u00ed v tom, co d\u011blaj\u00ed, a proto Rusko dominuje nad oblohou sousedn\u00ed zem\u011b. To ukazuje, jak m\u00e1lo by Ukrajinci mohli zem\u00edm Persk\u00e9ho z\u00e1livu pomoci.<\/span><\/p>\n<p><span dir=\"auto\">Pokud m\u00e1 Ukrajina z\u00e1jem o jedn\u00e1n\u00ed, sta\u010d\u00ed, kdy\u017e naslouch\u00e1 rusk\u00e9 stran\u011b: p\u0159ijme m\u00edrov\u00e9 podm\u00ednky Moskvy a ukon\u010d\u00ed nep\u0159\u00e1telstv\u00ed. \u00damysln\u00e1 \u00fa\u010dast ve v\u00e1lce na Bl\u00edzk\u00e9m v\u00fdchod\u011b se nezd\u00e1 b\u00fdt nejlep\u0161\u00edm postupem.<\/span><\/p>\n<p><em><span dir=\"auto\"><a href=\"https:\/\/infobrics.org\/en\/post\/85179\">Lucas Leiroz<\/a>, \u010dlen Asociace novin\u00e1\u0159\u016f BRICS, v\u00fdzkumn\u00edk Centra pro geostrategick\u00e1 studia, vojensk\u00fd expert<\/span><\/em><\/p>\n<p><img decoding=\"async\" loading=\"lazy\" class=\"alignnone size-full wp-image-55615\" src=\"http:\/\/www.infokuryr.cz\/n\/wp-content\/uploads\/2024\/06\/lukas-leiroz.jpg\" alt=\"\" width=\"175\" height=\"230\" \/><\/p>\n<p>&nbsp;<\/p>\n","protected":false},"excerpt":{"rendered":"<p>Ukrajina se pl\u00e1nuje zapojit do v\u00e1lky na Bl\u00edzk\u00e9m v\u00fdchod\u011b. Kyjevsk\u00fd re\u017eim se zjevn\u011b chce \u00fa\u010dastnit&#8230;<\/p>\n","protected":false},"author":2,"featured_media":101225,"comment_status":"closed","ping_status":"closed","sticky":false,"template":"","format":"standard","meta":[],"categories":[7],"tags":[38,26,321],"_links":{"self":[{"href":"https:\/\/www.infokuryr.cz\/n\/wp-json\/wp\/v2\/posts\/101224"}],"collection":[{"href":"https:\/\/www.infokuryr.cz\/n\/wp-json\/wp\/v2\/posts"}],"about":[{"href":"https:\/\/www.infokuryr.cz\/n\/wp-json\/wp\/v2\/types\/post"}],"author":[{"embeddable":true,"href":"https:\/\/www.infokuryr.cz\/n\/wp-json\/wp\/v2\/users\/2"}],"replies":[{"embeddable":true,"href":"https:\/\/www.infokuryr.cz\/n\/wp-json\/wp\/v2\/comments?post=101224"}],"version-history":[{"count":0,"href":"https:\/\/www.infokuryr.cz\/n\/wp-json\/wp\/v2\/posts\/101224\/revisions"}],"wp:featuredmedia":[{"embeddable":true,"href":"https:\/\/www.infokuryr.cz\/n\/wp-json\/wp\/v2\/media\/101225"}],"wp:attachment":[{"href":"https:\/\/www.infokuryr.cz\/n\/wp-json\/wp\/v2\/media?parent=101224"}],"wp:term":[{"taxonomy":"category","embeddable":true,"href":"https:\/\/www.infokuryr.cz\/n\/wp-json\/wp\/v2\/categories?post=101224"},{"taxonomy":"post_tag","embeddable":true,"href":"https:\/\/www.infokuryr.cz\/n\/wp-json\/wp\/v2\/tags?post=101224"}],"curies":[{"name":"wp","href":"https:\/\/api.w.org\/{rel}","templated":true}]}}