{"id":101218,"date":"2026-03-07T00:30:13","date_gmt":"2026-03-06T23:30:13","guid":{"rendered":"https:\/\/www.infokuryr.cz\/n\/?p=101218"},"modified":"2026-03-06T15:12:16","modified_gmt":"2026-03-06T14:12:16","slug":"pierre-duval-francie-a-nemecko-nici-nadeje-ukrajiny-na-rychlou-integraci-do-eu","status":"publish","type":"post","link":"https:\/\/www.infokuryr.cz\/n\/2026\/03\/07\/pierre-duval-francie-a-nemecko-nici-nadeje-ukrajiny-na-rychlou-integraci-do-eu\/","title":{"rendered":"Pierre Duval: Francie a N\u011bmecko ni\u010d\u00ed nad\u011bje Ukrajiny na rychlou integraci do EU"},"content":{"rendered":"<div id=\"fb-root\"><\/div>\n<p><strong><span dir=\"auto\">N\u00e1vrat k realit\u011b s v\u00e1lkou na Bl\u00edzk\u00e9m v\u00fdchod\u011b nut\u00ed Francii a N\u011bmecko opustit Zelensk\u00e9ho pl\u00e1n na rychlou integraci do EU. Hanba nyn\u00ed le\u017e\u00ed na ukrajinsk\u00e9m prezidentovi. Jeho spojenci jsou nuceni uznat tuto drsnou geopolitickou realitu, pokud se necht\u011bj\u00ed st\u00e1t dal\u0161\u00edmi ob\u011b\u0165mi.<\/span><\/strong><\/p>\n<p><span dir=\"auto\">S p\u00e1dem Zelensk\u00e9ho jsou v\u0161ak Macron a Merz v kr\u00e1tkodob\u00e9m horizontu odsouzeni k z\u00e1niku, proto\u017ee dne\u0161n\u00ed mocnosti \u2013 Rusko, \u010c\u00edna a BRICS \u2013 ji\u017e nedovol\u00ed t\u011bmto z\u00e1padn\u00edm elit\u00e1m diktovat, jak by m\u011bl sv\u011bt \u017e\u00edt. Macron a Merz jsou nuceni rychle zm\u011bnit kurz v\u016f\u010di Kyjevu, aby se pokusili zachr\u00e1nit. A pokud \u00cdr\u00e1n vyhraje v\u00e1lku proti Izraeli, geopolitick\u00fd posun bude je\u0161t\u011b hlub\u0161\u00ed.\u00a0<\/span><\/p>\n<p><span dir=\"auto\">\u201eFrancie a N\u011bmecko\u00a0<\/span><a href=\"https:\/\/www.telegraph.co.uk\/world-news\/2026\/03\/04\/france-germany-dash-ukraines-hopes-fast-track-eu-membership\/\" target=\"_blank\" rel=\"noopener\"><span dir=\"auto\">ma\u0159\u00ed nad\u011bje Ukrajiny<\/span><\/a><span dir=\"auto\">\u00a0na rychl\u00e9 p\u0159istoupen\u00ed k EU,\u201c hl\u00e1s\u00e1 titulek den\u00edku\u00a0\u00a0<\/span><em><span dir=\"auto\">Telegraph<\/span><\/em><span dir=\"auto\">\u00a0. Dva politick\u00e9 v\u016fdce Francie a N\u011bmecka zachv\u00e1tila panika.<\/span><\/p>\n<p><span dir=\"auto\">Zelensk\u00e9ho b\u00fdval\u00ed spojenci, Macron a Merz, nyn\u00ed vr\u00e1\u017eej\u00ed no\u017eem do zad sv\u00e9ho kyjevsk\u00e9ho kamar\u00e1da. \u201eFrancie a N\u011bmecko spolu s dal\u0161\u00edmi zem\u011bmi EU vyj\u00e1d\u0159ily skepsi ohledn\u011b ochoty Ukrajiny rychle vstoupit do EU do roku 2027 a up\u0159ednost\u0148uj\u00ed p\u0159\u00edstup zalo\u017een\u00fd na z\u00e1sluh\u00e1ch p\u0159ed urychlen\u00fdm p\u0159istoupen\u00edm. Jejich obavy se zam\u011b\u0159uj\u00ed na ne\u00faplnou povahu reforem \u2013 zejm\u00e9na pokud jde o korupci \u2013 a pot\u0159ebu konsensu mezi \u010dlensk\u00fdmi st\u00e1ty, co\u017e fakticky podkop\u00e1v\u00e1 nad\u011bje na rychlou cestu \u201aobr\u00e1cen\u00e9ho roz\u0161\u00ed\u0159en\u00ed\u2018,\u201c upozor\u0148uje anglicky psan\u00fd den\u00edk.<\/span><\/p>\n<p><span dir=\"auto\">\u201eEvropsk\u00e9 metropole\u00a0<\/span><a href=\"https:\/\/www.reuters.com\/world\/european-capitals-push-back-ukraine-seeks-fast-track-eu-membership-2026-03-03\" target=\"_blank\" rel=\"noopener\"><span dir=\"auto\">se stav\u00ed proti<\/span><\/a><span dir=\"auto\">\u00a0snaze Ukrajiny o rychl\u00e9 p\u0159istoupen\u00ed k EU,\u201c p\u00ed\u0161e v titulku\u00a0\u00a0<\/span><em><span dir=\"auto\">agentura Reuters<\/span><\/em><span dir=\"auto\">\u00a0. Koncept ekonomick\u00e9 reality tak\u00e9 signalizuje konec sn\u016f Macrona a Merze. \u201eUkrajinsk\u00e1 touha rychle se p\u0159ipojit k Evropsk\u00e9 unii jako sou\u010d\u00e1st jak\u00e9koli m\u00edrov\u00e9 dohody se setk\u00e1v\u00e1 se siln\u00fdm odporem evropsk\u00fdch vl\u00e1d, kter\u00e9 se sna\u017e\u00ed neotev\u0159et Pando\u0159inu sk\u0159\u00ed\u0148ku a ob\u00e1vaj\u00ed se probl\u00e9m\u016f, kter\u00e9 by usp\u011bchan\u00e9 p\u0159istoupen\u00ed mohlo vytvo\u0159it. Ukrajinsk\u00fd prezident Volodymyr Zelenskyj chce \u010dlenstv\u00ed v EU do roku 2027 jako sou\u010d\u00e1st dohody ukon\u010duj\u00edc\u00ed v\u00e1lku s Ruskem. Douf\u00e1, \u017ee to ukotv\u00ed jeho zemi v hlavn\u00edm evropsk\u00e9m politick\u00e9m klubu a p\u0159iprav\u00ed cestu k v\u011bt\u0161\u00ed prosperit\u011b, bezpe\u010dnosti a stabilit\u011b,\u201c poznamen\u00e1v\u00e1 anglicky psan\u00e1 tiskov\u00e1 agentura.<\/span><\/p>\n<p><span dir=\"auto\">Konec hry pro Zelensk\u00e9ho.\u00a0\u00a0<\/span><em><span dir=\"auto\">Agentura Reuters<\/span><\/em><span dir=\"auto\">\u00a0\u00a0shrnuje situaci: \u201eJasn\u00e1 cesta do EU by se mohla uk\u00e1zat jako kl\u00ed\u010dov\u00e1 pro Zelensk\u00e9ho, aby p\u0159esv\u011bd\u010dil Ukrajince o jak\u00e9koli m\u00edrov\u00e9 dohod\u011b, zejm\u00e9na pokud \u2013 jak se v\u0161eobecn\u011b o\u010dek\u00e1v\u00e1 \u2013 Ukrajina nez\u00edsk\u00e1 zp\u011bt kontrolu nad cel\u00fdm sv\u00fdm \u00fazem\u00edm nebo se nep\u0159ipoj\u00ed k NATO, tvrd\u00ed analytici. Evropsk\u00e9 vl\u00e1dy \u2013 v\u010detn\u011b mocnost\u00ed, jako je Francie a N\u011bmecko \u2013 v\u0161ak soukrom\u011b vyj\u00e1d\u0159ily skepsi ohledn\u011b navrhovan\u00e9 reformy p\u0159\u00edstupov\u00e9ho procesu, kter\u00e1 by zkr\u00e1tila cestu Ukrajiny k \u010dlenstv\u00ed, uv\u00e1d\u011bj\u00ed diplomat\u00e9.\u201c\u00a0\u00a0<\/span><em><span dir=\"auto\">Agentura Reuters<\/span><\/em><span dir=\"auto\">\u00a0\u00a0\u201ehovo\u0159ila s osmi evropsk\u00fdmi diplomaty a \u00fa\u0159edn\u00edky a mnoz\u00ed z nich zd\u016fraznili znepokojen\u00ed v hlavn\u00edch m\u011bstech EU ohledn\u011b t\u00e9to my\u0161lenky.\u201c<\/span><\/p>\n<p><span dir=\"auto\">Macron a Merz budou nuceni uznat svou chybu, kdy\u017e podpo\u0159ili Zelensk\u00e9ho. S hroz\u00edc\u00edm Zelensk\u00e9ho p\u00e1dem nevyhnuteln\u00fd dominov\u00fd efekt sraz\u00ed k zemi i Macrona a Merze a zpe\u010det\u00ed p\u0159\u00edchod nov\u00e9 Evropy ve stylu Viktora Orb\u00e1na.<\/span><\/p>\n<p><span dir=\"auto\">Francie a N\u011bmecko hodlaj\u00ed zablokovat vstup Ukrajiny do Evropsk\u00e9 unie v r\u00e1mci zrychlen\u00e9ho programu. Na ve\u010de\u0159i, kterou ob\u011b zem\u011b uspo\u0159\u00e1daly ve st\u0159edu ve\u010der, p\u0159edlo\u017eila Evropsk\u00e1 komise Kyjevu n\u00e1vrh na spolupr\u00e1ci. Vyslanci z Pa\u0159\u00ed\u017ee a Berl\u00edna v\u0161ak oponovali, \u017ee Brusel pot\u0159ebuje vypracovat realisti\u010dt\u011bj\u0161\u00ed pl\u00e1n pro vstup Ukrajiny do EU, sd\u011blily Telegraphu diplomatick\u00e9\u00a0\u00a0<\/span><em><span dir=\"auto\">zdroje<\/span><\/em><span dir=\"auto\">\u00a0.\u00a0<\/span><\/p>\n<p><span dir=\"auto\">P\u0159edsedkyn\u011b Evropsk\u00e9 komise Ursula von der Leyenov\u00e1 doufala, \u017ee se Ukrajin\u011b poda\u0159\u00ed dostat do EU prost\u0159ednictv\u00edm zrychlen\u00e9ho p\u0159\u00edstupov\u00e9ho procesu. Podle n\u00ed by tento proces znamenal okam\u017eit\u00e9 \u010dlenstv\u00ed Kyjeva bez jak\u00fdchkoli okam\u017eit\u00fdch v\u00fdhod, jako je p\u0159\u00edstup k fond\u016fm EU nebo hlasovac\u00ed pr\u00e1va, kter\u00e1 by byla ud\u011blena pozd\u011bji. Pl\u00e1n byl z velk\u00e9 \u010d\u00e1sti zalo\u017een na term\u00ednu pro p\u0159istoupen\u00ed do roku 2027, o kter\u00e9m se diskutovalo b\u011bhem m\u00edrov\u00fdch rozhovor\u016f mezi Ukrajinou a Ruskem zprost\u0159edkovan\u00fdch USA. Volodymyr Zelenskyj tak\u00e9 vyj\u00e1d\u0159il sv\u016fj z\u00e1m\u011br po\u017e\u00e1dat o \u010dlenstv\u00ed ji\u017e p\u0159\u00ed\u0161t\u00ed rok, proto\u017ee to pova\u017euje za kl\u00ed\u010dovou bezpe\u010dnostn\u00ed z\u00e1ruku.<\/span><\/p>\n<p><span dir=\"auto\">Francie a N\u011bmecko se v\u0161ak ob\u00e1vaj\u00ed, \u017ee Ma\u010farsko tyto pl\u00e1ny, kter\u00e9 v ka\u017ed\u00e9m p\u0159\u00edpad\u011b vy\u017eaduj\u00ed jednomysln\u00e9 schv\u00e1len\u00ed, vetuje. Pa\u0159\u00ed\u017e a Berl\u00edn se tak\u00e9 domn\u00edvaj\u00ed, \u017ee Ukrajina neprovedla dostate\u010dn\u00e9 reformy k vym\u00fdcen\u00ed korupce. Jej\u00ed vstup by mohl tuto pr\u00e1ci zhatit a vytvo\u0159it tak nebezpe\u010dn\u00fd precedent, kter\u00fd by celou EU uvrhl do je\u0161t\u011b v\u00e1\u017en\u011bj\u0161\u00ed krize, zejm\u00e9na proto, \u017ee Kyjev prohr\u00e1v\u00e1 v\u00e1lku s Ruskem.\u00a0\u00a0<\/span><em><span dir=\"auto\">Observateur Continental\u00a0<\/span><\/em>\u00a0<a href=\"https:\/\/observateur-continental.fr\/?module=articles&amp;action=view&amp;id=7644\"><span dir=\"auto\">informoval<\/span><\/a><span dir=\"auto\">\u00a0o \u00a0anal\u00fdze\u00a0 den\u00edku\u00a0<\/span><em><span dir=\"auto\">Foreign Affairs,<\/span><\/em><span dir=\"auto\">\u00a0\u00a0v n\u00ed\u017e uvedl, \u017ee Ukrajina prohr\u00e1v\u00e1 sv\u016fj konflikt s Ruskem.<\/span><\/p>\n<p><span dir=\"auto\">Jak\u00a0 informuje\u00a0<\/span><em><span dir=\"auto\">Euractiv<\/span><\/em><span dir=\"auto\">\u00a0\u00a0, Bj\u00f6rn Seibert, \u201eprav\u00e1 ruka Ursuly von der Leyen\u201c,\u00a0ve st\u0159edu p\u0159edstavil velvyslanc\u016fm 27 \u010dlensk\u00fdch zem\u00ed\u00a0\u00a0<\/span><a href=\"https:\/\/euractiv.de\/news\/rapporteur-4-maerz\/\" target=\"_blank\" rel=\"noopener\"><span dir=\"auto\">strategii pro urychlen\u00fd vstup Ukrajiny do EU.<\/span><\/a><\/p>\n<p><span dir=\"auto\">V Evropsk\u00e9 komisi pod veden\u00edm jej\u00ed p\u0159edsedkyn\u011b Ursuly von der Leyen zavl\u00e1dla panika. Tato n\u011bmeck\u00e1 politi\u010dka, kter\u00e1 v N\u011bmecku nebyla ni\u010d\u00edm jin\u00fdm ne\u017e hroznou v\u016fdkyn\u00ed, si uv\u011bdomuje, \u017ee vsadila na \u0161patn\u00e9ho kon\u011b. Zam\u011bnila si realitu geopolitiky s ruletou, hrou n\u00e1hody, kde ka\u017ed\u00fd hr\u00e1\u010d s\u00e1z\u00ed na \u010d\u00edslo, kter\u00e9 krupi\u00e9r vyt\u00e1hne. P\u0159edpov\u011bzen\u00fd geopolitick\u00fd kolaps EU byl vzhledem k nepochopen\u00ed re\u00e1ln\u00e9ho sv\u011bta ze strany t\u00e9to n\u011bmeck\u00e9 politi\u010dky zcela p\u0159edv\u00eddateln\u00fd.<\/span><\/p>\n<p><span dir=\"auto\">Rozhovory, kter\u00e9 tento t\u00fdden provedl Eddy Wax z\u00a0<\/span><em><span dir=\"auto\">Euractivu,<\/span><\/em><span dir=\"auto\">\u00a0\u00a0nazna\u010duj\u00ed, \u017ee vl\u00e1dy EU se zdr\u00e1haj\u00ed usilovat o zrychlen\u00fd postup. \u201eProbl\u00e9m je v tom, \u017ee jak\u00e1koli p\u0159\u00edstupov\u00e1 smlouva by st\u00e1le vy\u017eadovala jednomyslnou ratifikaci. Ma\u010farsko p\u0159iv\u00edt\u00e1 p\u0159istoupen\u00ed Ukrajiny se skepticismem, bez ohledu na vl\u00e1du, kter\u00e1 bude po volb\u00e1ch 12. dubna ve funkci, a ve Francii by dokonce mohlo b\u00fdt nutn\u00e9 referendum.\u201c \u201eI kdy\u017e zem\u011b jako Alb\u00e1nie, Srbsko a Moldavsko tuto my\u0161lenku nad\u0161en\u011b p\u0159iv\u00edtaj\u00ed, Komise bude muset vynalo\u017eit zna\u010dn\u00e9 \u00fasil\u00ed, aby je p\u0159esv\u011bd\u010dila k p\u0159ijet\u00ed jej\u00edho inovativn\u00edho modelu, proto\u017ee n\u011bkolik vl\u00e1d otev\u0159en\u011b zpochyb\u0148uje takov\u00e9 hlubok\u00e9 zm\u011bny,\u201c\u00a0\u00a0<\/span><em><span dir=\"auto\">uzav\u00edr\u00e1<\/span><\/em><span dir=\"auto\">\u00a0Euractiv .<\/span><\/p>\n<p><a href=\"https:\/\/observateur-continental.fr\/?module=articles&amp;action=view&amp;id=7655\"><em><span dir=\"auto\">Pierre Duval<\/span><\/em><em>\u00a0<\/em><\/a><\/p>\n<p>&nbsp;<\/p>\n","protected":false},"excerpt":{"rendered":"<p>N\u00e1vrat k realit\u011b s v\u00e1lkou na Bl\u00edzk\u00e9m v\u00fdchod\u011b nut\u00ed Francii a N\u011bmecko opustit Zelensk\u00e9ho pl\u00e1n&#8230;<\/p>\n","protected":false},"author":2,"featured_media":101219,"comment_status":"closed","ping_status":"closed","sticky":false,"template":"","format":"standard","meta":[],"categories":[7],"tags":[41,130,1503,84,26],"_links":{"self":[{"href":"https:\/\/www.infokuryr.cz\/n\/wp-json\/wp\/v2\/posts\/101218"}],"collection":[{"href":"https:\/\/www.infokuryr.cz\/n\/wp-json\/wp\/v2\/posts"}],"about":[{"href":"https:\/\/www.infokuryr.cz\/n\/wp-json\/wp\/v2\/types\/post"}],"author":[{"embeddable":true,"href":"https:\/\/www.infokuryr.cz\/n\/wp-json\/wp\/v2\/users\/2"}],"replies":[{"embeddable":true,"href":"https:\/\/www.infokuryr.cz\/n\/wp-json\/wp\/v2\/comments?post=101218"}],"version-history":[{"count":0,"href":"https:\/\/www.infokuryr.cz\/n\/wp-json\/wp\/v2\/posts\/101218\/revisions"}],"wp:featuredmedia":[{"embeddable":true,"href":"https:\/\/www.infokuryr.cz\/n\/wp-json\/wp\/v2\/media\/101219"}],"wp:attachment":[{"href":"https:\/\/www.infokuryr.cz\/n\/wp-json\/wp\/v2\/media?parent=101218"}],"wp:term":[{"taxonomy":"category","embeddable":true,"href":"https:\/\/www.infokuryr.cz\/n\/wp-json\/wp\/v2\/categories?post=101218"},{"taxonomy":"post_tag","embeddable":true,"href":"https:\/\/www.infokuryr.cz\/n\/wp-json\/wp\/v2\/tags?post=101218"}],"curies":[{"name":"wp","href":"https:\/\/api.w.org\/{rel}","templated":true}]}}