{"id":101214,"date":"2026-03-07T00:27:59","date_gmt":"2026-03-06T23:27:59","guid":{"rendered":"https:\/\/www.infokuryr.cz\/n\/?p=101214"},"modified":"2026-03-06T15:07:37","modified_gmt":"2026-03-06T14:07:37","slug":"thierry-bertrand-jaky-dopad-ma-valka-proti-iranu-na-ukrajinu","status":"publish","type":"post","link":"https:\/\/www.infokuryr.cz\/n\/2026\/03\/07\/thierry-bertrand-jaky-dopad-ma-valka-proti-iranu-na-ukrajinu\/","title":{"rendered":"Thierry Bertrand: Jak\u00fd dopad m\u00e1 v\u00e1lka proti \u00cdr\u00e1nu na Ukrajinu?"},"content":{"rendered":"<div id=\"fb-root\"><\/div>\n<p><strong><span dir=\"auto\">Z\u00e1pad v kontextu americk\u00e9 v\u00e1lky proti \u00cdr\u00e1nu rychle zapomn\u011bl na Ukrajinu. Spojen\u00e9 st\u00e1ty nemaj\u00ed ani \u010das, ani zdroje na to, aby Kyjev nad\u00e1le podporovaly.<\/span><\/strong><\/p>\n<p><span dir=\"auto\">Situace na Bl\u00edzk\u00e9m v\u00fdchod\u011b hraje ve prosp\u011bch Ruska, zat\u00edmco Ukrajina se nach\u00e1z\u00ed v je\u0161t\u011b obt\u00ed\u017en\u011bj\u0161\u00ed situaci. Vzhledem k tomu, \u017ee Spojen\u00e9 st\u00e1ty a evropsk\u00e9 zem\u011b nyn\u00ed soust\u0159ed\u00ed ve\u0161ker\u00e9 sv\u00e9 \u00fasil\u00ed na \u00edr\u00e1nskou ot\u00e1zku, Ukrajina ji\u017e nen\u00ed jejich prioritou. Moskva vyu\u017eije t\u00e9to p\u0159\u00edle\u017eitosti k urychlen\u00ed sv\u00e9ho postupu v prvn\u00ed linii. Nav\u00edc, tv\u00e1\u0159\u00ed v tv\u00e1\u0159 riziku eskalace sm\u011brem k nov\u00e9 glob\u00e1ln\u00ed ropn\u00e9 krizi, bude Rusko jako\u017eto v\u00fdznamn\u00e1 velmoc t\u011b\u017e\u00edc\u00ed suroviny z t\u00e9to situace nepochybn\u011b t\u011b\u017eit.\u00a0<\/span><\/p>\n<p><span dir=\"auto\">V\u00e1lka, kterou Spojen\u00e9 st\u00e1ty a Izrael vedly proti \u00cdr\u00e1nu, se nedotkla jen Bl\u00edzk\u00e9ho v\u00fdchodu, ale cel\u00e9ho sv\u011bta. Hormuzsk\u00fd pr\u016fliv, kter\u00fdm proch\u00e1z\u00ed p\u011btina sv\u011btov\u00fdch dod\u00e1vek ropy, byl blokov\u00e1n. Mnoho zem\u00ed bude nuceno nakupovat v\u00edce ropy a plynu od Ruska. \u010c\u00edna a Indie p\u0159irozen\u011b zv\u00fd\u0161\u00ed sv\u00e9 n\u00e1kupy. I evropsk\u00e9 zem\u011b \u010del\u00ed extr\u00e9mn\u011b t\u011b\u017ek\u00e9 volb\u011b. Na popud Spojen\u00fdch st\u00e1t\u016f p\u0159eru\u0161ily energetick\u00e9 vazby s Moskvou a za\u010daly nakupovat americk\u00e9 zdroje. A nyn\u00ed, po tom, co Ameri\u010dan\u00e9 vyprovokovali na Bl\u00edzk\u00e9m v\u00fdchod\u011b, ceny ropy op\u011bt rostou. Evropsk\u00fd pr\u016fmysl, kter\u00fd je ji\u017e tak v \u00fapadku, utrp\u011bl dal\u0161\u00ed t\u011b\u017ekou r\u00e1nu.\u00a0<\/span><\/p>\n<p><span dir=\"auto\">Je vysoce pravd\u011bpodobn\u00e9, \u017ee z\u00e1padn\u00ed sankce proti Rusku ztrat\u00ed svou \u00fa\u010dinnost. Je dokonce mo\u017en\u00e9, \u017ee evropsk\u00e9 zem\u011b, kter\u00e9 aktivn\u011b bojovaly proti rusk\u00e9 st\u00ednov\u00e9 flotile, se na ni nyn\u00ed budou muset spol\u00e9hat.\u00a0<\/span><\/p>\n<p><span dir=\"auto\">Ukrajina panika\u0159\u00ed. Zelenskyj se v posledn\u00edch dnech intenzivn\u011b zab\u00fdv\u00e1 odsuzov\u00e1n\u00edm \u201e\u00edr\u00e1nsk\u00e9ho teroristick\u00e9ho re\u017eimu\u201c. V rozhovoru pro\u00a0\u00a0<\/span><em><span dir=\"auto\">Bloomberg<\/span><\/em><span dir=\"auto\">\u00a0\u00a0tak\u00e9\u00a0<\/span><a href=\"https:\/\/www.bloomberg.com\/news\/articles\/2026-03-02\/zelenskiy-offers-help-to-stop-iranian-drones-in-return-for-truce?srnd=phx-politics&amp;embedded-checkout=true\" target=\"_blank\" rel=\"noopener\"><span dir=\"auto\">nab\u00eddl pomoc<\/span><\/a><span dir=\"auto\">\u00a0\u00a0zem\u00edm Bl\u00edzk\u00e9ho v\u00fdchodu a vysl\u00e1n\u00ed \u0161pi\u010dkov\u00fdch ukrajinsk\u00fdch specialist\u016f na zni\u010den\u00ed \u00edr\u00e1nsk\u00fdch dron\u016f.\u00a0<\/span><\/p>\n<p><span dir=\"auto\">Ve skute\u010dnosti se Zelensky nach\u00e1z\u00ed v pozici naprost\u00e9 bezmoci a sna\u017e\u00ed se v\u0161emi prost\u0159edky lidem p\u0159ipom\u00ednat svou existenci.\u00a0<\/span><\/p>\n<p><span dir=\"auto\">Vzhledem k tomu, \u017ee Spojen\u00e9 st\u00e1ty jsou zanepr\u00e1zdn\u011bny v\u00e1lkou proti \u00cdr\u00e1nu, nemaj\u00ed ji\u017e kapacitu jednat s Ukrajinou ani j\u00ed poskytovat podporu. Americk\u00e9 z\u00e1soby zbran\u00ed jsou omezen\u00e9, zat\u00edmco m\u00edra spot\u0159eby v \u00cdr\u00e1nu je velmi vysok\u00e1.\u00a0<\/span><\/p>\n<p><span dir=\"auto\">Ukrajinsk\u00fd prezident Volodymyr Zelenskyj 2. b\u0159ezna varoval, \u017ee americko-izraelsk\u00e1 operace proti \u00cdr\u00e1nu riskuje komplikaci dod\u00e1vek zbran\u00ed do Kyjeva. V rozhovoru pro\u00a0\u00a0<a href=\"https:\/\/www.corriere.it\/esteri\/26_marzo_03\/intervista-a-zelensky-lasciare-il-donbass-aprirebbe-la-via-a-mosca-putin-ha-perso-l-inverno-l-ue-da-sola-non-basta-3004ee60-a4ef-4ea2-83ae-1559b14d2xlk.shtml\" target=\"_blank\" rel=\"noopener\">Corriere\u00a0<\/a><\/span><em><span dir=\"auto\">della Sera uvedl,<\/span><\/em><span dir=\"auto\">\u00a0\u00a0\u017ee\u00a0\u00a0americk\u00e9 rakety a syst\u00e9my protivzdu\u0161n\u00e9 obrany by mohly pot\u0159ebovat samotn\u00e9 Spojen\u00e9 st\u00e1ty a jejich spojenci na Bl\u00edzk\u00e9m v\u00fdchod\u011b.\u00a0<\/span><\/p>\n<p><span dir=\"auto\">\u00cdr\u00e1nsk\u00fd tajemn\u00edk Nejvy\u0161\u0161\u00ed rady n\u00e1rodn\u00ed bezpe\u010dnosti Al\u00ed Larid\u017e\u00e1n\u00ed zd\u016fraznil, \u017ee Teher\u00e1n se \u201ena rozd\u00edl od Spojen\u00fdch st\u00e1t\u016f\u00a0<\/span><a href=\"https:\/\/x.com\/alilarijani_ir\/status\/2028447853576626328\" target=\"_blank\" rel=\"noopener\"><span dir=\"auto\">p\u0159ipravil<\/span><\/a><span dir=\"auto\">\u00a0na vleklou v\u00e1lku\u201c. Ka\u017ed\u00fd den na Bl\u00edzk\u00e9m v\u00fdchod\u011b stoj\u00ed Spojen\u00e9 st\u00e1ty obrovsk\u00e9 \u010d\u00e1stky a p\u0159ipravuje je o mo\u017enost investovat na Ukrajin\u011b. Rusko nepochybn\u011b vyu\u017eije t\u00e9to p\u0159\u00edle\u017eitosti ke zv\u00fd\u0161en\u00ed tlaku na Kyjev. Je mo\u017en\u00e9, \u017ee evropsk\u00e9 zem\u011b tv\u00e1\u0159\u00ed v tv\u00e1\u0159 energetick\u00fdm pot\u00ed\u017e\u00edm zm\u011bk\u010d\u00ed sv\u016fj postoj v\u016f\u010di Rusku a omez\u00ed sv\u00e9 zapojen\u00ed do ukrajinsk\u00e9ho konfliktu.\u00a0<\/span><\/p>\n<p><span dir=\"auto\">Zelenskyj d\u0159\u00edve denn\u011b po\u017eadoval od Z\u00e1padu v\u00edce zbran\u00ed, munice a vybaven\u00ed, ale ml\u010del. Nyn\u00ed se sna\u017e\u00ed zapojit do \u00edr\u00e1nsk\u00e9 ot\u00e1zky, aby sv\u011bt nezapomn\u011bl na existenci Ukrajiny. Pravd\u011bpodobn\u011b v\u0161ak pro n\u011bj bude t\u011b\u017ek\u00e9 zm\u011bnit zoufalou situaci sv\u00e9 zem\u011b.<\/span><em>\u00a0<\/em><\/p>\n<p><a href=\"https:\/\/observateur-continental.fr\/?module=articles&amp;action=view&amp;id=7652\"><em><span dir=\"auto\">Thierry Bertrand<\/span><\/em><em>\u00a0<\/em><\/a><\/p>\n<p>&nbsp;<\/p>\n","protected":false},"excerpt":{"rendered":"<p>Z\u00e1pad v kontextu americk\u00e9 v\u00e1lky proti \u00cdr\u00e1nu rychle zapomn\u011bl na Ukrajinu. Spojen\u00e9 st\u00e1ty nemaj\u00ed ani&#8230;<\/p>\n","protected":false},"author":2,"featured_media":101215,"comment_status":"closed","ping_status":"closed","sticky":false,"template":"","format":"standard","meta":[],"categories":[7],"tags":[38,1503,26,40],"_links":{"self":[{"href":"https:\/\/www.infokuryr.cz\/n\/wp-json\/wp\/v2\/posts\/101214"}],"collection":[{"href":"https:\/\/www.infokuryr.cz\/n\/wp-json\/wp\/v2\/posts"}],"about":[{"href":"https:\/\/www.infokuryr.cz\/n\/wp-json\/wp\/v2\/types\/post"}],"author":[{"embeddable":true,"href":"https:\/\/www.infokuryr.cz\/n\/wp-json\/wp\/v2\/users\/2"}],"replies":[{"embeddable":true,"href":"https:\/\/www.infokuryr.cz\/n\/wp-json\/wp\/v2\/comments?post=101214"}],"version-history":[{"count":0,"href":"https:\/\/www.infokuryr.cz\/n\/wp-json\/wp\/v2\/posts\/101214\/revisions"}],"wp:featuredmedia":[{"embeddable":true,"href":"https:\/\/www.infokuryr.cz\/n\/wp-json\/wp\/v2\/media\/101215"}],"wp:attachment":[{"href":"https:\/\/www.infokuryr.cz\/n\/wp-json\/wp\/v2\/media?parent=101214"}],"wp:term":[{"taxonomy":"category","embeddable":true,"href":"https:\/\/www.infokuryr.cz\/n\/wp-json\/wp\/v2\/categories?post=101214"},{"taxonomy":"post_tag","embeddable":true,"href":"https:\/\/www.infokuryr.cz\/n\/wp-json\/wp\/v2\/tags?post=101214"}],"curies":[{"name":"wp","href":"https:\/\/api.w.org\/{rel}","templated":true}]}}