{"id":101202,"date":"2026-03-07T00:13:46","date_gmt":"2026-03-06T23:13:46","guid":{"rendered":"https:\/\/www.infokuryr.cz\/n\/?p=101202"},"modified":"2026-03-06T12:05:59","modified_gmt":"2026-03-06T11:05:59","slug":"tabory-ci-odborne-kurzy-nadacni-fond-albert-rozdelil-v-kraji-temer-pul-milionu-viteznym-dobrocinnym-projektum","status":"publish","type":"post","link":"https:\/\/www.infokuryr.cz\/n\/2026\/03\/07\/tabory-ci-odborne-kurzy-nadacni-fond-albert-rozdelil-v-kraji-temer-pul-milionu-viteznym-dobrocinnym-projektum\/","title":{"rendered":"T\u00e1bory \u010di odborn\u00e9 kurzy. Nada\u010dn\u00ed fond Albert rozd\u011blil v kraji t\u00e9m\u011b\u0159 p\u016fl milionu v\u00edt\u011bzn\u00fdm dobro\u010dinn\u00fdm projekt\u016fm"},"content":{"rendered":"<div id=\"fb-root\"><\/div>\n<p><strong>Na pomoc d\u011btem a mlad\u00fdm ze soci\u00e1ln\u011b znev\u00fdhodn\u011bn\u00e9ho prost\u0159ed\u00ed v\u00a0\u00dasteck\u00e9m kraji sm\u011b\u0159uje celkem 450 tis\u00edc korun. Nada\u010dn\u00ed fond Albert rozdal ve st\u0159edu symbolick\u00e9 \u0161eky jeden\u00e1ctce d\u011btsk\u00fdch domov\u016f a dal\u0161\u00edch organizac\u00ed, kter\u00e9 usp\u011bly v\u00a0programu <em>Bert\u00edk pom\u00e1h\u00e1 2026<\/em>. O nejlep\u0161\u00edch projektech rozhodli z\u00e1kazn\u00edci m\u00edstn\u00edch obchod\u016f Albert. Za posledn\u00edch p\u011bt let dos\u00e1hla celkov\u00e1 podpora v\u00a0kraji t\u00e9m\u011b\u0159 4,5 milionu korun. <\/strong><\/p>\n<p>Program <em>Bert\u00edk pom\u00e1h\u00e1<\/em> pod\u00e1v\u00e1 pomocnou ruku ji\u017e po \u0161estadvac\u00e1t\u00e9. D\u00edky darovan\u00fdm prost\u0159edk\u016fm m\u016f\u017eou organizace zajistit d\u011btem smyslupln\u00e9 tr\u00e1ven\u00ed voln\u00e9ho \u010dasu, pr\u00e1zdnin, rozv\u00edjet je a vzd\u011bl\u00e1vat \u010di jim poskytnout psychologickou podporu, kterou pot\u0159ebuj\u00ed. <em>\u201e\u00dasteck\u00fd kraj je jedn\u00edm z\u00a0region\u016f, kde je dlouhodob\u011b na\u0161e pomoc jedna z\u00a0nejvy\u0161\u0161\u00edch. Za posledn\u00edch p\u011bt let jsme zde rozd\u011blili celkem 4 468 603 korun. \u010c\u00e1stka zahrnuje jak finan\u010dn\u00ed, tak materi\u00e1ln\u00ed podporu. T\u011b\u0161\u00ed n\u00e1s, \u017ee pom\u00e1h\u00e1me d\u011btem i mlad\u00fdm lidem, aby mohli l\u00e9pe vykro\u010dit do dosp\u011bl\u00e9ho \u017eivota,\u201c <\/em>\u0159ekl <strong>Ji\u0159\u00ed Mare\u010dek, p\u0159edseda Nada\u010dn\u00edho fondu Albert.<\/strong><\/p>\n<p>Slavnostn\u00ed setk\u00e1n\u00ed u p\u0159\u00edle\u017eitosti ocen\u011bn\u00ed v\u00edt\u011bzn\u00fdch organizac\u00ed v programu Bert\u00edk pom\u00e1h\u00e1 2026 ve st\u0159edu hostil Krajsk\u00fd \u00fa\u0159ad \u00dasteck\u00e9ho kraje. <em>\u201eVelmi si v\u00e1\u017e\u00edm toho, \u017ee Nada\u010dn\u00ed fond Albert dlouhodob\u011b stoj\u00ed po boku d\u011bt\u00ed ze soci\u00e1ln\u011b znev\u00fdhodn\u011bn\u00e9ho prost\u0159ed\u00ed pr\u00e1v\u011b v na\u0161em kraji. Ka\u017ed\u00e1 takov\u00e1 podpora m\u00e1 konkr\u00e9tn\u00ed dopad na jejich vzd\u011bl\u00e1v\u00e1n\u00ed, sebev\u011bdom\u00ed i budouc\u00ed uplatn\u011bn\u00ed. V\u011b\u0159\u00edm, \u017ee spole\u010dn\u011b budeme i nad\u00e1le vytv\u00e1\u0159et p\u0159\u00edle\u017eitosti tam, kde jsou nejv\u00edce pot\u0159eba,\u201c<\/em> uvedla <strong>Jindra Zalab\u00e1kov\u00e1, 1. n\u00e1m\u011bstkyn\u011b hejtmana \u00dasteck\u00e9ho kraje pro oblast \u0161kolstv\u00ed, ml\u00e1de\u017ee a sportu<\/strong>.<\/p>\n<h3>Bert\u00edci pom\u00e1haj\u00ed d\u011btem l\u00e9pe tr\u00e1vit voln\u00fd \u010das<\/h3>\n<p>Charitativn\u00ed program p\u0159in\u00e1\u0161\u00ed unik\u00e1tn\u00ed p\u0159\u00edle\u017eitost, jak se m\u016f\u017ee ve\u0159ejnost prost\u0159ednictv\u00edm hlasov\u00e1n\u00ed o projektech sezn\u00e1mit s\u00a0\u010dinnost\u00ed i konkr\u00e9tn\u00edmi p\u0159\u00edb\u011bhy organizac\u00ed v\u00a0regionu a podpo\u0159it vzd\u011bl\u00e1v\u00e1n\u00ed a rozvoj d\u011bt\u00ed ze soci\u00e1ln\u011b znev\u00fdhodn\u011bn\u00e9ho prost\u0159ed\u00ed.<\/p>\n<p>Celkem jeden\u00e1ctka projekt\u016f z\u00a0\u00dasteck\u00e9ho kraje, kterou vybrali odborn\u00edci z Nada\u010dn\u00edho fondu Albert, se uch\u00e1zela o p\u0159\u00edze\u0148 z\u00e1kazn\u00edk\u016f. Na z\u00e1klad\u011b jejich hlasov\u00e1n\u00ed ve\u00a014 m\u00edstn\u00edch obchodech Albert pak fond rozd\u011blil 450 tis\u00edc korun. Podpo\u0159en\u00fdmi organizacemi jsou d\u011btsk\u00e9 domovy ze St\u0159ekova, \u010cesk\u00e9 Kamenice, Tuchlova, v\u00fdchovn\u00e9 \u00fastavy z\u00a0Bu\u0161kovic a Kostomlat pod Mile\u0161ovkou, Charity z\u00a0\u010cesk\u00e9 Kamenice, Mostu d\u00e1le Diakonie \u010cCE \u2013 St\u0159edisko soci\u00e1ln\u00ed pomoci v\u00a0Most\u011b, Kv\u011btina z.s., Obrnick\u00e9 centrum soci\u00e1ln\u00edch slu\u017eeb a Centrum pro n\u00e1hradn\u00ed rodinnou p\u00e9\u010di.<\/p>\n<p><em>\u201eS finan\u010dn\u00ed podporou Nada\u010dn\u00edho fondu Albert maj\u00ed d\u011bti a mlad\u00ed lid\u00e9 z\u00a0na\u0161\u00ed organizace mo\u017enost za\u017e\u00edt aktivity, kter\u00e9 jim otev\u00edraj\u00ed nov\u00e9 obzory a posiluj\u00ed jejich \u0161ance do budoucna. Pomoc p\u0159\u00edmo reflektuje aktu\u00e1ln\u00ed pot\u0159eby pom\u00e1h\u00e1 se \u0161koln\u00ed p\u0159\u00edpravou, rozvojem\u00a0soci\u00e1ln\u00edch kompetenc\u00ed, finan\u010dn\u00ed gramotnost\u00ed, p\u0159\u00edpravou na zam\u011bstn\u00e1n\u00ed i zvl\u00e1d\u00e1n\u00edm psychick\u00fdch obt\u00ed\u017e\u00ed,\u201c <\/em>\u0159\u00edk\u00e1 Jana Ko\u0159\u00ednkov\u00e1, vedouc\u00ed NZDM Sv. Sofie, Charita \u010cesk\u00e1 Kamenice.<\/p>\n<p><em>\u201eV\u00e1\u017e\u00edme si finan\u010dn\u00ed i materi\u00e1ln\u00ed pomoci od fondu. Velmi oce\u0148ujeme, \u017ee reaguje na aktu\u00e1ln\u00ed pot\u0159eby a hled\u00e1 mo\u017enosti, jak organizace podpo\u0159it. Velmi d\u011bkujeme za v\u0161e, co pro na\u0161i organizaci ud\u011blal,\u201c <\/em>popsala Mark\u00e9ta Str\u00ed\u017eov\u00e1, \u0159editelka Diakonie \u010cCE \u2013 St\u0159edisko soci\u00e1ln\u00ed pomoci v\u202fMost\u011b.<\/p>\n<h3><strong>Bert\u00edk pom\u00e1h\u00e1 2026: Ocen\u011bn\u00e9 projekty v\u00a0regionech \u00dasteck\u00e9ho kraje<\/strong><\/h3>\n<p><strong>D\u011btsk\u00fd domov St\u0159ekov \u2013 Cesta za \u00fasm\u011bvem<\/strong><\/p>\n<p>D\u011btsk\u00fd domov se sna\u017e\u00ed, aby ka\u017ed\u00e9 d\u00edt\u011b odjelo na t\u00e1bor a za\u017eilo nezapomenuteln\u00e1 dobrodru\u017estv\u00ed. T\u00e1bory je podporuj\u00ed v osobn\u00edm r\u016fstu, soci\u00e1ln\u00edm rozvoji \u010di v navazov\u00e1n\u00ed nov\u00fdch p\u0159\u00e1telstv\u00ed.<\/p>\n<p><strong>Kv\u011btina, z. s. &#8211; Kv\u011btina pro rodiny<\/strong><\/p>\n<p>Projekt pom\u00e1h\u00e1 rodin\u00e1m v nep\u0159\u00edzniv\u00e9 \u017eivotn\u00ed situaci. Podporuje je v d\u016fle\u017eit\u00fdch oblastech \u017eivota od hospoda\u0159en\u00ed s financemi p\u0159es vzd\u011bl\u00e1v\u00e1n\u00ed a p\u00e9\u010di o d\u011bti a\u017e po posilov\u00e1n\u00ed du\u0161evn\u00edho zdrav\u00ed d\u011bt\u00ed.<\/p>\n<p><strong>V\u00fdchovn\u00fd \u00fastav a d\u011btsk\u00fd domov se \u0161kolou Kostomlaty pod Mile\u0161ovkou \u2013 Pr\u00e1zdninov\u00fd pobyt d\u011bt\u00ed 2026<\/strong><\/p>\n<p>D\u011bti, kter\u00e9 nemaj\u00ed koho nav\u0161t\u00edvit v pr\u016fb\u011bhu pr\u00e1zdnin, si u\u017eij\u00ed rekrea\u010dn\u00ed pobyt pln\u00fd sportovn\u00edch a kulturn\u00edch z\u00e1\u017eitk\u016f stejn\u011b jako jejich vrstevn\u00edci z funguj\u00edc\u00edch rodin.<\/p>\n<p><strong>D\u011btsk\u00fd domov \u010cesk\u00e1 Kamenice \u2013 L\u00e9to pln\u00e9 z\u00e1\u017eitk\u016f<\/strong><\/p>\n<p>D\u011bti pro\u017eij\u00ed letn\u00ed pr\u00e1zdniny jako jejich vrstevn\u00edci. Na t\u00e1bo\u0159e budou rozv\u00edjet soci\u00e1ln\u00ed dovednosti, posilovat sebev\u011bdom\u00ed, podporovat zdrav\u00e9 vztahy a dostanou prostor pro osobnostn\u00ed r\u016fst mimo institucion\u00e1ln\u00ed prost\u0159ed\u00ed.<\/p>\n<p><strong>Charita \u010cesk\u00e1 Kamenice \u2013 Bezpe\u010dn\u00fd prostor pro r\u016fst d\u011bt\u00ed a ml\u00e1de\u017ee, aneb Bert\u00edkova podpora<\/strong><\/p>\n<p>Projekt podporuje d\u011bti a ml\u00e1de\u017e ze znev\u00fdhodn\u011bn\u00e9ho prost\u0159ed\u00ed v \u010cesk\u00e9 Kamenici pomoc\u00ed vzd\u011bl\u00e1vac\u00edch, rozvojov\u00fdch a terapeutick\u00fdch aktivit. Pos\u00edl\u00ed jejich psychickou odolnost a p\u0159iprav\u00ed je na samostatn\u00fd \u017eivot.<\/p>\n<p><strong>D\u011btsk\u00fd domov Tuchlov \u2013 Letn\u00ed t\u00e1bory pro d\u011bti z D\u011btsk\u00e9ho domova Tuchlov<\/strong><\/p>\n<p>T\u00e1bory p\u0159edstavuj\u00ed pro d\u011bti z\u00a0d\u011btsk\u00fdch domov\u016f jedine\u010dnou p\u0159\u00edle\u017eitost k\u00a0osobn\u00edmu r\u016fstu, soci\u00e1ln\u00edmu rozvoji a z\u00edsk\u00e1n\u00ed nov\u00fdch z\u00e1\u017eitk\u016f. Umo\u017en\u00ed jim pro\u017e\u00edt voln\u00fd \u010das obdobn\u011b jako jejich vrstevn\u00edci.<\/p>\n<p><strong>Charita Most \u2013 Krok za krokem v Zast\u00e1vce<\/strong><\/p>\n<p>Projekt podporuje vzd\u011bl\u00e1v\u00e1n\u00ed a smyslupln\u00e9 tr\u00e1ven\u00ed voln\u00e9ho \u010dasu d\u011bt\u00ed a ml\u00e1de\u017ee ze soci\u00e1ln\u011b znev\u00fdhodn\u011bn\u00e9ho prost\u0159ed\u00ed a t\u00edm zlep\u0161uje \u0161ance na \u00fasp\u011b\u0161n\u011bj\u0161\u00ed budoucnost.<\/p>\n<p><strong>Diakonie \u010cCE \u2013 St\u0159edisko soci\u00e1ln\u00ed pomoci v\u00a0Most\u011b \u2013 Kl\u00ed\u010d k du\u0161i \u2013 krizov\u00e1 intervence pro d\u011bti a mlad\u00e9<\/strong><\/p>\n<p>\u00dazkosti, sebepo\u0161kozov\u00e1n\u00ed \u010di deprese \u2013 i t\u00edm si proch\u00e1zej\u00ed d\u011bti. D\u00edky v\u00fdcviku krizov\u00e9 intervence a terapeutick\u00fdm pom\u016fck\u00e1m dok\u00e1\u017eou odborn\u00e9 pracovnice zas\u00e1hnout v\u010das a b\u00fdt jim oporou.<\/p>\n<p><strong>Obrnick\u00e9 centrum soci\u00e1ln\u00edch slu\u017eeb \u2013 Obrn\u00edme se znalostmi<\/strong><\/p>\n<p>Projekt prost\u0159ednictv\u00edm dou\u010dov\u00e1n\u00ed v m\u00edstn\u00ed komunit\u011b posiluje \u0161koln\u00ed \u00fasp\u011b\u0161nost a sebev\u011bdom\u00ed. Navazuje na prevenci p\u0159ed\u010dasn\u00fdch odchod\u016f ze \u0161koly a p\u0159isp\u00edv\u00e1 k \u00fasp\u011b\u0161n\u00e9mu \u017eivotu.<\/p>\n<p><strong>Centrum pro n\u00e1hradn\u00ed rodinnou p\u00e9\u010di, o.p.s. \u2013 \u0160ance pro d\u011bti v n\u00e1hradn\u00ed rodinn\u00e9 p\u00e9\u010di<\/strong><\/p>\n<p>Projekt podporuje talent a sny d\u011bt\u00ed v\u00a0n\u00e1hradn\u00ed rodinn\u00e9 p\u00e9\u010di. A\u0165 u\u017e jde o hudbu, sport, tanec \u010di cokoliv jim d\u011bl\u00e1 radost. Z\u00e1rove\u0148 zaji\u0161\u0165uje dou\u010dov\u00e1n\u00ed a psychologickou pomoc, aby m\u011bly d\u011bti ty nejlep\u0161\u00ed \u0161ance postavit se na vlastn\u00ed nohy.<\/p>\n<p><strong>V\u00fdchovn\u00fd \u00fastav, st\u0159edisko v\u00fdchovn\u00e9 p\u00e9\u010de a st\u0159edn\u00ed \u0161kola Bu\u0161kovice \u2013 Cesta, kter\u00e1 funguje<\/strong><\/p>\n<p>Odborn\u00e9 kurzy otev\u00edraj\u00ed dve\u0159e do sv\u011bta pr\u00e1ce. \u010ctve\u0159ice mlad\u00fdch dostane mo\u017enost z\u00edskat \u0159idi\u010dsk\u00fd pr\u016fkaz, nebo opr\u00e1vn\u011bn\u00ed na vysokozdvi\u017en\u00fd voz\u00edk, pilu a k\u0159ovino\u0159ez.<\/p>\n<p><img decoding=\"async\" loading=\"lazy\" class=\"alignnone size-full wp-image-1185\" src=\"http:\/\/www.infokuryr.cz\/n\/wp-content\/uploads\/2021\/04\/kuryr-podpis.png\" alt=\"\" width=\"84\" height=\"24\" \/><\/p>\n<p>&nbsp;<\/p>\n<p><strong>\u00a0<\/strong><\/p>\n<p><strong>\u00a0<\/strong><\/p>\n","protected":false},"excerpt":{"rendered":"<p>Na pomoc d\u011btem a mlad\u00fdm ze soci\u00e1ln\u011b znev\u00fdhodn\u011bn\u00e9ho prost\u0159ed\u00ed v\u00a0\u00dasteck\u00e9m kraji sm\u011b\u0159uje celkem 450 tis\u00edc&#8230;<\/p>\n","protected":false},"author":2,"featured_media":101203,"comment_status":"closed","ping_status":"closed","sticky":false,"template":"","format":"standard","meta":[],"categories":[6],"tags":[7032,245,7423,1076,331],"_links":{"self":[{"href":"https:\/\/www.infokuryr.cz\/n\/wp-json\/wp\/v2\/posts\/101202"}],"collection":[{"href":"https:\/\/www.infokuryr.cz\/n\/wp-json\/wp\/v2\/posts"}],"about":[{"href":"https:\/\/www.infokuryr.cz\/n\/wp-json\/wp\/v2\/types\/post"}],"author":[{"embeddable":true,"href":"https:\/\/www.infokuryr.cz\/n\/wp-json\/wp\/v2\/users\/2"}],"replies":[{"embeddable":true,"href":"https:\/\/www.infokuryr.cz\/n\/wp-json\/wp\/v2\/comments?post=101202"}],"version-history":[{"count":0,"href":"https:\/\/www.infokuryr.cz\/n\/wp-json\/wp\/v2\/posts\/101202\/revisions"}],"wp:featuredmedia":[{"embeddable":true,"href":"https:\/\/www.infokuryr.cz\/n\/wp-json\/wp\/v2\/media\/101203"}],"wp:attachment":[{"href":"https:\/\/www.infokuryr.cz\/n\/wp-json\/wp\/v2\/media?parent=101202"}],"wp:term":[{"taxonomy":"category","embeddable":true,"href":"https:\/\/www.infokuryr.cz\/n\/wp-json\/wp\/v2\/categories?post=101202"},{"taxonomy":"post_tag","embeddable":true,"href":"https:\/\/www.infokuryr.cz\/n\/wp-json\/wp\/v2\/tags?post=101202"}],"curies":[{"name":"wp","href":"https:\/\/api.w.org\/{rel}","templated":true}]}}