{"id":101196,"date":"2026-03-07T00:23:29","date_gmt":"2026-03-06T23:23:29","guid":{"rendered":"https:\/\/www.infokuryr.cz\/n\/?p=101196"},"modified":"2026-03-06T11:30:59","modified_gmt":"2026-03-06T10:30:59","slug":"putin-propustil-dva-madarske-valecne-zajatce-szijjartoovi-na-oplatku-nic-nechtel","status":"publish","type":"post","link":"https:\/\/www.infokuryr.cz\/n\/2026\/03\/07\/putin-propustil-dva-madarske-valecne-zajatce-szijjartoovi-na-oplatku-nic-nechtel\/","title":{"rendered":"Putin propustil dva ma\u010farsk\u00e9 v\u00e1le\u010dn\u00e9 zajatce Szijj\u00e1rt\u00f3ovi, na opl\u00e1tku \u201enic\u201c necht\u011bl"},"content":{"rendered":"<div id=\"fb-root\"><\/div>\n<h3 class=\"s-tagline fw-tagline\"><span dir=\"auto\">Ma\u010farsk\u00fd ministr zahrani\u010d\u00ed m\u00e9di\u00edm \u0159ekl, \u017ee se jedn\u00e1 o Putinovo gesto, kter\u00e9 je v\u00fdsledkem v\u00edce ne\u017e desetilet\u00ed \u201eracion\u00e1ln\u00ed\u201c zahrani\u010dn\u00ed politiky formulovan\u00e9 \u201es nohama na zemi\u201c<\/span><\/h3>\n<p><span dir=\"auto\">Ma\u010farsk\u00fd premi\u00e9r Viktor Orb\u00e1n a ministr zahrani\u010d\u00ed P\u00e9ter Szijj\u00e1rt\u00f3 \u00fasp\u011b\u0161n\u011b vyjednali s rusk\u00fdm prezidentem Vladimirem Putinem propu\u0161t\u011bn\u00ed dvou ma\u010farsk\u00fdch v\u00e1le\u010dn\u00fdch zajatc\u016f dr\u017een\u00fdch v Rusku.<\/span><\/p>\n<p><span dir=\"auto\">Szijj\u00e1rt\u00f3 na soci\u00e1ln\u00edch s\u00edt\u00edch zve\u0159ejnil p\u0159\u00edsp\u011bvek s vysv\u011btlen\u00edm, \u017ee oba mu\u017ei, kte\u0159\u00ed vypadaj\u00ed pokro\u010dil\u00e9ho v\u011bku, byli ukrajinsk\u00fdmi n\u00e1bor\u00e1\u0159i n\u00e1siln\u011b odvedeni na frontu proti sv\u00e9 v\u016fli.<\/span><\/p>\n<p><span dir=\"auto\">\u201ePo na\u0161ich rozhovorech s prezidentem Putinem v Moskv\u011b byli propu\u0161t\u011bni dva ma\u010far\u0161t\u00ed v\u00e1le\u010dn\u00ed zajatci ze Zakarpat\u00ed. Oba mu\u017ei \u00fadajn\u011b maj\u00ed ukrajinsk\u00e9 i ma\u010farsk\u00e9 ob\u010danstv\u00ed a p\u0159ed odesl\u00e1n\u00edm na frontu byli n\u00e1siln\u011b odvedeni. Mnoho etnick\u00fdch Ma\u010far\u016f ze Zakarpat\u00ed bylo n\u00e1siln\u011b odvedeno do ukrajinsk\u00e9 arm\u00e1dy. Mnoz\u00ed padli, mnoz\u00ed jsou poh\u0159e\u0161ovan\u00ed a n\u011bkte\u0159\u00ed skon\u010dili v rusk\u00e9m zajet\u00ed. Budeme i nad\u00e1le usilovat o pomoc posti\u017een\u00fdm.\u201c<\/span><\/p>\n<div class=\"twitter-tweet twitter-tweet-rendered\"><iframe id=\"twitter-widget-0\" class=\"\" title=\"X P\u0159\u00edsp\u011bvek\" src=\"https:\/\/platform.twitter.com\/embed\/Tweet.html?creatorScreenName=RMXnews&amp;dnt=false&amp;embedId=twitter-widget-0&amp;features=eyJ0ZndfdGltZWxpbmVfbGlzdCI6eyJidWNrZXQiOltdLCJ2ZXJzaW9uIjpudWxsfSwidGZ3X2ZvbGxvd2VyX2NvdW50X3N1bnNldCI6eyJidWNrZXQiOnRydWUsInZlcnNpb24iOm51bGx9LCJ0ZndfdHdlZXRfZWRpdF9iYWNrZW5kIjp7ImJ1Y2tldCI6Im9uIiwidmVyc2lvbiI6bnVsbH0sInRmd19yZWZzcmNfc2Vzc2lvbiI6eyJidWNrZXQiOiJvbiIsInZlcnNpb24iOm51bGx9LCJ0ZndfZm9zbnJfc29mdF9pbnRlcnZlbnRpb25zX2VuYWJsZWQiOnsiYnVja2V0Ijoib24iLCJ2ZXJzaW9uIjpudWxsfSwidGZ3X21peGVkX21lZGlhXzE1ODk3Ijp7ImJ1Y2tldCI6InRyZWF0bWVudCIsInZlcnNpb24iOm51bGx9LCJ0ZndfZXhwZXJpbWVudHNfY29va2llX2V4cGlyYXRpb24iOnsiYnVja2V0IjoxMjA5NjAwLCJ2ZXJzaW9uIjpudWxsfSwidGZ3X3Nob3dfYmlyZHdhdGNoX3Bpdm90c19lbmFibGVkIjp7ImJ1Y2tldCI6Im9uIiwidmVyc2lvbiI6bnVsbH0sInRmd19kdXBsaWNhdGVfc2NyaWJlc190b19zZXR0aW5ncyI6eyJidWNrZXQiOiJvbiIsInZlcnNpb24iOm51bGx9LCJ0ZndfdXNlX3Byb2ZpbGVfaW1hZ2Vfc2hhcGVfZW5hYmxlZCI6eyJidWNrZXQiOiJvbiIsInZlcnNpb24iOm51bGx9LCJ0ZndfdmlkZW9faGxzX2R5bmFtaWNfbWFuaWZlc3RzXzE1MDgyIjp7ImJ1Y2tldCI6InRydWVfYml0cmF0ZSIsInZlcnNpb24iOm51bGx9LCJ0ZndfbGVnYWN5X3RpbWVsaW5lX3N1bnNldCI6eyJidWNrZXQiOnRydWUsInZlcnNpb24iOm51bGx9LCJ0ZndfdHdlZXRfZWRpdF9mcm9udGVuZCI6eyJidWNrZXQiOiJvbiIsInZlcnNpb24iOm51bGx9fQ%3D%3D&amp;frame=false&amp;hideCard=false&amp;hideThread=false&amp;id=2029276051705110822&amp;lang=cs&amp;origin=https%3A%2F%2Frmx.news%2Farticle%2Fputin-releases-2-ethnic-hungarian-pows-to-szijjarto-asks-for-nothing-in-return%2F&amp;sessionId=5915bdcca09fc720d1c60d84ba127fe3b581e1d6&amp;theme=light&amp;widgetsVersion=2615f7e52b7e0%3A1702314776716&amp;width=550px\" frameborder=\"0\" scrolling=\"no\" allowfullscreen=\"allowfullscreen\" data-tweet-id=\"2029276051705110822\" data-mce-fragment=\"1\"><\/iframe><\/div>\n<p><a href=\"https:\/\/www.facebook.com\/szijjarto.peter.official\/\"><span dir=\"auto\">Na sv\u00e9m facebookov\u00e9m \u00fa\u010dtu<\/span><\/a><span dir=\"auto\">\u00a0tak\u00e9 zve\u0159ejnil videa\u00a0, na kter\u00fdch ministr zahrani\u010d\u00ed oba mu\u017ee zdrav\u00ed, pt\u00e1 se jich, jak se maj\u00ed, slibuje jim, \u017ee brzy budou doma a \u017ee si b\u011bhem letu v\u00edce pov\u00eddaj\u00ed.<\/span><\/p>\n<figure class=\"wp-block-image size-large\"><img decoding=\"async\" loading=\"lazy\" class=\"wp-image-158917 aligncenter\" src=\"https:\/\/rmx.news\/wp-content\/uploads\/2026\/03\/646189961_1445815580345064_7006087484041359556_n-1024x683.jpg\" sizes=\"auto, (max-width: 1024px) 100vw, 1024px\" srcset=\"https:\/\/rmx.news\/wp-content\/uploads\/2026\/03\/646189961_1445815580345064_7006087484041359556_n-1024x683.jpg 1024w, https:\/\/rmx.news\/wp-content\/uploads\/2026\/03\/646189961_1445815580345064_7006087484041359556_n-500x333.jpg 500w, https:\/\/rmx.news\/wp-content\/uploads\/2026\/03\/646189961_1445815580345064_7006087484041359556_n-768x512.jpg 768w, https:\/\/rmx.news\/wp-content\/uploads\/2026\/03\/646189961_1445815580345064_7006087484041359556_n-1536x1025.jpg 1536w, https:\/\/rmx.news\/wp-content\/uploads\/2026\/03\/646189961_1445815580345064_7006087484041359556_n-330x220.jpg 330w, https:\/\/rmx.news\/wp-content\/uploads\/2026\/03\/646189961_1445815580345064_7006087484041359556_n-420x280.jpg 420w, https:\/\/rmx.news\/wp-content\/uploads\/2026\/03\/646189961_1445815580345064_7006087484041359556_n-615x410.jpg 615w, https:\/\/rmx.news\/wp-content\/uploads\/2026\/03\/646189961_1445815580345064_7006087484041359556_n-860x574.jpg 860w, https:\/\/rmx.news\/wp-content\/uploads\/2026\/03\/646189961_1445815580345064_7006087484041359556_n.jpg 2048w\" alt=\"\" width=\"807\" height=\"538\" \/><figcaption class=\"wp-element-caption\"><em><span dir=\"auto\">Facebookov\u00fd \u00fa\u010det P\u00e9ter Szijj\u00e1rt\u00f3<\/span><\/em><\/figcaption><\/figure>\n<p><span dir=\"auto\">\u201ePerfektn\u00ed,\u201c odpov\u011bd\u011bl jeden z mu\u017e\u016f pot\u00e9, co mu v letadle \u0159ekli, \u017ee budou doma za p\u011bt nebo \u0161est hodin. Ministr zahrani\u010d\u00ed jim pak sd\u011blil, \u017ee dostanou n\u011bco lahodn\u00e9ho k j\u00eddlu a \u017ee brzy pot\u00e9 budou doma.<\/span><\/p>\n<p><span dir=\"auto\">\u201eV\u00fdborn\u011b! Pane, mnohokr\u00e1t v\u00e1m d\u011bkuji!\u201c odpov\u011bd\u011bl mu\u017e a pot\u0159\u00e1sl si rukou se Szijj\u00e1rt\u00f3em.<\/span><\/p>\n<p><span dir=\"auto\">V samostatn\u00e9m videu po p\u0159ist\u00e1n\u00ed ministr zahrani\u010d\u00ed jasn\u011b uvedl, \u017ee Putin na opl\u00e1tku nic ne\u017e\u00e1dal. Naopak, \u0161lo o Putinovo gesto, kter\u00e9 bylo v\u00fdsledkem v\u00edce ne\u017e desetilet\u00ed \u201eracion\u00e1ln\u00ed\u201c zahrani\u010dn\u00ed politiky formulovan\u00e9 \u201es nohama na zemi\u201c.<\/span><\/p>\n<p><img decoding=\"async\" loading=\"lazy\" class=\"alignnone size-full wp-image-1185\" src=\"http:\/\/www.infokuryr.cz\/n\/wp-content\/uploads\/2021\/04\/kuryr-podpis.png\" alt=\"\" width=\"84\" height=\"24\" \/><\/p>\n<p>&nbsp;<\/p>\n","protected":false},"excerpt":{"rendered":"<p>Ma\u010farsk\u00fd ministr zahrani\u010d\u00ed m\u00e9di\u00edm \u0159ekl, \u017ee se jedn\u00e1 o Putinovo gesto, kter\u00e9 je v\u00fdsledkem v\u00edce&#8230;<\/p>\n","protected":false},"author":2,"featured_media":101197,"comment_status":"closed","ping_status":"closed","sticky":false,"template":"","format":"standard","meta":[],"categories":[7],"tags":[4052,3647,102,10701],"_links":{"self":[{"href":"https:\/\/www.infokuryr.cz\/n\/wp-json\/wp\/v2\/posts\/101196"}],"collection":[{"href":"https:\/\/www.infokuryr.cz\/n\/wp-json\/wp\/v2\/posts"}],"about":[{"href":"https:\/\/www.infokuryr.cz\/n\/wp-json\/wp\/v2\/types\/post"}],"author":[{"embeddable":true,"href":"https:\/\/www.infokuryr.cz\/n\/wp-json\/wp\/v2\/users\/2"}],"replies":[{"embeddable":true,"href":"https:\/\/www.infokuryr.cz\/n\/wp-json\/wp\/v2\/comments?post=101196"}],"version-history":[{"count":0,"href":"https:\/\/www.infokuryr.cz\/n\/wp-json\/wp\/v2\/posts\/101196\/revisions"}],"wp:featuredmedia":[{"embeddable":true,"href":"https:\/\/www.infokuryr.cz\/n\/wp-json\/wp\/v2\/media\/101197"}],"wp:attachment":[{"href":"https:\/\/www.infokuryr.cz\/n\/wp-json\/wp\/v2\/media?parent=101196"}],"wp:term":[{"taxonomy":"category","embeddable":true,"href":"https:\/\/www.infokuryr.cz\/n\/wp-json\/wp\/v2\/categories?post=101196"},{"taxonomy":"post_tag","embeddable":true,"href":"https:\/\/www.infokuryr.cz\/n\/wp-json\/wp\/v2\/tags?post=101196"}],"curies":[{"name":"wp","href":"https:\/\/api.w.org\/{rel}","templated":true}]}}