{"id":101194,"date":"2026-03-07T00:22:52","date_gmt":"2026-03-06T23:22:52","guid":{"rendered":"https:\/\/www.infokuryr.cz\/n\/?p=101194"},"modified":"2026-03-06T11:27:37","modified_gmt":"2026-03-06T10:27:37","slug":"polka-byla-brutalne-zbita-kolumbijskym-migrantem-ktery-byl-na-frontove-linii-na-ukrajine","status":"publish","type":"post","link":"https:\/\/www.infokuryr.cz\/n\/2026\/03\/07\/polka-byla-brutalne-zbita-kolumbijskym-migrantem-ktery-byl-na-frontove-linii-na-ukrajine\/","title":{"rendered":"Polka byla brut\u00e1ln\u011b zbita kolumbijsk\u00fdm migrantem, kter\u00fd byl na frontov\u00e9 linii na Ukrajin\u011b"},"content":{"rendered":"<div id=\"fb-root\"><\/div>\n<h3 class=\"s-tagline fw-tagline\"><span dir=\"auto\">\u201eTento p\u0159\u00edpad m\u00e1 mnoho r\u016fzn\u00fdch lini\u00ed a ukazuje \u00farove\u0148 agrese, s n\u00ed\u017e se brzy m\u016f\u017eeme pravideln\u011b setk\u00e1vat, a\u017e se ukrajin\u0161t\u00ed voj\u00e1ci vr\u00e1t\u00ed ze z\u00e1kop\u016f,\u201c poznamenal report\u00e9r televizn\u00ed stanice wPolsce24<\/span><\/h3>\n<p><span dir=\"auto\">R\u00e1no 28. \u00fanora 2026 28let\u00fd kolumbijsk\u00fd migrant brut\u00e1ln\u011b napadl 49letou Polku Aniu cestou do pr\u00e1ce v Kutnu. K \u00fatoku do\u0161lo pot\u00e9, co Ania ignorovala slovn\u00ed ur\u00e1\u017eky kolumbijsk\u00e9ho mu\u017ee. Mu\u017e \u017eenu zbil tak krut\u011b, \u017ee musela b\u00fdt p\u0159evezena do nemocnice.<\/span><\/p>\n<p><span dir=\"auto\">P\u0159esto\u017ee policie zpo\u010d\u00e1tku z m\u00edsta \u010dinu uprchla, poda\u0159ilo se j\u00ed 2. b\u0159ezna mu\u017ee zatknout pomoc\u00ed z\u00e1znamu z bezpe\u010dnostn\u00edch kamer, p\u00ed\u0161e\u00a0<\/span><a href=\"https:\/\/wpolityce.pl\/kryminal\/754746-wstrzasajace-szczegoly-ws-pobicia-polki-przez-kolumbijczyka\"><span dir=\"auto\">wPolytyce<\/span><\/a><span dir=\"auto\">\u00a0na z\u00e1klad\u011b report\u00e1\u017ee Stanis\u0142awa Pyrzanowsk\u00e9ho z televize wPolsce24.<\/span><\/p>\n<p><span dir=\"auto\">Kolumbijec, obvin\u011bn\u00fd mimo jin\u00e9 z ubl\u00ed\u017een\u00ed na zdrav\u00ed a ohro\u017een\u00ed \u017eivota 49let\u00e9 Aniy, se pr\u00e1v\u011b vr\u00e1til z frontov\u00e9 linie na Ukrajin\u011b.<\/span><\/p>\n<p><span dir=\"auto\">\u201ePan\u00ed Ania je neuv\u011b\u0159iteln\u011b state\u010dn\u00e1 \u017eena. To, co jsme sly\u0161eli od jej\u00edho syna, je d\u011bsiv\u00e9, ale rodina pan\u00ed Aniy o tom chce mluvit. Cht\u011bj\u00ed, aby na\u0161e spole\u010dnost sly\u0161ela jej\u00ed hlas, varov\u00e1n\u00ed p\u0159ed t\u00edm, co by se n\u00e1m mohlo st\u00e1t,\u201c poznamenal novin\u00e1\u0159. Poskytl tak\u00e9 dal\u0161\u00ed znepokojiv\u00e9 podrobnosti z m\u00edsta \u010dinu.<\/span><\/p>\n<p><span dir=\"auto\">\u201eNa chodn\u00edku tady v sam\u00e9m centru Kutna je st\u00e1le krev. (\u2026) V\u0161ude na chodn\u00edku jsou stopy krve. Cizinec ji napadl zezadu, ude\u0159il ji p\u011bst\u00ed. Pak, kdy\u017e le\u017eela na zemi, se sna\u017eila zakr\u00fdt si obli\u010dej a dala si ruce p\u0159es hlavu. Mu\u017e j\u00ed v\u0161ak ruce odtrhl a d\u00e1l ji b\u00edt, jen do hlavy a obli\u010deje. Na mramoru v sam\u00e9m centru Kutna je v\u0161ude krev. Jsme pobl\u00ed\u017e kostela svat\u00e9ho Vav\u0159ince v sam\u00e9m centru m\u011bsta. Nestalo se to v noci; r\u00e1no pan\u00ed Ania \u0161la do pr\u00e1ce stejnou trasou jako ka\u017ed\u00fd den. \u0160la a byla napadena za b\u00edl\u00e9ho dne. Bylo brzy, 4:30 r\u00e1no, ale v minulosti, kdy\u017e jsme mluvili s obyvateli Kutna, se takov\u00e9 v\u011bci prost\u011b nest\u00e1valy. Obyvatel\u00e9 \u0159\u00edkaj\u00ed, \u017ee se v\u0161ichni navz\u00e1jem varovali, zamykali si dve\u0159e. V minulosti to takov\u00e1 pot\u0159eba nebyla,\u201c uvedl Pyrzanowski.<\/span><\/p>\n<p><span dir=\"auto\">D\u00e1le nast\u00ednil hrozn\u00fd fyzick\u00fd stav zbit\u00e9 \u017eeny.<\/span><\/p>\n<p><span dir=\"auto\">\u201eAnia u\u017e byla propu\u0161t\u011bna z nemocnice. Od jej\u00edho syna jsme dostali fotografie, kter\u00e9 ukazuj\u00ed jej\u00ed sou\u010dasn\u00fd stav. M\u00e1 otekl\u00fd obli\u010dej, viditeln\u00e9 stehy. Je cel\u00e1 otekl\u00e1, m\u00e1 \u010dern\u00e9 o\u010di, d\u011bsiv\u00e9. Jsem v \u0161oku a z\u00e1kladn\u00ed ot\u00e1zka zn\u00ed: kde je te\u010f \u017densk\u00e1 st\u00e1vka? Kde jsou protesty? \u201aNep\u016fjdete sami.\u2018 \u010cek\u00e1m, chci vid\u011bt velmi siln\u00fd odpor, zejm\u00e9na ze strany \u017een a skupin na podporu \u017een,\u201c \u0159ekl.<\/span><\/p>\n<p><span dir=\"auto\">V report\u00e1\u017ei televize wPolsce24 se objevil i Aniin vlastn\u00ed syn.<\/span><\/p>\n<p><span dir=\"auto\">\u201eMoje matka \u0161la dnes r\u00e1no do pr\u00e1ce. (\u2026) P\u0159istoupil k n\u00ed cizinec a chytil ji za ruku. Matka mu \u0159ekla, aby ustoupil. Nek\u0159i\u010dela ani ne\u0159ekla nic, co by ho mohlo vyprovokovat. Pokra\u010dovala v ch\u016fzi a zrychlovala. Mu\u017e se k n\u00ed znovu p\u0159ibl\u00ed\u017eil, chytil ji za ruku a jako by se cht\u011bl dotknout jej\u00ed tv\u00e1\u0159e. Matka tedy zv\u00fd\u0161ila hlas, proto\u017ee to bylo dojemn\u00e9. \u0158ekla mu, aby ustoupil. Zrychlila a pokra\u010dovala v ch\u016fzi sm\u011brem ke sv\u00e9 pr\u00e1ci. A pak k n\u00ed p\u0159ib\u011bhl mu\u017e a ude\u0159il ji p\u011bst\u00ed do zadn\u00ed \u010d\u00e1sti hlavy. Matka upadla a za\u010dalo mu\u010den\u00ed, proto\u017ee se to sotva d\u00e1 nazvat bit\u00edm,\u201c \u0159ekl Aniin syn.<\/span><\/p>\n<p><span dir=\"auto\">\u201eTento p\u0159\u00edpad m\u00e1 mnoho r\u016fzn\u00fdch lini\u00ed a ukazuje \u00farove\u0148 agrese, s n\u00ed\u017e se brzy m\u016f\u017eeme pravideln\u011b setk\u00e1vat, a\u017e se ukrajin\u0161t\u00ed voj\u00e1ci vr\u00e1t\u00ed ze z\u00e1kop\u016f,\u201c uvedl Pyrzanowski ve sv\u00e9 zpr\u00e1v\u011b.<\/span><\/p>\n<p><img decoding=\"async\" loading=\"lazy\" class=\"alignnone size-full wp-image-1185\" src=\"http:\/\/www.infokuryr.cz\/n\/wp-content\/uploads\/2021\/04\/kuryr-podpis.png\" alt=\"\" width=\"84\" height=\"24\" \/><\/p>\n<p>&nbsp;<\/p>\n","protected":false},"excerpt":{"rendered":"<p>\u201eTento p\u0159\u00edpad m\u00e1 mnoho r\u016fzn\u00fdch lini\u00ed a ukazuje \u00farove\u0148 agrese, s n\u00ed\u017e se brzy m\u016f\u017eeme&#8230;<\/p>\n","protected":false},"author":2,"featured_media":101195,"comment_status":"closed","ping_status":"closed","sticky":false,"template":"","format":"standard","meta":[],"categories":[7],"tags":[239,10700,2969],"_links":{"self":[{"href":"https:\/\/www.infokuryr.cz\/n\/wp-json\/wp\/v2\/posts\/101194"}],"collection":[{"href":"https:\/\/www.infokuryr.cz\/n\/wp-json\/wp\/v2\/posts"}],"about":[{"href":"https:\/\/www.infokuryr.cz\/n\/wp-json\/wp\/v2\/types\/post"}],"author":[{"embeddable":true,"href":"https:\/\/www.infokuryr.cz\/n\/wp-json\/wp\/v2\/users\/2"}],"replies":[{"embeddable":true,"href":"https:\/\/www.infokuryr.cz\/n\/wp-json\/wp\/v2\/comments?post=101194"}],"version-history":[{"count":0,"href":"https:\/\/www.infokuryr.cz\/n\/wp-json\/wp\/v2\/posts\/101194\/revisions"}],"wp:featuredmedia":[{"embeddable":true,"href":"https:\/\/www.infokuryr.cz\/n\/wp-json\/wp\/v2\/media\/101195"}],"wp:attachment":[{"href":"https:\/\/www.infokuryr.cz\/n\/wp-json\/wp\/v2\/media?parent=101194"}],"wp:term":[{"taxonomy":"category","embeddable":true,"href":"https:\/\/www.infokuryr.cz\/n\/wp-json\/wp\/v2\/categories?post=101194"},{"taxonomy":"post_tag","embeddable":true,"href":"https:\/\/www.infokuryr.cz\/n\/wp-json\/wp\/v2\/tags?post=101194"}],"curies":[{"name":"wp","href":"https:\/\/api.w.org\/{rel}","templated":true}]}}