{"id":101188,"date":"2026-03-07T00:19:43","date_gmt":"2026-03-06T23:19:43","guid":{"rendered":"https:\/\/www.infokuryr.cz\/n\/?p=101188"},"modified":"2026-03-06T10:53:19","modified_gmt":"2026-03-06T09:53:19","slug":"jeden-z-nejvlivnejsich-hlasu-v-perskem-zalivu-se-ozval-a-pro-washington-to-nevypada-dobre","status":"publish","type":"post","link":"https:\/\/www.infokuryr.cz\/n\/2026\/03\/07\/jeden-z-nejvlivnejsich-hlasu-v-perskem-zalivu-se-ozval-a-pro-washington-to-nevypada-dobre\/","title":{"rendered":"Jeden z nejvlivn\u011bj\u0161\u00edch hlas\u016f v Persk\u00e9m z\u00e1livu se ozval \u2013 a pro Washington to nevypad\u00e1 dob\u0159e"},"content":{"rendered":"<div id=\"fb-root\"><\/div>\n<div class=\"elementor-element elementor-element-1fb4c2c elementor-widget elementor-widget-theme-post-content\" data-id=\"1fb4c2c\" data-element_type=\"widget\" data-e-type=\"widget\" data-widget_type=\"theme-post-content.default\">\n<div class=\"elementor-widget-container\">\n<p><strong><span dir=\"auto\">Miliard\u00e1\u0159 z Persk\u00e9ho z\u00e1livu zah\u00e1jil front\u00e1ln\u00ed \u00fatok na Washington: \u201eKdo v\u00e1m dal pr\u00e1vo zat\u00e1hnout n\u00e1\u0161 region do v\u00e1lky?\u201c<\/span><\/strong><\/p>\n<p><span dir=\"auto\">Kritika nepoch\u00e1z\u00ed od aktivist\u016f ani opozi\u010dn\u00edch hlas\u016f \u2013 ale z nitra establishmentu st\u00e1t\u016f Persk\u00e9ho z\u00e1livu. Vlivn\u00fd miliard\u00e1\u0159 a podnikatel ze Spojen\u00fdch arabsk\u00fdch emir\u00e1t\u016f Khalaf Ahmad Al Habtoor zve\u0159ejnil\u00a0<\/span><a href=\"https:\/\/www.khaleejtimes.com\/uae\/uae-billionaire-asks-trump-who-authorised-turning-our-region-unto-a-war-zone\" target=\"_blank\" rel=\"noreferrer noopener\" data-type=\"link\" data-id=\"https:\/\/www.khaleejtimes.com\/uae\/uae-billionaire-asks-trump-who-authorised-turning-our-region-unto-a-war-zone\"><span dir=\"auto\">otev\u0159en\u00fd dopis<\/span><\/a><span dir=\"auto\">\u00a0americk\u00e9mu prezidentovi Donaldu Trumpovi, v n\u011bm\u017e neobvykle ost\u0159e odsoudil americkou vojenskou politiku na Bl\u00edzk\u00e9m v\u00fdchod\u011b.<\/span><\/p>\n<p><span dir=\"auto\">Hned prvn\u00ed \u0159\u00e1dky nenech\u00e1vaj\u00ed nikoho na pochyb\u00e1ch o tom, jak hlubok\u00e1 je nyn\u00ed nespokojenost mezi \u010d\u00e1stmi golfov\u00e9 elity:<\/span><\/p>\n<p><span dir=\"auto\">\u201eKdo v\u00e1m dal pravomoc zat\u00e1hnout n\u00e1\u0161 region do v\u00e1lky s \u00cdr\u00e1nem? Kdo v\u00e1m dal svolen\u00ed prom\u011bnit n\u00e1\u0161 region v boji\u0161t\u011b?\u201c<\/span><\/p>\n<p><span dir=\"auto\">Al Habtoor nen\u00ed \u017e\u00e1dn\u00fd outsider. Tento podnikatel je jednou z nejv\u00fdznamn\u011bj\u0161\u00edch osobnost\u00ed Spojen\u00fdch arabsk\u00fdch emir\u00e1t\u016f, m\u00e1 siln\u00e9 politick\u00e9 konexie a je pova\u017eov\u00e1n za vlivn\u00fd hlas v Persk\u00e9m z\u00e1livu. Skute\u010dnost, \u017ee ze v\u0161ech lid\u00ed pr\u00e1v\u011b on ve\u0159ejn\u011b zpochyb\u0148uje Washington, ukazuje, jak intenzivn\u00ed se stalo nap\u011bt\u00ed mezi region\u00e1ln\u00edmi spojenci USA a americkou v\u00e1le\u010dnou strategi\u00ed.<\/span><\/p>\n<h3 class=\"wp-block-heading\"><span dir=\"auto\">Otev\u0159en\u00e9 ot\u00e1zky pro Washington<\/span><\/h3>\n<p><span dir=\"auto\">Ve sv\u00e9m dopise Al Habtoor klade \u0159adu ot\u00e1zek, kter\u00e9 se p\u0159\u00edmo t\u00fdkaj\u00ed legitimity americk\u00fdch vojensk\u00fdch operac\u00ed. Pt\u00e1 se, zda eskalace proti \u00cdr\u00e1nu byla skute\u010dn\u011b suver\u00e9nn\u00edm rozhodnut\u00edm USA \u2013 nebo zda k n\u00ed do\u0161lo pod tlakem izraelsk\u00e9ho premi\u00e9ra Benjamina Netanjahua.<\/span><\/p>\n<p><span dir=\"auto\">\u201eBylo to va\u0161e rozhodnut\u00ed \u2013 nebo tlak od Netanjahua?\u201c<\/span><\/p>\n<p><span dir=\"auto\">Tak\u00e9 nastoluje ot\u00e1zku o d\u016fsledc\u00edch pro st\u00e1ty Rady pro spolupr\u00e1ci v Persk\u00e9m z\u00e1livu:<\/span><\/p>\n<p><span dir=\"auto\">\u201eUm\u00edstili zem\u011b Rady pro spolupr\u00e1ci arabsk\u00fdch st\u00e1t\u016f v Persk\u00e9m z\u00e1livu do centra nebezpe\u010d\u00ed, kter\u00e9 si nevybraly.\u201c<\/span><\/p>\n<p><span dir=\"auto\">Al Habtoor tak nar\u00e1\u017e\u00ed na rostouc\u00ed \u00edr\u00e1nsk\u00e9 proti\u00fatoky proti vojensk\u00fdm za\u0159\u00edzen\u00edm a infrastruktu\u0159e v Persk\u00e9m z\u00e1livu \u2013 co\u017e je p\u0159\u00edm\u00fd d\u016fsledek vojensk\u00e9 eskalace, do kter\u00e9 je nyn\u00ed region vta\u017een.<\/span><\/p>\n<h3 class=\"wp-block-heading\"><span dir=\"auto\">Miliardy utracen\u00e9 za v\u00e1lku \u2013 zat\u00edmco byl slibov\u00e1n m\u00edr<\/span><\/h3>\n<p><span dir=\"auto\">Podnikatel je obzvl\u00e1\u0161t\u011b kritick\u00fd k rozporu mezi politick\u00fdmi sliby Washingtonu a realitou vojensk\u00fdch operac\u00ed.<\/span><\/p>\n<p><span dir=\"auto\">Trump b\u011bhem sv\u00e9 volebn\u00ed kampan\u011b opakovan\u011b sliboval, \u017ee neza\u010dne \u017e\u00e1dn\u00e9 nov\u00e9 v\u00e1lky. Podle Al Habtoora se ale stal prav\u00fd opak.<\/span><\/p>\n<p><span dir=\"auto\">\u201eSl\u00edbili, \u017ee nebudou v\u00e9st v\u00e1lky. P\u0159esto provedli operace v sedmi zem\u00edch \u2013 Som\u00e1lsku, Ir\u00e1ku, Jemenu, Nig\u00e9rii, S\u00fdrii, \u00cdr\u00e1nu a Venezuele.\u201c<\/span><\/p>\n<p><span dir=\"auto\">Miliard\u00e1\u0159 tak\u00e9 poukazuje na rozsah vojensk\u00fdch aktivit: stovky n\u00e1let\u016f a obrovsk\u00e9 n\u00e1klady, kter\u00e9 by nakonec nesli ameri\u010dt\u00ed da\u0148ov\u00ed poplatn\u00edci.<\/span><\/p>\n<p><span dir=\"auto\">\u201eAmeri\u010dan\u016fm byl sl\u00edben m\u00edr. M\u00edsto toho dost\u00e1vaj\u00ed v\u00e1lku \u2013 financovanou z jejich vlastn\u00edch dan\u00ed.\u201c<\/span><\/p>\n<h3 class=\"wp-block-heading\"><span dir=\"auto\">\u00datok na d\u016fv\u011bryhodnost Washingtonu<\/span><\/h3>\n<p><span dir=\"auto\">Jedna z nejost\u0159ej\u0161\u00ed pas\u00e1\u017e\u00ed dopisu je nam\u00ed\u0159ena proti takzvan\u00fdm m\u00edrov\u00fdm iniciativ\u00e1m, kter\u00e9 byly d\u0159\u00edve ozn\u00e1meny spole\u010dn\u011b se st\u00e1ty Persk\u00e9ho z\u00e1livu.<\/span><\/p>\n<p><span dir=\"auto\">\u201eJe\u0161t\u011b ne\u017e zaschne inkoust na va\u0161\u00ed iniciativ\u011b M\u00edrov\u00e9 rady, u\u017e se nach\u00e1z\u00edme ve vojensk\u00e9 eskalaci, kter\u00e1 ohro\u017euje cel\u00fd region. Kam se tedy tyto iniciativy pod\u011bly?\u201c<\/span><\/p>\n<p><span dir=\"auto\">Touto ot\u00e1zkou Al Habtoor nep\u0159\u00edmo zpochyb\u0148uje d\u016fv\u011bryhodnost americk\u00e9 zahrani\u010dn\u00ed politiky. Pro mnoho pozorovatel\u016f je to pr\u00e1v\u011b ten nejv\u00fdbu\u0161n\u011bj\u0161\u00ed bod dopisu: kritiku nevyjad\u0159uj\u00ed jen odp\u016frci USA \u2013 ale st\u00e1le \u010dast\u011bji i spojenci.<\/span><\/p>\n<h3 class=\"wp-block-heading\"><span dir=\"auto\">Varovn\u00fd sign\u00e1l z jejich vlastn\u00edch \u0159ad<\/span><\/h3>\n<p><span dir=\"auto\">Otev\u0159en\u00fd dopis kon\u010d\u00ed zpr\u00e1vou, kter\u00e1 je z\u00e1rove\u0148 varov\u00e1n\u00edm i obvin\u011bn\u00edm:<\/span><\/p>\n<p><span dir=\"auto\">\u201eSkute\u010dn\u00e9 v\u016fdcovstv\u00ed se nem\u011b\u0159\u00ed rozhodnut\u00edmi u\u010din\u011bn\u00fdmi ve v\u00e1lce, ale moudrost\u00ed, respektem k druh\u00fdm a \u00fasil\u00edm o m\u00edr.\u201c<\/span><\/p>\n<p><span dir=\"auto\">Skute\u010dnost, \u017ee tato slova poch\u00e1zej\u00ed ze Spojen\u00fdch arabsk\u00fdch emir\u00e1t\u016f \u2013 jednoho z nejbli\u017e\u0161\u00edch partner\u016f Washingtonu na Bl\u00edzk\u00e9m v\u00fdchod\u011b \u2013 bude v politick\u00fdch kruz\u00edch pravd\u011bpodobn\u011b se z\u00e1jmem zaznamen\u00e1na.<\/span><\/p>\n<p><span dir=\"auto\">Proto\u017ee kdy\u017e i z\u00e1stupci elity Persk\u00e9ho z\u00e1livu za\u010dnou ve\u0159ejn\u011b zpochyb\u0148ovat strategick\u00e1 rozhodnut\u00ed USA, nazna\u010duje to hlub\u0161\u00ed posun v mocensk\u00e9 struktu\u0159e regionu.<\/span><\/p>\n<p><span dir=\"auto\">Poselstv\u00ed z Persk\u00e9ho z\u00e1livu je jasn\u00e9: Mnoho nejbli\u017e\u0161\u00edch spojenc\u016f Ameriky se c\u00edt\u00ed st\u00e1le v\u00edce vtahov\u00e1ni do konflikt\u016f, kter\u00e9 si nevybrali.<\/span><\/p>\n<\/div>\n<\/div>\n<div class=\"elementor-element elementor-element-8c57238 quelle dc-has-condition dc-condition-empty elementor-widget elementor-widget-heading\" data-id=\"8c57238\" data-element_type=\"widget\" data-e-type=\"widget\" data-widget_type=\"heading.default\">\n<div class=\"elementor-widget-container\">\n<h3 class=\"elementor-heading-title elementor-size-default\"><span style=\"font-size: 10pt;\"><a href=\"https:\/\/www.khaleejtimes.com\/uae\/uae-billionaire-asks-trump-who-authorised-turning-our-region-unto-a-war-zone\" target=\"_blank\" rel=\"nofollow noopener\"><span dir=\"auto\">Zdroj<\/span><\/a><\/span><\/h3>\n<p>&nbsp;<\/p>\n<\/div>\n<\/div>\n","protected":false},"excerpt":{"rendered":"<p>Miliard\u00e1\u0159 z Persk\u00e9ho z\u00e1livu zah\u00e1jil front\u00e1ln\u00ed \u00fatok na Washington: \u201eKdo v\u00e1m dal pr\u00e1vo zat\u00e1hnout n\u00e1\u0161&#8230;<\/p>\n","protected":false},"author":2,"featured_media":101189,"comment_status":"closed","ping_status":"closed","sticky":false,"template":"","format":"standard","meta":[],"categories":[7],"tags":[4739,4269,40,538],"_links":{"self":[{"href":"https:\/\/www.infokuryr.cz\/n\/wp-json\/wp\/v2\/posts\/101188"}],"collection":[{"href":"https:\/\/www.infokuryr.cz\/n\/wp-json\/wp\/v2\/posts"}],"about":[{"href":"https:\/\/www.infokuryr.cz\/n\/wp-json\/wp\/v2\/types\/post"}],"author":[{"embeddable":true,"href":"https:\/\/www.infokuryr.cz\/n\/wp-json\/wp\/v2\/users\/2"}],"replies":[{"embeddable":true,"href":"https:\/\/www.infokuryr.cz\/n\/wp-json\/wp\/v2\/comments?post=101188"}],"version-history":[{"count":0,"href":"https:\/\/www.infokuryr.cz\/n\/wp-json\/wp\/v2\/posts\/101188\/revisions"}],"wp:featuredmedia":[{"embeddable":true,"href":"https:\/\/www.infokuryr.cz\/n\/wp-json\/wp\/v2\/media\/101189"}],"wp:attachment":[{"href":"https:\/\/www.infokuryr.cz\/n\/wp-json\/wp\/v2\/media?parent=101188"}],"wp:term":[{"taxonomy":"category","embeddable":true,"href":"https:\/\/www.infokuryr.cz\/n\/wp-json\/wp\/v2\/categories?post=101188"},{"taxonomy":"post_tag","embeddable":true,"href":"https:\/\/www.infokuryr.cz\/n\/wp-json\/wp\/v2\/tags?post=101188"}],"curies":[{"name":"wp","href":"https:\/\/api.w.org\/{rel}","templated":true}]}}