{"id":101186,"date":"2026-03-07T00:18:58","date_gmt":"2026-03-06T23:18:58","guid":{"rendered":"https:\/\/www.infokuryr.cz\/n\/?p=101186"},"modified":"2026-03-06T10:51:29","modified_gmt":"2026-03-06T09:51:29","slug":"izraelsky-novinar-alon-mizrahi-bije-na-poplach-jeho-viralni-prohlaseni-na-x-iran-nici-americke-zakladny-svet-je-nepripraveny-usa-a-izrael-tuto-valku-jiz-prohraly","status":"publish","type":"post","link":"https:\/\/www.infokuryr.cz\/n\/2026\/03\/07\/izraelsky-novinar-alon-mizrahi-bije-na-poplach-jeho-viralni-prohlaseni-na-x-iran-nici-americke-zakladny-svet-je-nepripraveny-usa-a-izrael-tuto-valku-jiz-prohraly\/","title":{"rendered":"Izraelsk\u00fd novin\u00e1\u0159 Alon Mizrahi bije na poplach \u2013 jeho vir\u00e1ln\u00ed prohl\u00e1\u0161en\u00ed na X: \u201e\u00cdr\u00e1n ni\u010d\u00ed americk\u00e9 z\u00e1kladny, sv\u011bt je nep\u0159ipraven\u00fd \u2013 USA a Izrael tuto v\u00e1lku ji\u017e prohr\u00e1ly\u201c"},"content":{"rendered":"<div id=\"fb-root\"><\/div>\n<p><strong><span dir=\"auto\">Alon Mizrahi, izraelsk\u00fd novin\u00e1\u0159, jeden z nejd\u016fstojn\u011bj\u0161\u00edch \u017did\u016f na sv\u011bt\u011b:<\/span><\/strong><\/p>\n<p><span dir=\"auto\">\u201eJsme sv\u011bdky d\u011bjin. \u00cdr\u00e1n ni\u010d\u00ed \u2013 k p\u0159ekvapen\u00ed v\u0161ech \u2013 americk\u00e9 z\u00e1kladny tak d\u016fkladn\u011b, v tak velk\u00e9m m\u011b\u0159\u00edtku a tak rozhodn\u011b, \u017ee na to sv\u011bt nen\u00ed p\u0159ipraven.\u201c<\/span><\/p>\n<p><span dir=\"auto\">\u00cdr\u00e1nu se b\u011bhem \u010dty\u0159 dn\u016f poda\u0159ilo roz\u0161\u00ed\u0159it sf\u00e9ru sv\u00e9 vojensk\u00e9 dominance v regionu. \u00cdr\u00e1n zni\u010dil nejcenn\u011bj\u0161\u00ed a nejdra\u017e\u0161\u00ed vojensk\u00e9 z\u00e1kladny, majetek a vybaven\u00ed na sv\u011bt\u011b.<\/span><\/p>\n<div class=\"twitter-tweet twitter-tweet-rendered\"><iframe id=\"twitter-widget-0\" class=\"\" title=\"X Post\" src=\"https:\/\/platform.twitter.com\/embed\/Tweet.html?dnt=false&amp;embedId=twitter-widget-0&amp;features=eyJ0ZndfdGltZWxpbmVfbGlzdCI6eyJidWNrZXQiOltdLCJ2ZXJzaW9uIjpudWxsfSwidGZ3X2ZvbGxvd2VyX2NvdW50X3N1bnNldCI6eyJidWNrZXQiOnRydWUsInZlcnNpb24iOm51bGx9LCJ0ZndfdHdlZXRfZWRpdF9iYWNrZW5kIjp7ImJ1Y2tldCI6Im9uIiwidmVyc2lvbiI6bnVsbH0sInRmd19yZWZzcmNfc2Vzc2lvbiI6eyJidWNrZXQiOiJvbiIsInZlcnNpb24iOm51bGx9LCJ0ZndfZm9zbnJfc29mdF9pbnRlcnZlbnRpb25zX2VuYWJsZWQiOnsiYnVja2V0Ijoib24iLCJ2ZXJzaW9uIjpudWxsfSwidGZ3X21peGVkX21lZGlhXzE1ODk3Ijp7ImJ1Y2tldCI6InRyZWF0bWVudCIsInZlcnNpb24iOm51bGx9LCJ0ZndfZXhwZXJpbWVudHNfY29va2llX2V4cGlyYXRpb24iOnsiYnVja2V0IjoxMjA5NjAwLCJ2ZXJzaW9uIjpudWxsfSwidGZ3X3Nob3dfYmlyZHdhdGNoX3Bpdm90c19lbmFibGVkIjp7ImJ1Y2tldCI6Im9uIiwidmVyc2lvbiI6bnVsbH0sInRmd19kdXBsaWNhdGVfc2NyaWJlc190b19zZXR0aW5ncyI6eyJidWNrZXQiOiJvbiIsInZlcnNpb24iOm51bGx9LCJ0ZndfdXNlX3Byb2ZpbGVfaW1hZ2Vfc2hhcGVfZW5hYmxlZCI6eyJidWNrZXQiOiJvbiIsInZlcnNpb24iOm51bGx9LCJ0ZndfdmlkZW9faGxzX2R5bmFtaWNfbWFuaWZlc3RzXzE1MDgyIjp7ImJ1Y2tldCI6InRydWVfYml0cmF0ZSIsInZlcnNpb24iOm51bGx9LCJ0ZndfbGVnYWN5X3RpbWVsaW5lX3N1bnNldCI6eyJidWNrZXQiOnRydWUsInZlcnNpb24iOm51bGx9LCJ0ZndfdHdlZXRfZWRpdF9mcm9udGVuZCI6eyJidWNrZXQiOiJvbiIsInZlcnNpb24iOm51bGx9fQ%3D%3D&amp;frame=false&amp;hideCard=false&amp;hideThread=false&amp;id=2029705703800144085&amp;lang=cs&amp;origin=https%3A%2F%2Funcutnews.ch%2Fisraels-journalist-alon-mizrahi-schlaegt-alarm-sein-virales-statement-auf-x-iran-zerstoert-us-basen-die-welt-ist-darauf-nicht-vorbereitet-die-usa-und-israel-haben-diesen%2F&amp;sessionId=b19eb4bbf7856ddc89033dfba322b886a9065514&amp;theme=light&amp;widgetsVersion=2615f7e52b7e0%3A1702314776716&amp;width=550px\" frameborder=\"0\" scrolling=\"no\" allowfullscreen=\"allowfullscreen\" data-tweet-id=\"2029705703800144085\" data-mce-fragment=\"1\"><\/iframe><\/div>\n<p><span dir=\"auto\">Americk\u00e9 z\u00e1kladny v Bahrajnu, Kuvajtu, Kataru a Sa\u00fadsk\u00e9 Ar\u00e1bii pat\u0159\u00ed k nejv\u011bt\u0161\u00edm vojensk\u00fdm za\u0159\u00edzen\u00edm na sv\u011bt\u011b. Jejich v\u00fdstavba st\u00e1la b\u011bhem n\u011bkolika desetilet\u00ed biliony dolar\u016f. Mluv\u00edme o tom, \u017ee drtiv\u00e1 v\u011bt\u0161ina vojensk\u00fdch v\u00fddaj\u016f za v\u00edce ne\u017e 30 let se rozplynula v d\u00fdmu.<\/span><\/p>\n<p><span dir=\"auto\">Vid\u00edme radary, ka\u017ed\u00fd v hodnot\u011b stovek milion\u016f dolar\u016f, zni\u010den\u00e9 v jedin\u00e9m okam\u017eiku. Vid\u00edme cel\u00e9 vojensk\u00e9 z\u00e1kladny opu\u0161t\u011bn\u00e9 a vyp\u00e1len\u00e9, vyrabovan\u00e9 a ni\u010den\u00e9. A \u0159\u00edk\u00e1m v\u00e1m: Pokud v\u00edm, USA nikdy v cel\u00e9 sv\u00e9 historii neutrp\u011bly takov\u00e9 ni\u010den\u00ed, snad s v\u00fdjimkou Pearl Harboru, ale to byl jen jedin\u00fd \u00fatok.<\/span><\/p>\n<p><span dir=\"auto\">\u017d\u00e1dn\u00fd nep\u0159\u00edtel v konven\u010dn\u00ed v\u00e1lce nikdy neud\u011blal americk\u00fdm ozbrojen\u00fdm sil\u00e1m nic takov\u00e9ho, jako to, co pr\u00e1v\u011b te\u010f d\u011bl\u00e1 \u00cdr\u00e1n. Je t\u011b\u017ek\u00e9 tomu uv\u011b\u0159it. Vojensk\u00e1 situace je tak hrozn\u00e1, \u017ee cenzura blokuje t\u00e9m\u011b\u0159 v\u0161echny nov\u00e9 informace o t\u00e9to v\u00e1lce. Pokud jste si v\u0161imli, ka\u017ed\u00fd den dost\u00e1v\u00e1me m\u00e9n\u011b a m\u00e9n\u011b informac\u00ed.<\/span><\/p>\n<p><span dir=\"auto\">P\u0159ed t\u0159iceti p\u011bti lety, b\u011bhem prvn\u00ed v\u00e1lky v Ir\u00e1ku, n\u00e1m ukazovali nekone\u010dn\u00e9 z\u00e1b\u011bry z Ir\u00e1ku. Tehdy byly chytr\u00e9 bomby a kamery novinkou, ale ka\u017edou noc n\u00e1m ukazovali no\u010dn\u00ed z\u00e1b\u011bry. Te\u010f u\u017e t\u00e9m\u011b\u0159 \u017e\u00e1dn\u00e1 videa nevid\u00edme.<\/span><\/p>\n<p><span dir=\"auto\">Rozum\u00edte tomu? Toto je \u00fadajn\u011b nejv\u011bt\u0161\u00ed vojensk\u00e1 mocnost sv\u011bta s nejv\u011bt\u0161\u00edmi leteck\u00fdmi schopnostmi na sv\u011bt\u011b, a p\u0159esto \u010dtvrt\u00fd den americk\u00e9 ofenz\u00edvy, kter\u00e1 \u00fadajn\u011b a pr\u00fd pror\u00e1\u017e\u00ed \u00edr\u00e1nskou obranu, nevid\u00edme v \u00edr\u00e1nsk\u00e9m nebi absolutn\u011b \u017e\u00e1dn\u00e9 zn\u00e1mky americk\u00e9 dominance. Kde jsou v\u0161echny videoz\u00e1znamy na\u0161ich letadel p\u0159el\u00e9taj\u00edc\u00edch nad Teher\u00e1nem nebo jakoukoli jinou \u010d\u00e1st\u00ed \u00cdr\u00e1nu?<\/span><\/p>\n<p><span dir=\"auto\">Ameri\u010dt\u00ed voj\u00e1ci si ani nemohou dovolit vkro\u010dit na \u00edr\u00e1nskou p\u016fdu. A abyste pochopili, jak zoufal\u00e1 je tato v\u00e1lka: \u010ctvrt\u00fd den u\u017e sl\u00fdch\u00e1te od Trumpovy administrativy ty nejbl\u00e1zniv\u011bj\u0161\u00ed n\u00e1vrhy a n\u00e1pady. Navrhuj\u00ed vysl\u00e1n\u00ed vojensk\u00fdch doprovodn\u00fdch lod\u00ed pro ropn\u00e9 tankery opou\u0161t\u011bj\u00edc\u00ed Persk\u00fd z\u00e1liv. O \u010dem to v\u016fbec mluv\u00edte! Chcete poslat americk\u00e9 lod\u011b do z\u00f3ny zni\u010den\u00ed tis\u00edc\u016f \u00edr\u00e1nsk\u00fdch raket? TE\u010e se nikdo nedostane p\u0159es Hormuzsk\u00fd pr\u016fliv.<\/span><\/p>\n<p><span dir=\"auto\">\u00cdr\u00e1nci se na to p\u0159ipravuj\u00ed u\u017e cel\u00e1 desetilet\u00ed. Chlub\u00ed se my\u0161lenkou vyzbrojit kurdsk\u00e9 milice k invazi do \u00cdr\u00e1nu. O \u010dem to sakra mluv\u00ed\u0161? Vid\u011bl jsi n\u011bkdy mapu \u00cdr\u00e1nu?! Zd\u00e1 se, \u017ee Trumpova administrativa ne! V\u00ed\u0161, jak je rozlehl\u00fd? Co to znamen\u00e1 napadnout \u00cdr\u00e1n?! Mysl\u00ed\u0161, \u017ee by do \u00cdr\u00e1nu mohla napadnout milice o 10 000 lidech?! Nebo dokonce 50 000? Nebo 100 000? \u00cdr\u00e1n je v\u0161echny spolkne.<\/span><\/p>\n<p><span dir=\"auto\">USA a Izrael tuto v\u00e1lku ji\u017e prohr\u00e1ly. USA a Izrael mohou zab\u00edt miliony civilist\u016f v jejich domovech. Maj\u00ed siln\u00e9 bomby a mohou vyhodit do pov\u011bt\u0159\u00ed budovy, ale tuto v\u00e1lku nevyhraj\u00ed. \u00cdr\u00e1nsk\u00e1 vojensk\u00e1 infrastruktura a zbran\u011b jsou poh\u0159beny hluboko pod zem\u00ed, po cel\u00e9m \u00cdr\u00e1nu. Ani Ameri\u010dan\u00e9, ani \u2013 u\u017e v\u016fbec \u2013 Izraelci nemaj\u00ed \u0161anci \u010dehokoli z toho dos\u00e1hnout. Jsou ve velk\u00e9m probl\u00e9mu.<\/span><\/p>\n<p><span dir=\"auto\">Za\u010dali n\u011bco, co nemohou dokon\u010dit. A\u017e tohle v\u0161echno skon\u010d\u00ed, USA se do z\u00e1padn\u00ed Asie u\u017e nikdy nevr\u00e1t\u00ed. Na Bl\u00edzk\u00e9m v\u00fdchod\u011b u\u017e nebude \u017e\u00e1dn\u00e1 americk\u00e1 p\u0159\u00edtomnost. To v\u00e1m \u0159\u00edk\u00e1m s jistotou.<\/span><\/p>\n<p><img decoding=\"async\" loading=\"lazy\" class=\"alignnone size-full wp-image-1185\" src=\"http:\/\/www.infokuryr.cz\/n\/wp-content\/uploads\/2021\/04\/kuryr-podpis.png\" alt=\"\" width=\"84\" height=\"24\" \/><\/p>\n<p>&nbsp;<\/p>\n","protected":false},"excerpt":{"rendered":"<p>Alon Mizrahi, izraelsk\u00fd novin\u00e1\u0159, jeden z nejd\u016fstojn\u011bj\u0161\u00edch \u017did\u016f na sv\u011bt\u011b: \u201eJsme sv\u011bdky d\u011bjin. \u00cdr\u00e1n ni\u010d\u00ed&#8230;<\/p>\n","protected":false},"author":2,"featured_media":101187,"comment_status":"closed","ping_status":"closed","sticky":false,"template":"","format":"standard","meta":[],"categories":[7],"tags":[107,1503,1304,40],"_links":{"self":[{"href":"https:\/\/www.infokuryr.cz\/n\/wp-json\/wp\/v2\/posts\/101186"}],"collection":[{"href":"https:\/\/www.infokuryr.cz\/n\/wp-json\/wp\/v2\/posts"}],"about":[{"href":"https:\/\/www.infokuryr.cz\/n\/wp-json\/wp\/v2\/types\/post"}],"author":[{"embeddable":true,"href":"https:\/\/www.infokuryr.cz\/n\/wp-json\/wp\/v2\/users\/2"}],"replies":[{"embeddable":true,"href":"https:\/\/www.infokuryr.cz\/n\/wp-json\/wp\/v2\/comments?post=101186"}],"version-history":[{"count":0,"href":"https:\/\/www.infokuryr.cz\/n\/wp-json\/wp\/v2\/posts\/101186\/revisions"}],"wp:featuredmedia":[{"embeddable":true,"href":"https:\/\/www.infokuryr.cz\/n\/wp-json\/wp\/v2\/media\/101187"}],"wp:attachment":[{"href":"https:\/\/www.infokuryr.cz\/n\/wp-json\/wp\/v2\/media?parent=101186"}],"wp:term":[{"taxonomy":"category","embeddable":true,"href":"https:\/\/www.infokuryr.cz\/n\/wp-json\/wp\/v2\/categories?post=101186"},{"taxonomy":"post_tag","embeddable":true,"href":"https:\/\/www.infokuryr.cz\/n\/wp-json\/wp\/v2\/tags?post=101186"}],"curies":[{"name":"wp","href":"https:\/\/api.w.org\/{rel}","templated":true}]}}