{"id":101185,"date":"2026-03-07T00:17:49","date_gmt":"2026-03-06T23:17:49","guid":{"rendered":"https:\/\/www.infokuryr.cz\/n\/?p=101185"},"modified":"2026-03-06T10:49:20","modified_gmt":"2026-03-06T09:49:20","slug":"valka-proti-iranu-staty-brics-postupne-odhaluji-svou-pozici-rysuje-se-koncovka-mezi-zapadem-a-rostoucim-multipolarnim-radem","status":"publish","type":"post","link":"https:\/\/www.infokuryr.cz\/n\/2026\/03\/07\/valka-proti-iranu-staty-brics-postupne-odhaluji-svou-pozici-rysuje-se-koncovka-mezi-zapadem-a-rostoucim-multipolarnim-radem\/","title":{"rendered":"V\u00e1lka proti \u00cdr\u00e1nu: St\u00e1ty BRICS postupn\u011b odhaluj\u00ed svou pozici \u2013 r\u00fdsuje se koncovka mezi Z\u00e1padem a rostouc\u00edm multipol\u00e1rn\u00edm \u0159\u00e1dem"},"content":{"rendered":"<div id=\"fb-root\"><\/div>\n<p><strong><span dir=\"auto\">V\u00e1lka mezi USA, Izraelem a \u00cdr\u00e1nem je v mnoha z\u00e1padn\u00edch m\u00e9di\u00edch prezentov\u00e1na jako n\u00e1hle eskaluj\u00edc\u00ed region\u00e1ln\u00ed konflikt. Titulk\u016fm dominuj\u00ed raketov\u00e9 \u00fatoky, n\u00e1lety a vojensk\u00e9 hrozby. Toto zobrazen\u00ed je v\u0161ak p\u0159\u00edli\u0161 zjednodu\u0161en\u00e9.<\/span><\/strong><\/p>\n<p><strong><span dir=\"auto\">Dnes se odehr\u00e1v\u00e1 konflikt, kter\u00fd byl o\u010dek\u00e1v\u00e1n ji\u017e l\u00e9ta<\/span><\/strong><span dir=\"auto\">\u00a0\u2013\u00a0<\/span><strong><span dir=\"auto\">a na kter\u00fd se n\u011bkolik st\u00e1t\u016f strategicky p\u0159ipravilo<\/span><\/strong><span dir=\"auto\">\u00a0. Nejde jen o v\u00e1lku na Bl\u00edzk\u00e9m v\u00fdchod\u011b. Je to sou\u010d\u00e1st mnohem v\u011bt\u0161\u00edho geopolitick\u00e9ho mocensk\u00e9ho boje mezi st\u00e1vaj\u00edc\u00edm \u0159\u00e1dem ovl\u00e1dan\u00fdm Z\u00e1padem a novou multipol\u00e1rn\u00ed strukturou soust\u0159ed\u011bnou kolem Ruska, \u010c\u00edny, \u00cdr\u00e1nu a rostouc\u00ed s\u00edt\u011b BRICS.<\/span><\/p>\n<p><img decoding=\"async\" loading=\"lazy\" class=\"aligncenter\" src=\"https:\/\/i0.wp.com\/uncutnews.ch\/wp-content\/uploads\/2026\/03\/sticje.png?fit=683%2C1024&amp;ssl=1\" width=\"527\" height=\"790\" \/><\/p>\n<p><span dir=\"auto\">Brazilsk\u00fd analytik Pepe Escobar\u00a0<\/span><a href=\"https:\/\/uncutnews.ch\/das-mosaik-des-todes-durch-tausend-schnitte\/\" target=\"_blank\" rel=\"noreferrer noopener\" data-type=\"link\" data-id=\"https:\/\/uncutnews.ch\/das-mosaik-des-todes-durch-tausend-schnitte\/\"><span dir=\"auto\">popisuje \u00edr\u00e1nskou vojenskou strategii<\/span><\/a><span dir=\"auto\">\u00a0jako \u201emozaikovou obranu\u201c. Jej\u00ed \u00fa\u010dinek lze v\u0161ak ch\u00e1pat i jako v\u00e1lku tis\u00edce \u0159ez\u016f: dlouhodobou strategii,\u00a0<\/span><strong><span dir=\"auto\">jej\u00edm\u017e c\u00edlem nen\u00ed porazit americk\u00e9 imp\u00e9rium a cel\u00fd z\u00e1padn\u00ed syst\u00e9m jedin\u00fdm vojensk\u00fdm \u00faderem, ale pomalu ho vykrv\u00e1cet ekonomicky, politicky a finan\u010dn\u011b.<\/span><\/strong><\/p>\n<p><em><span dir=\"auto\">Mapa americk\u00fdch vojensk\u00fdch z\u00e1kladen kolem \u00cdr\u00e1nu. Na to se p\u0159ipravuj\u00ed u\u017e cel\u00e1 desetilet\u00ed.<\/span><\/em><\/p>\n<div class=\"twitter-tweet twitter-tweet-rendered\"><iframe id=\"twitter-widget-0\" class=\"\" title=\"X Post\" src=\"https:\/\/platform.twitter.com\/embed\/Tweet.html?dnt=false&amp;embedId=twitter-widget-0&amp;features=eyJ0ZndfdGltZWxpbmVfbGlzdCI6eyJidWNrZXQiOltdLCJ2ZXJzaW9uIjpudWxsfSwidGZ3X2ZvbGxvd2VyX2NvdW50X3N1bnNldCI6eyJidWNrZXQiOnRydWUsInZlcnNpb24iOm51bGx9LCJ0ZndfdHdlZXRfZWRpdF9iYWNrZW5kIjp7ImJ1Y2tldCI6Im9uIiwidmVyc2lvbiI6bnVsbH0sInRmd19yZWZzcmNfc2Vzc2lvbiI6eyJidWNrZXQiOiJvbiIsInZlcnNpb24iOm51bGx9LCJ0ZndfZm9zbnJfc29mdF9pbnRlcnZlbnRpb25zX2VuYWJsZWQiOnsiYnVja2V0Ijoib24iLCJ2ZXJzaW9uIjpudWxsfSwidGZ3X21peGVkX21lZGlhXzE1ODk3Ijp7ImJ1Y2tldCI6InRyZWF0bWVudCIsInZlcnNpb24iOm51bGx9LCJ0ZndfZXhwZXJpbWVudHNfY29va2llX2V4cGlyYXRpb24iOnsiYnVja2V0IjoxMjA5NjAwLCJ2ZXJzaW9uIjpudWxsfSwidGZ3X3Nob3dfYmlyZHdhdGNoX3Bpdm90c19lbmFibGVkIjp7ImJ1Y2tldCI6Im9uIiwidmVyc2lvbiI6bnVsbH0sInRmd19kdXBsaWNhdGVfc2NyaWJlc190b19zZXR0aW5ncyI6eyJidWNrZXQiOiJvbiIsInZlcnNpb24iOm51bGx9LCJ0ZndfdXNlX3Byb2ZpbGVfaW1hZ2Vfc2hhcGVfZW5hYmxlZCI6eyJidWNrZXQiOiJvbiIsInZlcnNpb24iOm51bGx9LCJ0ZndfdmlkZW9faGxzX2R5bmFtaWNfbWFuaWZlc3RzXzE1MDgyIjp7ImJ1Y2tldCI6InRydWVfYml0cmF0ZSIsInZlcnNpb24iOm51bGx9LCJ0ZndfbGVnYWN5X3RpbWVsaW5lX3N1bnNldCI6eyJidWNrZXQiOnRydWUsInZlcnNpb24iOm51bGx9LCJ0ZndfdHdlZXRfZWRpdF9mcm9udGVuZCI6eyJidWNrZXQiOiJvbiIsInZlcnNpb24iOm51bGx9fQ%3D%3D&amp;frame=false&amp;hideCard=false&amp;hideThread=false&amp;id=2029506541288878331&amp;lang=cs&amp;origin=https%3A%2F%2Funcutnews.ch%2Fkrieg-gegen-den-iran-brics-staaten-legen-schritt-fur-schritt-ihre-position-offen-endspiel-zwischen-dem-westen-und-der-aufsteigenden-multipolaren-ordnung-zeichnet-sich-ab%2F&amp;sessionId=be785428952eea70c1d7f44d782014cdaffd2067&amp;theme=light&amp;widgetsVersion=2615f7e52b7e0%3A1702314776716&amp;width=550px\" frameborder=\"0\" scrolling=\"no\" allowfullscreen=\"allowfullscreen\" data-tweet-id=\"2029506541288878331\" data-mce-fragment=\"1\"><\/iframe><\/div>\n<h2 class=\"wp-block-heading\"><span dir=\"auto\">Dlouho o\u010dek\u00e1van\u00fd konflikt<\/span><\/h2>\n<p><span dir=\"auto\">V Teher\u00e1nu byl p\u0159\u00edm\u00fd konflikt se Spojen\u00fdmi st\u00e1ty nebo Izraelem po mnoho let pova\u017eov\u00e1n za mo\u017en\u00fd sc\u00e9n\u00e1\u0159. \u00cdr\u00e1n proto v pr\u016fb\u011bhu desetilet\u00ed vypracoval strategii, kter\u00e1 se zam\u011b\u0159uje na dlouhodobou odolnost.<\/span><\/p>\n<p><span dir=\"auto\">Tato strategie je zalo\u017eena na n\u011bkolika prvc\u00edch:<\/span><\/p>\n<ul>\n<li><span dir=\"auto\">asymetrick\u00e1 v\u00e1lka<\/span><\/li>\n<li><span dir=\"auto\">region\u00e1ln\u00ed aliance a z\u00e1stupn\u00e9 struktury<\/span><\/li>\n<li><span dir=\"auto\">Technologie raket a dron\u016f<\/span><\/li>\n<li><span dir=\"auto\">Kybernetick\u00fd a elektronick\u00fd boj<\/span><\/li>\n<li><span dir=\"auto\">strategick\u00e1 trp\u011blivost<\/span><\/li>\n<\/ul>\n<p><span dir=\"auto\">J\u00e1drem t\u00e9to doktr\u00edny nen\u00ed dosa\u017een\u00ed rychl\u00e9ho vojensk\u00e9ho v\u00edt\u011bzstv\u00ed. Sp\u00ed\u0161e jde o postupn\u00e9 vy\u010derp\u00e1n\u00ed p\u0159esily soupe\u0159e a trval\u00e9 sv\u00e1z\u00e1n\u00ed jeho zdroj\u016f.<\/span><\/p>\n<h2 class=\"wp-block-heading\"><span dir=\"auto\">\u00cdr\u00e1n jako sou\u010d\u00e1st \u0161ir\u0161\u00ed geopolitick\u00e9 osy<\/span><\/h2>\n<p><span dir=\"auto\">\u00cdr\u00e1n ji\u017e nen\u00ed izolovan\u00fd. V posledn\u00edch letech se zem\u011b st\u00e1le v\u00edce integruje do v\u011bt\u0161\u00ed geopolitick\u00e9 s\u00edt\u011b.<\/span><\/p>\n<p><span dir=\"auto\">Rusko, \u010c\u00edna a n\u011bkolik zem\u00ed BRICS v\u00fdrazn\u011b prohloubily svou spolupr\u00e1ci s Teher\u00e1nem. To zahrnuje hospod\u00e1\u0159skou spolupr\u00e1ci, energetick\u00e1 partnerstv\u00ed, technologickou spolupr\u00e1ci a pos\u00edlen\u00ed vojensk\u00e9 koordinace.<\/span><\/p>\n<p><span dir=\"auto\">Rusko poskytuje vojensk\u00e9 technologie a strategickou spolupr\u00e1ci.<\/span><br \/>\n<span dir=\"auto\">\u010c\u00edna investuje zna\u010dn\u00e9 prost\u0159edky do infrastruktury a energetick\u00fdch projekt\u016f.<\/span><br \/>\n<span dir=\"auto\">Tyto zem\u011b spole\u010dn\u011b pracuj\u00ed na budov\u00e1n\u00ed alternativn\u00edch obchodn\u00edch a finan\u010dn\u00edch syst\u00e9m\u016f.<\/span><\/p>\n<p><span dir=\"auto\">Z tohoto pohledu nen\u00ed \u00cdr\u00e1n jen region\u00e1ln\u00edm akt\u00e9rem na Bl\u00edzk\u00e9m v\u00fdchod\u011b. Je sou\u010d\u00e1st\u00ed \u0161ir\u0161\u00ed eurasijsk\u00e9 strategie zam\u011b\u0159en\u00e9 na omezen\u00ed dominance Z\u00e1padu v glob\u00e1ln\u00edm syst\u00e9mu.<\/span><\/p>\n<h2 class=\"wp-block-heading\"><span dir=\"auto\">Petrodolar \u2013 z\u00e1klad americk\u00e9 moci<\/span><\/h2>\n<p><em><span dir=\"auto\">Podle zpr\u00e1v zem\u011b BRICS, Sa\u00fadsk\u00e1 Ar\u00e1bie a Spojen\u00e9 arabsk\u00e9 emir\u00e1ty, signalizuj\u00ed diplomatickou r\u00e9torikou rostouc\u00ed distanc od Washingtonu a zva\u017euj\u00ed sn\u00ed\u017een\u00ed investic v USA v d\u016fsledku v\u00e1lky s \u00cdr\u00e1nem.<\/span><\/em><\/p>\n<p><em><span dir=\"auto\">Sa\u00fadsk\u00e1 Ar\u00e1bie, Spojen\u00e9 arabsk\u00e9 emir\u00e1ty, Kuvajt a Katar podle Financial Times jednaj\u00ed o revizi smluv s USA a sn\u00ed\u017een\u00ed budouc\u00edch investic s c\u00edlem zm\u00edrnit ekonomick\u00e9 dopady v\u00e1lky s \u00cdr\u00e1nem\u00a0<\/span><\/em><a href=\"https:\/\/www.ft.com\/content\/68ea0ad9-618a-4a08-9732-3e9998c4d212\" target=\"_blank\" rel=\"noreferrer noopener\" data-type=\"link\" data-id=\"https:\/\/www.ft.com\/content\/68ea0ad9-618a-4a08-9732-3e9998c4d212\"><span dir=\"auto\">.<\/span><\/a><\/p>\n<div class=\"twitter-tweet twitter-tweet-rendered\"><iframe id=\"twitter-widget-1\" class=\"\" title=\"X Post\" src=\"https:\/\/platform.twitter.com\/embed\/Tweet.html?dnt=false&amp;embedId=twitter-widget-1&amp;features=eyJ0ZndfdGltZWxpbmVfbGlzdCI6eyJidWNrZXQiOltdLCJ2ZXJzaW9uIjpudWxsfSwidGZ3X2ZvbGxvd2VyX2NvdW50X3N1bnNldCI6eyJidWNrZXQiOnRydWUsInZlcnNpb24iOm51bGx9LCJ0ZndfdHdlZXRfZWRpdF9iYWNrZW5kIjp7ImJ1Y2tldCI6Im9uIiwidmVyc2lvbiI6bnVsbH0sInRmd19yZWZzcmNfc2Vzc2lvbiI6eyJidWNrZXQiOiJvbiIsInZlcnNpb24iOm51bGx9LCJ0ZndfZm9zbnJfc29mdF9pbnRlcnZlbnRpb25zX2VuYWJsZWQiOnsiYnVja2V0Ijoib24iLCJ2ZXJzaW9uIjpudWxsfSwidGZ3X21peGVkX21lZGlhXzE1ODk3Ijp7ImJ1Y2tldCI6InRyZWF0bWVudCIsInZlcnNpb24iOm51bGx9LCJ0ZndfZXhwZXJpbWVudHNfY29va2llX2V4cGlyYXRpb24iOnsiYnVja2V0IjoxMjA5NjAwLCJ2ZXJzaW9uIjpudWxsfSwidGZ3X3Nob3dfYmlyZHdhdGNoX3Bpdm90c19lbmFibGVkIjp7ImJ1Y2tldCI6Im9uIiwidmVyc2lvbiI6bnVsbH0sInRmd19kdXBsaWNhdGVfc2NyaWJlc190b19zZXR0aW5ncyI6eyJidWNrZXQiOiJvbiIsInZlcnNpb24iOm51bGx9LCJ0ZndfdXNlX3Byb2ZpbGVfaW1hZ2Vfc2hhcGVfZW5hYmxlZCI6eyJidWNrZXQiOiJvbiIsInZlcnNpb24iOm51bGx9LCJ0ZndfdmlkZW9faGxzX2R5bmFtaWNfbWFuaWZlc3RzXzE1MDgyIjp7ImJ1Y2tldCI6InRydWVfYml0cmF0ZSIsInZlcnNpb24iOm51bGx9LCJ0ZndfbGVnYWN5X3RpbWVsaW5lX3N1bnNldCI6eyJidWNrZXQiOnRydWUsInZlcnNpb24iOm51bGx9LCJ0ZndfdHdlZXRfZWRpdF9mcm9udGVuZCI6eyJidWNrZXQiOiJvbiIsInZlcnNpb24iOm51bGx9fQ%3D%3D&amp;frame=false&amp;hideCard=false&amp;hideThread=false&amp;id=2029710928560660645&amp;lang=cs&amp;origin=https%3A%2F%2Funcutnews.ch%2Fkrieg-gegen-den-iran-brics-staaten-legen-schritt-fur-schritt-ihre-position-offen-endspiel-zwischen-dem-westen-und-der-aufsteigenden-multipolaren-ordnung-zeichnet-sich-ab%2F&amp;sessionId=be785428952eea70c1d7f44d782014cdaffd2067&amp;theme=light&amp;widgetsVersion=2615f7e52b7e0%3A1702314776716&amp;width=550px\" frameborder=\"0\" scrolling=\"no\" allowfullscreen=\"allowfullscreen\" data-tweet-id=\"2029710928560660645\" data-mce-fragment=\"1\"><\/iframe><\/div>\n<p><span dir=\"auto\">V j\u00e1dru tohoto geopolitick\u00e9ho konfliktu nele\u017e\u00ed jen vojensk\u00e1 s\u00edla, ale tak\u00e9 mezin\u00e1rodn\u00ed finan\u010dn\u00ed syst\u00e9m.<\/span><\/p>\n<p><em><span dir=\"auto\">Americk\u00e9 trhy se zhrout\u00ed. Rozhodn\u011b.<\/span><\/em><\/p>\n<div class=\"twitter-tweet twitter-tweet-rendered\"><iframe id=\"twitter-widget-2\" class=\"\" title=\"X Post\" src=\"https:\/\/platform.twitter.com\/embed\/Tweet.html?dnt=false&amp;embedId=twitter-widget-2&amp;features=eyJ0ZndfdGltZWxpbmVfbGlzdCI6eyJidWNrZXQiOltdLCJ2ZXJzaW9uIjpudWxsfSwidGZ3X2ZvbGxvd2VyX2NvdW50X3N1bnNldCI6eyJidWNrZXQiOnRydWUsInZlcnNpb24iOm51bGx9LCJ0ZndfdHdlZXRfZWRpdF9iYWNrZW5kIjp7ImJ1Y2tldCI6Im9uIiwidmVyc2lvbiI6bnVsbH0sInRmd19yZWZzcmNfc2Vzc2lvbiI6eyJidWNrZXQiOiJvbiIsInZlcnNpb24iOm51bGx9LCJ0ZndfZm9zbnJfc29mdF9pbnRlcnZlbnRpb25zX2VuYWJsZWQiOnsiYnVja2V0Ijoib24iLCJ2ZXJzaW9uIjpudWxsfSwidGZ3X21peGVkX21lZGlhXzE1ODk3Ijp7ImJ1Y2tldCI6InRyZWF0bWVudCIsInZlcnNpb24iOm51bGx9LCJ0ZndfZXhwZXJpbWVudHNfY29va2llX2V4cGlyYXRpb24iOnsiYnVja2V0IjoxMjA5NjAwLCJ2ZXJzaW9uIjpudWxsfSwidGZ3X3Nob3dfYmlyZHdhdGNoX3Bpdm90c19lbmFibGVkIjp7ImJ1Y2tldCI6Im9uIiwidmVyc2lvbiI6bnVsbH0sInRmd19kdXBsaWNhdGVfc2NyaWJlc190b19zZXR0aW5ncyI6eyJidWNrZXQiOiJvbiIsInZlcnNpb24iOm51bGx9LCJ0ZndfdXNlX3Byb2ZpbGVfaW1hZ2Vfc2hhcGVfZW5hYmxlZCI6eyJidWNrZXQiOiJvbiIsInZlcnNpb24iOm51bGx9LCJ0ZndfdmlkZW9faGxzX2R5bmFtaWNfbWFuaWZlc3RzXzE1MDgyIjp7ImJ1Y2tldCI6InRydWVfYml0cmF0ZSIsInZlcnNpb24iOm51bGx9LCJ0ZndfbGVnYWN5X3RpbWVsaW5lX3N1bnNldCI6eyJidWNrZXQiOnRydWUsInZlcnNpb24iOm51bGx9LCJ0ZndfdHdlZXRfZWRpdF9mcm9udGVuZCI6eyJidWNrZXQiOiJvbiIsInZlcnNpb24iOm51bGx9fQ%3D%3D&amp;frame=false&amp;hideCard=false&amp;hideThread=false&amp;id=2029651558921818545&amp;lang=cs&amp;origin=https%3A%2F%2Funcutnews.ch%2Fkrieg-gegen-den-iran-brics-staaten-legen-schritt-fur-schritt-ihre-position-offen-endspiel-zwischen-dem-westen-und-der-aufsteigenden-multipolaren-ordnung-zeichnet-sich-ab%2F&amp;sessionId=be785428952eea70c1d7f44d782014cdaffd2067&amp;theme=light&amp;widgetsVersion=2615f7e52b7e0%3A1702314776716&amp;width=550px\" frameborder=\"0\" scrolling=\"no\" allowfullscreen=\"allowfullscreen\" data-tweet-id=\"2029651558921818545\" data-mce-fragment=\"1\"><\/iframe><\/div>\n<p><span dir=\"auto\">Od 70. let 20. stolet\u00ed je velk\u00e1 \u010d\u00e1st americk\u00e9 glob\u00e1ln\u00ed moci zalo\u017eena na tzv. petrodolarov\u00e9m syst\u00e9mu. Ropa se obchoduje p\u0159ev\u00e1\u017en\u011b v americk\u00fdch dolarech, co\u017e vytv\u00e1\u0159\u00ed neust\u00e1lou glob\u00e1ln\u00ed popt\u00e1vku po dolarech.<\/span><\/p>\n<p><span dir=\"auto\">Tento syst\u00e9m umo\u017e\u0148uje Spojen\u00fdm st\u00e1t\u016fm:<\/span><\/p>\n<ul>\n<li><span dir=\"auto\">financovat obrovsk\u00e9 rozpo\u010dtov\u00e9 deficity<\/span><\/li>\n<li><span dir=\"auto\">udr\u017eet si glob\u00e1ln\u00ed vojenskou p\u0159\u00edtomnost<\/span><\/li>\n<li><span dir=\"auto\">um\u00edstit sv\u00e9 st\u00e1tn\u00ed dluhopisy po cel\u00e9m sv\u011bt\u011b<\/span><\/li>\n<li><span dir=\"auto\">pou\u017e\u00edvat sankce jako geopolitick\u00fd n\u00e1stroj<\/span><\/li>\n<\/ul>\n<p><span dir=\"auto\">Dokud se ropa bude obchodovat p\u0159ev\u00e1\u017en\u011b v dolarech, z\u016fstane dolar \u00fast\u0159edn\u00ed m\u011bnou glob\u00e1ln\u00edho ekonomick\u00e9ho syst\u00e9mu.<\/span><\/p>\n<p><span dir=\"auto\">Ale pr\u00e1v\u011b tento syst\u00e9m je st\u00e1le v\u00edce pod tlakem.<\/span><\/p>\n<p><span dir=\"auto\">\u010c\u00edna, Rusko a n\u011bkolik zem\u00ed BRICS se sna\u017e\u00ed postupn\u011b odd\u011blit mezin\u00e1rodn\u00ed obchodn\u00ed struktury od dolaru. Energetick\u00e9 transakce se st\u00e1le \u010dast\u011bji prov\u00e1d\u011bj\u00ed v jin\u00fdch m\u011bn\u00e1ch a z\u00e1rove\u0148 vznikaj\u00ed alternativn\u00ed finan\u010dn\u00ed instituce.<\/span><\/p>\n<h2 class=\"wp-block-heading\"><span dir=\"auto\">Hormuzsk\u00fd pr\u016fliv \u2013 strategick\u00e1 p\u00e1ka<\/span><\/h2>\n<p><span dir=\"auto\">Jedn\u00edm z nejzraniteln\u011bj\u0161\u00edch m\u00edst glob\u00e1ln\u00ed ekonomiky je Hormuzsk\u00fd pr\u016fliv.<\/span><\/p>\n<p><span dir=\"auto\">Touto \u00fa\u017einou proch\u00e1z\u00ed v\u00fdznamn\u00e1 \u010d\u00e1st sv\u011btov\u00e9ho obchodu s ropou. I drobn\u00e9 naru\u0161en\u00ed provozu m\u016f\u017ee ot\u0159\u00e1st glob\u00e1ln\u00edmi trhy.<\/span><\/p>\n<p><span dir=\"auto\">Trasa ani nemus\u00ed b\u00fdt \u00fapln\u011b zablokov\u00e1na. Sta\u010d\u00ed pouh\u00e1 nejistota.<\/span><\/p>\n<p><span dir=\"auto\">Rostouc\u00ed pojistn\u00e9 pro tankery, del\u0161\u00ed p\u0159epravn\u00ed trasy a rostouc\u00ed n\u00e1klady na energie mohou spustit ekonomickou \u0159et\u011bzovou reakci:<\/span><\/p>\n<ul>\n<li><span dir=\"auto\">vy\u0161\u0161\u00ed ceny ropy<\/span><\/li>\n<li><span dir=\"auto\">inflace<\/span><\/li>\n<li><span dir=\"auto\">naru\u0161en\u00e9 dodavatelsk\u00e9 \u0159et\u011bzce<\/span><\/li>\n<li><span dir=\"auto\">ekonomick\u00e1 nestabilita<\/span><\/li>\n<\/ul>\n<p><span dir=\"auto\">Tato dynamika se neomezuje pouze na Bl\u00edzk\u00fd v\u00fdchod. Postihuje p\u0159edev\u0161\u00edm hlavn\u00ed pr\u016fmyslov\u011b vysp\u011bl\u00e9 zem\u011b.<\/span><\/p>\n<h2 class=\"wp-block-heading\"><span dir=\"auto\">Energetick\u00fd probl\u00e9m Evropy \u2013 dal\u0161\u00ed tlakov\u00fd bod<\/span><\/h2>\n<p><span dir=\"auto\">Evropa je v tomto kontextu obzvl\u00e1\u0161t\u011b zraniteln\u00e1.<\/span><\/p>\n<p><span dir=\"auto\">Mnoho evropsk\u00fdch zem\u00ed v posledn\u00edch letech ztratilo nebo v\u00fdrazn\u011b omezilo dovoz levn\u00e9 energie z Ruska. Z\u00e1rove\u0148 geopolitick\u00e9 nap\u011bt\u00ed zvy\u0161uje glob\u00e1ln\u00ed ceny energi\u00ed. Zat\u00edmco se Evropa sna\u017e\u00ed tuto propast p\u0159eklenout prost\u0159ednictv\u00edm nov\u00fdch energetick\u00fdch dohod se st\u00e1ty Persk\u00e9ho z\u00e1livu, jako jsou Katar, Spojen\u00e9 arabsk\u00e9 emir\u00e1ty a Sa\u00fadsk\u00e1 Ar\u00e1bie, pr\u00e1v\u011b tento region se nyn\u00ed ocit\u00e1 v centru konfliktu. To ohro\u017euje tyto nov\u00e9 dodavatelsk\u00e9 \u0159et\u011bzce \u2013 situace, kter\u00e1 by mohla d\u00e1le destabilizovat ji\u017e tak napjat\u00e9 z\u00e1sobov\u00e1n\u00ed energi\u00ed v Evrop\u011b.<\/span><\/p>\n<p><span dir=\"auto\">To vyv\u00edj\u00ed rostouc\u00ed tlak na evropskou ekonomiku.<\/span><\/p>\n<p><strong><span dir=\"auto\">V t\u00e9to souvislosti vzbudilo pozornost ned\u00e1vn\u00e9 prohl\u00e1\u0161en\u00ed rusk\u00e9ho prezidenta Vladimira Putina. Nazna\u010dil, \u017ee Rusko by v p\u0159\u00edpad\u011b dal\u0161\u00ed eskalace mohlo d\u00e1le omezit nebo dokonce \u00fapln\u011b zastavit dod\u00e1vky energie.<\/span><\/strong><\/p>\n<div class=\"twitter-tweet twitter-tweet-rendered\"><iframe id=\"twitter-widget-3\" class=\"\" title=\"X Post\" src=\"https:\/\/platform.twitter.com\/embed\/Tweet.html?dnt=false&amp;embedId=twitter-widget-3&amp;features=eyJ0ZndfdGltZWxpbmVfbGlzdCI6eyJidWNrZXQiOltdLCJ2ZXJzaW9uIjpudWxsfSwidGZ3X2ZvbGxvd2VyX2NvdW50X3N1bnNldCI6eyJidWNrZXQiOnRydWUsInZlcnNpb24iOm51bGx9LCJ0ZndfdHdlZXRfZWRpdF9iYWNrZW5kIjp7ImJ1Y2tldCI6Im9uIiwidmVyc2lvbiI6bnVsbH0sInRmd19yZWZzcmNfc2Vzc2lvbiI6eyJidWNrZXQiOiJvbiIsInZlcnNpb24iOm51bGx9LCJ0ZndfZm9zbnJfc29mdF9pbnRlcnZlbnRpb25zX2VuYWJsZWQiOnsiYnVja2V0Ijoib24iLCJ2ZXJzaW9uIjpudWxsfSwidGZ3X21peGVkX21lZGlhXzE1ODk3Ijp7ImJ1Y2tldCI6InRyZWF0bWVudCIsInZlcnNpb24iOm51bGx9LCJ0ZndfZXhwZXJpbWVudHNfY29va2llX2V4cGlyYXRpb24iOnsiYnVja2V0IjoxMjA5NjAwLCJ2ZXJzaW9uIjpudWxsfSwidGZ3X3Nob3dfYmlyZHdhdGNoX3Bpdm90c19lbmFibGVkIjp7ImJ1Y2tldCI6Im9uIiwidmVyc2lvbiI6bnVsbH0sInRmd19kdXBsaWNhdGVfc2NyaWJlc190b19zZXR0aW5ncyI6eyJidWNrZXQiOiJvbiIsInZlcnNpb24iOm51bGx9LCJ0ZndfdXNlX3Byb2ZpbGVfaW1hZ2Vfc2hhcGVfZW5hYmxlZCI6eyJidWNrZXQiOiJvbiIsInZlcnNpb24iOm51bGx9LCJ0ZndfdmlkZW9faGxzX2R5bmFtaWNfbWFuaWZlc3RzXzE1MDgyIjp7ImJ1Y2tldCI6InRydWVfYml0cmF0ZSIsInZlcnNpb24iOm51bGx9LCJ0ZndfbGVnYWN5X3RpbWVsaW5lX3N1bnNldCI6eyJidWNrZXQiOnRydWUsInZlcnNpb24iOm51bGx9LCJ0ZndfdHdlZXRfZWRpdF9mcm9udGVuZCI6eyJidWNrZXQiOiJvbiIsInZlcnNpb24iOm51bGx9fQ%3D%3D&amp;frame=false&amp;hideCard=false&amp;hideThread=false&amp;id=2029410841712288140&amp;lang=cs&amp;origin=https%3A%2F%2Funcutnews.ch%2Fkrieg-gegen-den-iran-brics-staaten-legen-schritt-fur-schritt-ihre-position-offen-endspiel-zwischen-dem-westen-und-der-aufsteigenden-multipolaren-ordnung-zeichnet-sich-ab%2F&amp;sessionId=be785428952eea70c1d7f44d782014cdaffd2067&amp;theme=light&amp;widgetsVersion=2615f7e52b7e0%3A1702314776716&amp;width=550px\" frameborder=\"0\" scrolling=\"no\" allowfullscreen=\"allowfullscreen\" data-tweet-id=\"2029410841712288140\" data-mce-fragment=\"1\"><\/iframe><\/div>\n<p><span dir=\"auto\">Takov\u00fd v\u00fdvoj by mohl m\u00edt pro Evropu v\u00e1\u017en\u00e9 d\u016fsledky.<\/span><\/p>\n<p><span dir=\"auto\">Pr\u016fmysl, doprava a dod\u00e1vky elekt\u0159iny v mnoha evropsk\u00fdch zem\u00edch jsou siln\u011b z\u00e1visl\u00e9 na stabiln\u00edm dovozu energie. Dal\u0161\u00ed masivn\u00ed energetick\u00fd \u0161ok by mohl v\u00e9st k:<\/span><\/p>\n<ul>\n<li><span dir=\"auto\">rostouc\u00ed inflace<\/span><\/li>\n<li><span dir=\"auto\">Pr\u016fmyslov\u00e9 probl\u00e9my<\/span><\/li>\n<li><span dir=\"auto\">Zastaven\u00ed v\u00fdroby<\/span><\/li>\n<li><span dir=\"auto\">ekonomick\u00e1 nestabilita<\/span><\/li>\n<\/ul>\n<p><span dir=\"auto\">To by nep\u0159\u00edmo ovlivnilo ekonomickou stabilitu st\u00e1t\u016f EU a NATO.<\/span><\/p>\n<h2 class=\"wp-block-heading\"><span dir=\"auto\">V\u00e1lka proti syst\u00e9mu<\/span><\/h2>\n<p><span dir=\"auto\">Z tohoto pohledu se konflikt jev\u00ed v jin\u00e9m sv\u011btle.<\/span><\/p>\n<p><span dir=\"auto\">Nejde jen o v\u00e1lku proti \u00cdr\u00e1nu. Je to konflikt mezi dv\u011bma glob\u00e1ln\u00edmi mocensk\u00fdmi strukturami.<\/span><\/p>\n<p><span dir=\"auto\">Na jedn\u00e9 stran\u011b je z\u00e1padn\u00ed syst\u00e9m USA, EU a NATO \u2013 postaven\u00fd na dominanci dolaru, vojensk\u00e9 p\u0159\u00edtomnosti a glob\u00e1ln\u00ed finan\u010dn\u00ed architektu\u0159e.<\/span><\/p>\n<p><span dir=\"auto\">Na druhou stranu se kolem Ruska, \u010c\u00edny, \u00cdr\u00e1nu a st\u00e1t\u016f BRICS st\u00e1le v\u00edce formuje euroasijsk\u00e1 s\u00ed\u0165, kter\u00e1 rozv\u00edj\u00ed alternativn\u00ed struktury.<\/span><\/p>\n<p><span dir=\"auto\">Konflikt na Bl\u00edzk\u00e9m v\u00fdchod\u011b se tak st\u00e1v\u00e1 geopolitick\u00fdm \u00fast\u0159edn\u00edm bodem tohoto syst\u00e9mov\u00e9ho boje.<\/span><\/p>\n<h2 class=\"wp-block-heading\"><span dir=\"auto\">Logika tis\u00edce steh\u016f<\/span><\/h2>\n<p><span dir=\"auto\">Pr\u00e1v\u011b zde se odv\u00edj\u00ed strategick\u00e1 logika \u00edr\u00e1nsk\u00e9 doktr\u00edny.<\/span><\/p>\n<p><span dir=\"auto\">\u00cdr\u00e1n nepot\u0159ebuje Spojen\u00e9 st\u00e1ty vojensky porazit. Sta\u010d\u00ed, aby st\u00e1vaj\u00edc\u00ed syst\u00e9m byl natolik drah\u00fd a nestabiln\u00ed, \u017ee se nakonec s\u00e1m vy\u010derp\u00e1.<\/span><\/p>\n<p><span dir=\"auto\">Ka\u017ed\u00e1 eskalace zvy\u0161uje:<\/span><\/p>\n<ul>\n<li><span dir=\"auto\">Ceny energi\u00ed<\/span><\/li>\n<li><span dir=\"auto\">N\u00e1klady na dopravu<\/span><\/li>\n<li><span dir=\"auto\">inflace<\/span><\/li>\n<li><span dir=\"auto\">finan\u010dn\u00ed z\u00e1t\u011b\u017e pro z\u00e1padn\u00ed st\u00e1ty<\/span><\/li>\n<\/ul>\n<p><span dir=\"auto\">To m\u011bn\u00ed v\u00e1lku v ekonomickou vy\u010derp\u00e1vac\u00ed v\u00e1lku.<\/span><\/p>\n<p><span dir=\"auto\">O v\u00fdsledku nerozhoduje jedin\u00e1 bitva, ale dlouhodob\u00e1 z\u00e1t\u011b\u017e syst\u00e9mu.<\/span><\/p>\n<h2 class=\"wp-block-heading\"><span dir=\"auto\">Mo\u017en\u00fd bod zlomu ve sv\u011btov\u00e9m \u0159\u00e1du<\/span><\/h2>\n<p><span dir=\"auto\">Konflikt mezi USA, Izraelem a \u00cdr\u00e1nem by se proto mohl uk\u00e1zat jako historick\u00fd zlom.<\/span><\/p>\n<p><span dir=\"auto\">Nen\u00ed to jen region\u00e1ln\u00ed v\u00e1lka. Mohla by se st\u00e1t katalyz\u00e1torem glob\u00e1ln\u00edho mocensk\u00e9ho posunu.<\/span><\/p>\n<p><span dir=\"auto\">Pokud petrodolar ztrat\u00ed na v\u00fdznamu, pokud se objev\u00ed alternativn\u00ed finan\u010dn\u00ed syst\u00e9my a pokud eurasijsk\u00e1 spolupr\u00e1ce bude nad\u00e1le r\u016fst, mohl by se st\u00e1vaj\u00edc\u00ed glob\u00e1ln\u00ed \u0159\u00e1d dostat pod tlak.<\/span><\/p>\n<p><span dir=\"auto\">Pak se objevila realita, kter\u00e1 byla dlouho pova\u017eov\u00e1na za nemyslitelnou:<\/span><\/p>\n<p><span dir=\"auto\">Sv\u011bt, kde imp\u00e9rium nekon\u010d\u00ed vojenskou por\u00e1\u017ekou.<\/span><\/p>\n<p><span dir=\"auto\">Ale sp\u00ed\u0161e pomalou eroz\u00ed jej\u00edch ekonomick\u00fdch z\u00e1klad\u016f \u2013 steh po stehu.<\/span><\/p>\n<p><em><strong><span dir=\"auto\">Anal\u00fdza<\/span><\/strong><span dir=\"auto\"> od Dona<\/span><\/em><\/p>\n<p>&nbsp;<\/p>\n","protected":false},"excerpt":{"rendered":"<p>V\u00e1lka mezi USA, Izraelem a \u00cdr\u00e1nem je v mnoha z\u00e1padn\u00edch m\u00e9di\u00edch prezentov\u00e1na jako n\u00e1hle eskaluj\u00edc\u00ed&#8230;<\/p>\n","protected":false},"author":2,"featured_media":64654,"comment_status":"closed","ping_status":"closed","sticky":false,"template":"","format":"standard","meta":[],"categories":[7],"tags":[1042,1161,41,38,40],"_links":{"self":[{"href":"https:\/\/www.infokuryr.cz\/n\/wp-json\/wp\/v2\/posts\/101185"}],"collection":[{"href":"https:\/\/www.infokuryr.cz\/n\/wp-json\/wp\/v2\/posts"}],"about":[{"href":"https:\/\/www.infokuryr.cz\/n\/wp-json\/wp\/v2\/types\/post"}],"author":[{"embeddable":true,"href":"https:\/\/www.infokuryr.cz\/n\/wp-json\/wp\/v2\/users\/2"}],"replies":[{"embeddable":true,"href":"https:\/\/www.infokuryr.cz\/n\/wp-json\/wp\/v2\/comments?post=101185"}],"version-history":[{"count":0,"href":"https:\/\/www.infokuryr.cz\/n\/wp-json\/wp\/v2\/posts\/101185\/revisions"}],"wp:featuredmedia":[{"embeddable":true,"href":"https:\/\/www.infokuryr.cz\/n\/wp-json\/wp\/v2\/media\/64654"}],"wp:attachment":[{"href":"https:\/\/www.infokuryr.cz\/n\/wp-json\/wp\/v2\/media?parent=101185"}],"wp:term":[{"taxonomy":"category","embeddable":true,"href":"https:\/\/www.infokuryr.cz\/n\/wp-json\/wp\/v2\/categories?post=101185"},{"taxonomy":"post_tag","embeddable":true,"href":"https:\/\/www.infokuryr.cz\/n\/wp-json\/wp\/v2\/tags?post=101185"}],"curies":[{"name":"wp","href":"https:\/\/api.w.org\/{rel}","templated":true}]}}