{"id":101166,"date":"2026-03-06T06:05:56","date_gmt":"2026-03-06T05:05:56","guid":{"rendered":"https:\/\/www.infokuryr.cz\/n\/?p=101166"},"modified":"2026-03-06T06:05:56","modified_gmt":"2026-03-06T05:05:56","slug":"iran-pouziva-svuj-nejrychlejsi-a-nejnenapadnejsi-dron-k-dalsi-vlne-uderu-v-perskem-zalivu","status":"publish","type":"post","link":"https:\/\/www.infokuryr.cz\/n\/2026\/03\/06\/iran-pouziva-svuj-nejrychlejsi-a-nejnenapadnejsi-dron-k-dalsi-vlne-uderu-v-perskem-zalivu\/","title":{"rendered":"\u00cdr\u00e1n pou\u017e\u00edv\u00e1 sv\u016fj nejrychlej\u0161\u00ed a nejnen\u00e1padn\u011bj\u0161\u00ed dron k dal\u0161\u00ed vln\u011b \u00fader\u016f v Persk\u00e9m z\u00e1livu"},"content":{"rendered":"<div id=\"fb-root\"><\/div>\n<p><strong><span dir=\"auto\">\u00cdr\u00e1n za\u010dal pou\u017e\u00edvat sv\u016fj nejnen\u00e1padn\u011bj\u0161\u00ed a nejrychlej\u0161\u00ed sebevra\u017eedn\u00fd dron Hadid-110, jak vypl\u00fdv\u00e1 z videoz\u00e1znamu zve\u0159ejn\u011bn\u00e9ho st\u00e1tn\u00edmi m\u00e9dii 4. b\u0159ezna.<\/span><\/strong><\/p>\n<p><span dir=\"auto\">Proudov\u00fd dron Hadid-110, kter\u00fd byl p\u0159edstaven loni, se vyzna\u010duje nen\u00e1padn\u00fdm fazetov\u00fdm designem. Je pova\u017eov\u00e1n za nejrychlej\u0161\u00ed dron Isl\u00e1msk\u00e9 republiky s rychlost\u00ed p\u0159es 510 kilometr\u016f za hodinu. Dron m\u00e1 dolet 350 kilometr\u016f a nese hlavici o hmotnosti 30 kg.<\/span><\/p>\n<p><span dir=\"auto\">Video zve\u0159ejn\u011bn\u00e9 \u00edr\u00e1nsk\u00fdmi st\u00e1tn\u00edmi m\u00e9dii ukazuje n\u011bkolik raket Hadid-110 odpalovan\u00fdch s pomoc\u00ed raketov\u00fdch posilova\u010d\u016f.<\/span><\/p>\n<p><span dir=\"auto\">Dron byl speci\u00e1ln\u011b navr\u017een k \u00fatoku na citliv\u00e9 c\u00edle, jako jsou radary, velitelsk\u00e1 centra a infrastruktura. Vzhledem k omezen\u00e9mu dosahu Hadid-110 byly drony vid\u011bn\u00e9 na z\u00e1b\u011brech s nejv\u011bt\u0161\u00ed pravd\u011bpodobnost\u00ed pou\u017eity k \u00fatok\u016fm na c\u00edle v sousedn\u00edch zem\u00edch, konkr\u00e9tn\u011b v Ir\u00e1ku, Kuvajtu, Bahrajnu, Kataru nebo Spojen\u00fdch arabsk\u00fdch emir\u00e1tech.<\/span><\/p>\n<p><iframe loading=\"lazy\" src=\"https:\/\/s1.cdnstatic.space\/wp-content\/uploads\/2026\/03\/hadid.mp4\" width=\"600\" height=\"338\" data-mce-fragment=\"1\"><\/iframe><\/p>\n<p><span dir=\"auto\">Isl\u00e1msk\u00e1 republika podnik\u00e1 odvetn\u00e9 \u00fatoky proti Izraeli a vojensk\u00fdm za\u0159\u00edzen\u00edm, kter\u00e1 host\u00ed nebo podporuj\u00ed americk\u00e9 s\u00edly v sousedn\u00edch zem\u00edch, a to od za\u010d\u00e1tku americko-izraelsk\u00e9ho \u00fatoku na jej\u00ed \u00fazem\u00ed minul\u00fd t\u00fdden.<\/span><\/p>\n<p><span dir=\"auto\">Dal\u0161\u00ed vlna \u00edr\u00e1nsk\u00fdch \u00fatok\u016f dron\u016f a raket se odehr\u00e1la 5. b\u0159ezna, p\u0159i\u010dem\u017e hlavn\u00edm c\u00edlem byl Izrael. B\u011bhem \u00fatoku se v Tel Avivu, po cel\u00e9m st\u0159edn\u00edm Izraeli a tak\u00e9 na okupovan\u00e9m Z\u00e1padn\u00edm b\u0159ehu Jord\u00e1nu rozezn\u011bly sir\u00e9ny, co\u017e donutilo miliony lid\u00ed uprchnout do kryt\u016f. Podle prvn\u00edho hodnocen\u00ed izraelsk\u00e9 arm\u00e1dy byl p\u0159i \u00fatoku odp\u00e1len mal\u00fd po\u010det raket.<\/span><\/p>\n<p><span dir=\"auto\">Hebrejsk\u00e1 m\u00e9dia nehl\u00e1sila \u017e\u00e1dn\u00e9 p\u0159\u00edm\u00e9 dopady, ale \u00falomky raket \u00fadajn\u011b dopadly v n\u011bkolika \u010d\u00e1stech centr\u00e1ln\u00edho Izraele.<\/span><\/p>\n<p><iframe loading=\"lazy\" src=\"https:\/\/s1.cdnstatic.space\/wp-content\/uploads\/2026\/03\/avi1.mp4\" width=\"600\" height=\"338\" data-mce-fragment=\"1\"><\/iframe><\/p>\n<p><iframe loading=\"lazy\" src=\"https:\/\/s1.cdnstatic.space\/wp-content\/uploads\/2026\/03\/avi2.mp4\" width=\"600\" height=\"338\" data-mce-fragment=\"1\"><\/iframe><\/p>\n<p><iframe loading=\"lazy\" src=\"https:\/\/s1.cdnstatic.space\/wp-content\/uploads\/2026\/03\/avi3.mp4\" width=\"600\" height=\"338\" data-mce-fragment=\"1\"><\/iframe><\/p>\n<p><span dir=\"auto\">Zachycen\u00ed byla hl\u00e1\u0161ena tak\u00e9 ze Spojen\u00fdch arabsk\u00fdch emir\u00e1t\u016f, Kuvajtu, Kataru a Bahrajnu, kter\u00e9 nesly hlavn\u00ed t\u00edhu t\u00e9to vlny \u00edr\u00e1nsk\u00fdch \u00fatok\u016f.<\/span><\/p>\n<p><iframe loading=\"lazy\" src=\"https:\/\/s1.cdnstatic.space\/wp-content\/uploads\/2026\/03\/qat.mp4\" width=\"600\" height=\"338\" data-mce-fragment=\"1\"><\/iframe><\/p>\n<p><span dir=\"auto\">N\u011bkolik raket zas\u00e1hlo rafinerii vlastn\u011bnou bahrajnskou st\u00e1tn\u00ed ropnou spole\u010dnost\u00ed Bapco na v\u00fdchodn\u00edm pob\u0159e\u017e\u00ed ostrova Sitra, ji\u017en\u011b od hlavn\u00edho m\u011bsta Man\u00e1ma. Vypukl rozs\u00e1hl\u00fd po\u017e\u00e1r, ale \u00fa\u0159edn\u00edci uvedli, \u017ee nedo\u0161lo k \u017e\u00e1dn\u00fdm zran\u011bn\u00edm a provoz rafinerie pokra\u010duje, p\u0159i\u010dem\u017e prob\u00edh\u00e1 vyhodnocov\u00e1n\u00ed \u0161kod.<\/span><\/p>\n<p><iframe loading=\"lazy\" src=\"https:\/\/s1.cdnstatic.space\/wp-content\/uploads\/2026\/03\/bah1.mp4\" width=\"600\" height=\"338\" data-mce-fragment=\"1\"><\/iframe><\/p>\n<p><iframe loading=\"lazy\" src=\"https:\/\/s1.cdnstatic.space\/wp-content\/uploads\/2026\/03\/bah2.mp4\" width=\"600\" height=\"338\" data-mce-fragment=\"1\"><\/iframe><\/p>\n<p><iframe loading=\"lazy\" src=\"https:\/\/s1.cdnstatic.space\/wp-content\/uploads\/2026\/03\/bah3.mp4\" width=\"600\" height=\"338\" data-mce-fragment=\"1\"><\/iframe><\/p>\n<p><iframe loading=\"lazy\" src=\"https:\/\/s1.cdnstatic.space\/wp-content\/uploads\/2026\/03\/bah4.mp4\" width=\"600\" height=\"338\" data-mce-fragment=\"1\"><\/iframe><\/p>\n<p><span dir=\"auto\">Spojen\u00e9 arabsk\u00e9 emir\u00e1ty ze sv\u00e9 strany uvedly, \u017ee jejich protivzdu\u0161n\u00e1 obrana b\u011bhem dne zachytila \u200b\u200bnejm\u00e9n\u011b 131 dron\u016f. V\u00fdbuchy byly hl\u00e1\u0161eny v hlavn\u00edm m\u011bst\u011b Ab\u00fa Zab\u00ed a ve m\u011bst\u011b R\u00e1s al-Chajma, bez zpr\u00e1v o ob\u011btech nebo \u0161kod\u00e1ch.<\/span><\/p>\n<p><iframe loading=\"lazy\" src=\"https:\/\/s1.cdnstatic.space\/wp-content\/uploads\/2026\/03\/du1.mp4\" width=\"600\" height=\"338\" data-mce-fragment=\"1\"><\/iframe><\/p>\n<p><iframe loading=\"lazy\" src=\"https:\/\/s1.cdnstatic.space\/wp-content\/uploads\/2026\/03\/du3.mp4\" width=\"600\" height=\"338\" data-mce-fragment=\"1\"><\/iframe><\/p>\n<p><iframe loading=\"lazy\" src=\"https:\/\/s1.cdnstatic.space\/wp-content\/uploads\/2026\/03\/du4.mp4\" width=\"600\" height=\"338\" data-mce-fragment=\"1\"><\/iframe><\/p>\n<p><iframe loading=\"lazy\" src=\"https:\/\/s1.cdnstatic.space\/wp-content\/uploads\/2026\/03\/du5.mp4\" width=\"600\" height=\"338\" data-mce-fragment=\"1\"><\/iframe><\/p>\n<p><span dir=\"auto\">B\u011bhem dne \u00edr\u00e1nsk\u00fd vojensk\u00fd zdroj sd\u011blil tiskov\u00e9 agentu\u0159e Fars, \u017ee Isl\u00e1msk\u00e1 republika od za\u010d\u00e1tku v\u00e1lky odp\u00e1lila p\u0159es 500 balistick\u00fdch a \u0159\u00edzen\u00fdch st\u0159el a tak\u00e9 p\u0159es 2 000 dron\u016f. Zpr\u00e1va tvrdila, \u017ee 40 % \u00edr\u00e1nsk\u00fdch \u00fatok\u016f bylo nam\u00ed\u0159eno proti Izraeli a zb\u00fdvaj\u00edc\u00edch 60 % proti americk\u00fdm objekt\u016fm v regionu.<\/span><\/p>\n<p><span dir=\"auto\">Posledn\u00ed vlna \u00fader\u016f ukazuje, \u017ee \u00edr\u00e1nsk\u00e9 raketov\u00e9 a bezpilotn\u00ed schopnosti dosud nebyly znateln\u011b oslabeny. Pou\u017eit\u00ed bezpilotn\u00edch letoun\u016f Hadid-110 \u0161est\u00fd den v\u00e1lky dokonce nazna\u010duje, \u017ee Isl\u00e1msk\u00e1 republika m\u00e1 st\u00e1le n\u011bjak\u00e9 karty v ruk\u00e1vu.<\/span><\/p>\n<p><img decoding=\"async\" loading=\"lazy\" class=\"alignnone size-full wp-image-1185\" src=\"http:\/\/www.infokuryr.cz\/n\/wp-content\/uploads\/2021\/04\/kuryr-podpis.png\" alt=\"\" width=\"84\" height=\"24\" \/><\/p>\n<p>&nbsp;<\/p>\n","protected":false},"excerpt":{"rendered":"<p>\u00cdr\u00e1n za\u010dal pou\u017e\u00edvat sv\u016fj nejnen\u00e1padn\u011bj\u0161\u00ed a nejrychlej\u0161\u00ed sebevra\u017eedn\u00fd dron Hadid-110, jak vypl\u00fdv\u00e1 z videoz\u00e1znamu zve\u0159ejn\u011bn\u00e9ho&#8230;<\/p>\n","protected":false},"author":2,"featured_media":101167,"comment_status":"closed","ping_status":"closed","sticky":false,"template":"","format":"standard","meta":[],"categories":[7],"tags":[2856,38,5135],"_links":{"self":[{"href":"https:\/\/www.infokuryr.cz\/n\/wp-json\/wp\/v2\/posts\/101166"}],"collection":[{"href":"https:\/\/www.infokuryr.cz\/n\/wp-json\/wp\/v2\/posts"}],"about":[{"href":"https:\/\/www.infokuryr.cz\/n\/wp-json\/wp\/v2\/types\/post"}],"author":[{"embeddable":true,"href":"https:\/\/www.infokuryr.cz\/n\/wp-json\/wp\/v2\/users\/2"}],"replies":[{"embeddable":true,"href":"https:\/\/www.infokuryr.cz\/n\/wp-json\/wp\/v2\/comments?post=101166"}],"version-history":[{"count":0,"href":"https:\/\/www.infokuryr.cz\/n\/wp-json\/wp\/v2\/posts\/101166\/revisions"}],"wp:featuredmedia":[{"embeddable":true,"href":"https:\/\/www.infokuryr.cz\/n\/wp-json\/wp\/v2\/media\/101167"}],"wp:attachment":[{"href":"https:\/\/www.infokuryr.cz\/n\/wp-json\/wp\/v2\/media?parent=101166"}],"wp:term":[{"taxonomy":"category","embeddable":true,"href":"https:\/\/www.infokuryr.cz\/n\/wp-json\/wp\/v2\/categories?post=101166"},{"taxonomy":"post_tag","embeddable":true,"href":"https:\/\/www.infokuryr.cz\/n\/wp-json\/wp\/v2\/tags?post=101166"}],"curies":[{"name":"wp","href":"https:\/\/api.w.org\/{rel}","templated":true}]}}