{"id":101147,"date":"2026-03-06T05:06:08","date_gmt":"2026-03-06T04:06:08","guid":{"rendered":"https:\/\/www.infokuryr.cz\/n\/?p=101147"},"modified":"2026-03-06T05:06:08","modified_gmt":"2026-03-06T04:06:08","slug":"generalni-tajemnik-nato-prohlasil-ze-neprozradi-kdy-bude-aktivovan-clanek-5-nato","status":"publish","type":"post","link":"https:\/\/www.infokuryr.cz\/n\/2026\/03\/06\/generalni-tajemnik-nato-prohlasil-ze-neprozradi-kdy-bude-aktivovan-clanek-5-nato\/","title":{"rendered":"Gener\u00e1ln\u00ed tajemn\u00edk NATO prohl\u00e1sil, \u017ee neprozrad\u00ed, kdy bude aktivov\u00e1n \u010dl\u00e1nek 5 NATO &#8230;"},"content":{"rendered":"<div id=\"fb-root\"><\/div>\n<h4>Gener\u00e1ln\u00ed tajemn\u00edk NATO prohl\u00e1sil, \u017ee neprozrad\u00ed, kdy bude aktivov\u00e1n \u010dl\u00e1nek 5 NATO a kanadsk\u00fd premi\u00e9r potvrdil, \u017ee vstup do v\u00e1lky s \u00cdr\u00e1nem nelze vylou\u010dit! Trump podle informac\u00ed za\u010dal narychlo skl\u00e1dat koalici zem\u00ed NATO, proto\u017ee ve v\u00e1lce s \u00cdr\u00e1nem se p\u0159epo\u010d\u00edtal! Zva\u017euje se pr\u00fd pozemn\u00ed invaze NATO a Teher\u00e1n prohl\u00e1sil, \u017ee je na ni p\u0159ipraven! Zelensk\u00fd pohrozil Orb\u00e1novi, \u017ee p\u0159ed\u00e1 ukrajinsk\u00fdm voj\u00e1k\u016fm Orb\u00e1novu adresu a telefon, aby si s n\u00edm promluvili!<\/h4>\n<p>Podle unikaj\u00edc\u00edch informac\u00ed z NATO se chyst\u00e1 aktivace \u010dl\u00e1nku 5 a kolektivn\u00ed vstup vybran\u00fdch zem\u00ed NATO do v\u00e1lky s \u00cdr\u00e1nem v d\u016fsledku selh\u00e1n\u00ed Pl\u00e1nu A americk\u00e9 arm\u00e1dy v \u00cdr\u00e1nu. Mezit\u00edm \u00edr\u00e1nsk\u00e1 arm\u00e1da \u00fasp\u011b\u0161n\u011b za\u00fato\u010dila na leti\u0161t\u011b Ben Gurion v Tel Avivu pou\u017eit\u00edm hypersonick\u00e9 rakety odvozen\u00e9 od rusk\u00e9 hypersonick\u00e9 rakety Kin\u017e\u00e1l.<\/p>\n<p><strong>Americk\u00fd PVO syst\u00e9m Thaad nedok\u00e1zal raketu sest\u0159elit a izraelsk\u00e1 m\u00e9dia, p\u0159esto\u017ee maj\u00ed z\u00e1kaz informovat o \u0161kod\u00e1ch v Izraeli, volaj\u00ed po intervenci NATO proti \u00cdr\u00e1nu.<\/strong>\u00a0V\u00e1lka s \u00cdr\u00e1nem p\u0159erostla USA a Izraeli po pouh\u00fdch 6 dnech p\u0159es hlavu. V centr\u00e1le NATO se proto rod\u00ed koali\u010dn\u00ed mise a informace ji\u017e unikli do m\u00e9di\u00ed, tak\u017ee americk\u00e1 stanice Newsmax si pozvala p\u0159\u00edmo \u0161\u00e9fa NATO, aby sd\u011blil v\u00edce informac\u00ed.<\/p>\n<p>&nbsp;<\/p>\n<div id=\"rumble_v74i8fc\">\n<div id=\"vid_v74i8fc\" class=\"rumble_v74i8fc-Rumble-cls\" tabindex=\"-1\"><div class='videoWrapper'>\r\n\t            <iframe src='https:\/\/rumble.com\/embed\/pj.v74i8fc\/' frameborder='0' allowfullscreen><\/iframe>\r\n\t        <\/div><\/div>\n<\/div>\n<p>&nbsp;<\/p>\n<p>Redaktorka se sna\u017eila z gener\u00e1ln\u00edho tajemn\u00edka NATO Marka Rutteho vyt\u00e1hnout odpov\u011bdi na to, kdy bude aktivov\u00e1n \u010dl\u00e1nek 5 smlouvy NATO a jak daleko jsou rozhovory o koali\u010dn\u00ed misi, ale Rutte prohl\u00e1sil, \u017ee mus\u00ed ml\u017eit a nesm\u00ed prozradit, kdy bude \u010dl\u00e1nek aktivov\u00e1n, proto\u017ee kdyby to prozradil, dalo by to v\u00fdhodu nep\u0159\u00e1tel\u016fm.<\/p>\n<p>Redaktorka se sna\u017eila n\u011bco z n\u011bho dostat, ale z Rutteho vypad\u00e1valy jenom nau\u010den\u00e9 a nacvi\u010den\u00e9 fr\u00e1ze, prost\u011b nic konkr\u00e9tn\u00edho. Ov\u0161em situace je opravdu v\u00e1\u017en\u00e1, proto\u017ee o z\u00e1kulisn\u00edch jedn\u00e1n\u00edch v centr\u00e1le NATO se u\u017e mluv\u00ed i uvnit\u0159 EU a pokud jde o vysl\u00e1n\u00ed voj\u00e1k\u016f do \u00cdr\u00e1nu, tak cel\u00e1 EU je obrovsky rozpolcen\u00e1.<\/p>\n<h3>Kanadsk\u00fd premi\u00e9r nevylu\u010duje vstup Kanady v r\u00e1mci NATO do v\u00e1lky s \u00cdr\u00e1nem<\/h3>\n<p>\u0160pan\u011blsko nechce do v\u00e1lky kv\u016fli hrozb\u011b dal\u0161\u00ed migra\u010dn\u00ed vlny d\u017eih\u00e1dist\u016f do Evropy, Keir Starmer nechce pro zm\u011bnu proto, \u017ee ve Velk\u00e9 Brit\u00e1nii \u017eij\u00ed skoro 2 miliony \u0160\u00edit\u016f podporuj\u00edc\u00edch Teher\u00e1n a poslat proti \u00cdr\u00e1nu britskou arm\u00e1du by znamenalo vypuknut\u00ed intif\u00e1dy v britsk\u00fdch m\u011bstech, a proti je i Emmanuel Macron z podobn\u00fdch d\u016fvod\u016f jako Starmer.<\/p>\n<p><strong>Ve Francii je obrovsk\u00e1 muslimsk\u00e1 populace, kter\u00e1 by nelib\u011b nesla, \u017ee Francie vys\u00edl\u00e1 voj\u00e1ky proti \u00cdr\u00e1nu po boku USA a hlavn\u011b po boku sionistick\u00e9ho Izraele.<\/strong>\u00a0Nemyslete si, \u017ee tito politici jsou svatou\u0161ci, kte\u0159\u00ed necht\u011bj\u00ed v\u00e1lku a usiluj\u00ed o m\u00edr. Ani omylem. Maj\u00ed ale strach, jak by v p\u0159\u00edpad\u011b vstupu t\u011bchto zem\u00ed do v\u00e1lky po boku sionistick\u00e9ho Izraele reagovala p\u0159ist\u011bhovaleck\u00e1 isl\u00e1msk\u00e1 populace. Ta se toti\u017e nezakec\u00e1.<\/p>\n<p>&nbsp;<\/p>\n<div id=\"rumble_v74i8g0\">\n<div id=\"vid_v74i8g0\" class=\"rumble_v74i8g0-Rumble-cls\" tabindex=\"-1\"><div class='videoWrapper'>\r\n\t            <iframe src='https:\/\/rumble.com\/embed\/pj.v74i8g0\/' frameborder='0' allowfullscreen><\/iframe>\r\n\t        <\/div><\/div>\n<\/div>\n<p>&nbsp;<\/p>\n<p>A pr\u00e1v\u011b o tom, \u017ee do v\u00e1lky po boku USA a Izraele se u\u017e bubnuje, mluvila i redaktorka, kter\u00e1 se ptala kanadsk\u00e9ho premi\u00e9ra Marka Carneyho prakticky na tot\u00e9\u017e, tedy jestli hroz\u00ed vstup kanadsk\u00e9 arm\u00e1dy do konfliktu s \u00cdr\u00e1nem, pokud se v\u00e1lka na Bl\u00edzk\u00e9m v\u00fdchod\u011b roz\u0161\u00ed\u0159\u00ed. Carney na to odpov\u011bd\u011bl, \u017ee to nelze vylou\u010dit, pokud Kanada bude v r\u00e1mci NATO po\u017e\u00e1d\u00e1na o pomoc.<\/p>\n<p>Jin\u00fdmi slovy, skopov\u00e1 hlava v B\u00edl\u00e9m dom\u011b rozpoutala v\u00e1lku, kterou neum\u00ed ukon\u010dit, tedy my\u0161leno uspokojiv\u00fdm zp\u016fsobem pro USA, a tak se nyn\u00ed hledaj\u00ed partne\u0159i, koali\u010dn\u00ed skupina, kter\u00e1 by vyslala voj\u00e1ky do oblasti, a \u0159ekn\u011bme si up\u0159\u00edmn\u011b, \u017ee by \u0161lo o pozemn\u00ed operaci v \u00cdr\u00e1nu. Proto\u017ee o n\u00ed se v t\u011bchto hodin\u00e1ch za\u010dalo mluvit stejn\u011b intenzivn\u011b jako o \u010dl\u00e1nku 5 NATO.<\/p>\n<h3>P\u0159\u00edpravy na pozemn\u00ed invazi americk\u00e9 arm\u00e1dy do \u00cdr\u00e1nu ji\u017e za\u010daly, v Ir\u00e1ku jsou hl\u00e1\u0161eny konvoje americk\u00e9 arm\u00e1dy m\u00ed\u0159\u00edc\u00ed k \u00cdr\u00e1nu<\/h3>\n<p>Ameri\u010dt\u00ed voj\u00e1ci na soci\u00e1ln\u00edch s\u00edt\u00edch ji\u017e od st\u0159edy informuj\u00ed, \u017ee maj\u00ed od velitel\u016f informace, \u017ee se maj\u00ed p\u0159ipravit na p\u0159esun do \u00cdr\u00e1nu, \u017ee je \u010dek\u00e1 pou\u0161tn\u00ed a horsk\u00fd boj. Mezit\u00edm se za\u010d\u00ednaj\u00ed o\u017eivovat tzv. jednotky prvn\u00edho sledu, kontejnerov\u00e9 lod\u011b v americk\u00fdch p\u0159\u00edstavech, za\u010d\u00ednaj\u00ed masivn\u00ed nakl\u00e1dky potravin a proviantu, zkr\u00e1tka za\u010d\u00edn\u00e1 tot\u00e9\u017e, co se d\u011blo p\u0159ed 23 lety p\u0159ed invaz\u00ed americk\u00e9 arm\u00e1dy do Ir\u00e1ku. P\u0159ed hodinou dokonce americk\u00fd Kongres ud\u011blal prvn\u00ed pr\u00e1vn\u00ed krok k ospravedln\u011bn\u00ed vysl\u00e1n\u00ed americk\u00fdch voj\u00e1k\u016f do \u00cdr\u00e1nu. Kongres p\u0159ijal usnesen\u00ed, \u017ee \u00cdr\u00e1n je nejv\u011bt\u0161\u00ed sponzor st\u00e1tn\u00edho terorismu ve sv\u011bt\u011b.<\/p>\n<div class=\"twitter-tweet twitter-tweet-rendered\"><a href=\"https:\/\/x.com\/GenXGirl1994\/status\/2029710222428869101?ref_src=twsrc%5Etfw%7Ctwcamp%5Etweetembed%7Ctwterm%5E2029710222428869101%7Ctwgr%5Ee3ab8624fd69d0a78f907e943135853cf433e548%7Ctwcon%5Es1_&amp;ref_url=https%3A%2F%2Faeronet.news%2Fgeneralni-tajemnik-nato-prohlasil-ze-neprozradi-kdy-bude-aktivovan-clanek-5-nato-a-kanadsky-premier-potvrdil-ze-vstup-do-valky-s-iranem-nelze-vyloucit%2F\"><img decoding=\"async\" loading=\"lazy\" class=\"wp-image-101149 aligncenter\" src=\"http:\/\/www.infokuryr.cz\/n\/wp-content\/uploads\/2026\/03\/x1-3-199x300.jpg\" alt=\"\" width=\"467\" height=\"704\" srcset=\"https:\/\/www.infokuryr.cz\/n\/wp-content\/uploads\/2026\/03\/x1-3-199x300.jpg 199w, https:\/\/www.infokuryr.cz\/n\/wp-content\/uploads\/2026\/03\/x1-3.jpg 604w\" sizes=\"(max-width: 467px) 100vw, 467px\" \/><\/a><\/div>\n<p>A tato v\u00e1lka pohlt\u00ed cel\u00e9 NATO, proto\u017ee v\u00e1lka v \u00cdr\u00e1nu, co\u017e je hornat\u00e1 zem\u011b, na rozd\u00edl od rovinat\u00e9ho Ir\u00e1ku, bude znamenat opakov\u00e1n\u00ed pr\u016fseru z Afgh\u00e1nist\u00e1nu pro americkou arm\u00e1du a jej\u00ed spojence. Je t\u0159eba \u0159\u00edct, \u017ee Donald Trump m\u011bl jako felon za \u00fakol ud\u011blat n\u011bco, co by \u017e\u00e1dn\u00fd soudn\u011b netrestan\u00fd prezident nikdy neud\u011blal, tedy zat\u00e1hnou USA do v\u00e1lky, ve kter\u00e9 dojde ke zni\u010den\u00ed posledn\u00edch zbytk\u016f americk\u00e9 moci Pax Americana. V\u00e1lku s \u00cdr\u00e1nem nelze vyhr\u00e1t ani rozhodnout ze vzduchu.\u00a0<strong>A v Ir\u00e1ku jsou hl\u00e1\u0161eny konvoje americk\u00e9 arm\u00e1dy na cest\u011b k hranic\u00edm s \u00cdr\u00e1nem na severu v oblasti kontrolovan\u00e9 Kurdy.\u00a0<\/strong>P\u0159\u00edpravy na pozemn\u00ed invazi do \u00cdr\u00e1nu prost\u011b ji\u017e za\u010daly.<\/p>\n<div class=\"twitter-tweet twitter-tweet-rendered\"><a href=\"https:\/\/x.com\/LeeGolden6\/status\/2029727158554517716?ref_src=twsrc%5Etfw%7Ctwcamp%5Etweetembed%7Ctwterm%5E2029727158554517716%7Ctwgr%5Ee3ab8624fd69d0a78f907e943135853cf433e548%7Ctwcon%5Es1_&amp;ref_url=https%3A%2F%2Faeronet.news%2Fgeneralni-tajemnik-nato-prohlasil-ze-neprozradi-kdy-bude-aktivovan-clanek-5-nato-a-kanadsky-premier-potvrdil-ze-vstup-do-valky-s-iranem-nelze-vyloucit%2F\"><img decoding=\"async\" loading=\"lazy\" class=\"wp-image-101150 aligncenter\" src=\"http:\/\/www.infokuryr.cz\/n\/wp-content\/uploads\/2026\/03\/x2-3-217x300.jpg\" alt=\"\" width=\"471\" height=\"651\" srcset=\"https:\/\/www.infokuryr.cz\/n\/wp-content\/uploads\/2026\/03\/x2-3-217x300.jpg 217w, https:\/\/www.infokuryr.cz\/n\/wp-content\/uploads\/2026\/03\/x2-3.jpg 602w\" sizes=\"(max-width: 471px) 100vw, 471px\" \/><\/a><\/div>\n<p>K \u010demu to povede, to v\u011bd\u00ed v\u0161ichni ameri\u010dt\u00ed gener\u00e1lov\u00e9, kte\u0159\u00ed se sna\u017eili podle CNN varovat Trumpa, aby to ned\u011blal, aby ne\u00fato\u010dil na \u00cdr\u00e1n, \u017ee takov\u00fd konflikt povede k nutnosti invaze a rozm\u00edst\u011bn\u00ed pozemn\u00edch alian\u010dn\u00edch vojsk, proto\u017ee na obrovsk\u00fd hornat\u00fd \u00cdr\u00e1n je pro rychl\u00e9 bojov\u00e9 operace prakticky nepou\u017eiteln\u00fd.<\/p>\n<p>Tak\u017ee bude muset j\u00edt o n\u011bjakou operaci, kter\u00e1 bude m\u00edt za \u00fakol vytvo\u0159it na jihu v n\u00ed\u017ein\u011b pod\u00e9l pob\u0159e\u017e\u00ed p\u0159edsunut\u00fd prostor, ze kter\u00e9ho potom budou prov\u00e1d\u011bny v\u00fdpady do vnitrozem\u00ed pomoc\u00ed helikopt\u00e9r a heli-v\u00fdsadk\u016f, co\u017e budou v podstat\u011b sebevra\u017eedn\u00e9 mise. Trump p\u0159estal chodit na tiskov\u00e9 konference, schov\u00e1v\u00e1 se p\u0159ed novin\u00e1\u0159i a situace se mu vymkla z rukou.<\/p>\n<h3>\u00cdr\u00e1n ji\u017e na unikaj\u00edc\u00ed informace reagoval a prohl\u00e1sil, \u017ee je na americkou pozemn\u00ed invazi p\u0159ipraven<\/h3>\n<p><strong>Vysok\u00fd \u00edr\u00e1nsk\u00fd p\u0159edstavitel Ali Larid\u017e\u00e1n\u00ed mezit\u00edm zd\u016fraznil, \u017ee jeho zem\u011b je p\u0159ipravena \u010delit mo\u017en\u00e9 invazi ze strany Spojen\u00fdch st\u00e1t\u016f, a sl\u00edbil, \u017ee americk\u00e9 voj\u00e1ky, pokud vstoup\u00ed do zem\u011b, zajme a zabije.<\/strong>\u00a0\u010ctvrte\u010dn\u00ed prohl\u00e1\u0161en\u00ed p\u0159ich\u00e1z\u00ed v dob\u011b, kdy ameri\u010dt\u00ed p\u0159edstavitel\u00e9, v\u010detn\u011b prezidenta Donalda Trumpa, odm\u00edtaj\u00ed vylou\u010dit nasazen\u00ed vojsk uvnit\u0159 \u00cdr\u00e1nu. Larid\u017e\u00e1n\u00ed, kter\u00fd p\u016fsob\u00ed jako tajemn\u00edk Nejvy\u0161\u0161\u00ed rady n\u00e1rodn\u00ed bezpe\u010dnosti \u00cdr\u00e1nu, varoval, \u017ee takov\u00e9 kroky budou m\u00edt katastrof\u00e1ln\u00ed n\u00e1sledky.<\/p>\n<div class=\"twitter-tweet twitter-tweet-rendered\"><a href=\"https:\/\/x.com\/AJEnglish\/status\/2029707476782764431?ref_src=twsrc%5Etfw%7Ctwcamp%5Etweetembed%7Ctwterm%5E2029707476782764431%7Ctwgr%5Ee3ab8624fd69d0a78f907e943135853cf433e548%7Ctwcon%5Es1_&amp;ref_url=https%3A%2F%2Faeronet.news%2Fgeneralni-tajemnik-nato-prohlasil-ze-neprozradi-kdy-bude-aktivovan-clanek-5-nato-a-kanadsky-premier-potvrdil-ze-vstup-do-valky-s-iranem-nelze-vyloucit%2F\"><img decoding=\"async\" loading=\"lazy\" class=\"wp-image-101151 aligncenter\" src=\"http:\/\/www.infokuryr.cz\/n\/wp-content\/uploads\/2026\/03\/x3-3-212x300.jpg\" alt=\"\" width=\"465\" height=\"658\" srcset=\"https:\/\/www.infokuryr.cz\/n\/wp-content\/uploads\/2026\/03\/x3-3-212x300.jpg 212w, https:\/\/www.infokuryr.cz\/n\/wp-content\/uploads\/2026\/03\/x3-3.jpg 601w\" sizes=\"(max-width: 465px) 100vw, 465px\" \/><\/a><\/div>\n<div class=\"twitter-tweet twitter-tweet-rendered\"><em>&#8222;N\u011bkte\u0159\u00ed ameri\u010dt\u00ed p\u0159edstavitel\u00e9 prohl\u00e1sili, \u017ee maj\u00ed v \u00famyslu vstoupit na \u00edr\u00e1nsk\u00e9 \u00fazem\u00ed s n\u011bkolika tis\u00edci voj\u00e1ky,<\/em>\u201c uvedl Larid\u017e\u00e1n\u00ed ve sv\u00e9m prohl\u00e1\u0161en\u00ed. Pot\u00e9 p\u0159idal v\u00fdraznou zm\u00ednku o b\u00fdval\u00fdch nejvy\u0161\u0161\u00edch v\u016fdc\u00edch \u00cdr\u00e1nu, Ruholl\u00e1hu Chomejn\u00edm a Al\u00edm Chamene\u00edm, z nich\u017e druh\u00fd byl v sobotu zabit p\u0159i spole\u010dn\u00e9m \u00fatoku USA a Izraele. \u201e<em>State\u010dn\u00ed synov\u00e9 im\u00e1ma Chomejn\u00edho a im\u00e1ma Chamene\u00edho na v\u00e1s \u010dekaj\u00ed, p\u0159ipraveni zostudit ty zkorumpovan\u00e9 americk\u00e9 \u00fa\u0159edn\u00edky t\u00edm, \u017ee zabij\u00ed a zajmou tis\u00edce z nich<\/em>,\u201c \u0159ekl. Larid\u017e\u00e1n\u00ed, kter\u00fd byl bl\u00edzk\u00fdm poradcem zavra\u017ed\u011bn\u00e9ho nejvy\u0161\u0161\u00edho v\u016fdce, je pova\u017eov\u00e1n za jednu z nejvlivn\u011bj\u0161\u00edch osobnost\u00ed v \u00cdr\u00e1nu.<\/div>\n<h3><span class=\"css-1jxf684 r-bcqeeo r-1ttztb7 r-qvutc0 r-poiln3 r-nhe8su r-yn5ncy r-clrlgt r-nvplwv\">\u201eIz<\/span><span class=\"css-1jxf684 r-bcqeeo r-1ttztb7 r-qvutc0 r-poiln3 r-nhe8su r-yn5ncy r-clrlgt r-nvplwv\">rael na prvn\u00edm m\u00edst\u011b\u201c v\u017edy znam<\/span><span class=\"css-1jxf684 r-bcqeeo r-1ttztb7 r-qvutc0 r-poiln3 r-nhe8su r-yn5ncy r-clrlgt r-nvplwv\">en\u00e1 \u201eAmerika na posledn\u00edm m\u00edst\u011b\u201c<\/span><\/h3>\n<p>\u00cdr\u00e1nsk\u00fd ministr zahrani\u010d\u00ed Abbas Araghchi ve \u010dtvrtek zopakoval Larid\u017e\u00e1n\u00edho prohl\u00e1\u0161en\u00ed a uvedl, \u017ee \u00cdr\u00e1n se neob\u00e1v\u00e1 mo\u017en\u00e9 invaze USA. \u201e<em>Ne, \u010dek\u00e1me na n\u011b<\/em>,\u201c \u0159ekl Araghchi pro NBC News a dodal, \u017ee pozemn\u00ed ofenz\u00edva by pro americk\u00e9 jednotky znamenala \u201e<em>velkou katastrofu<\/em>\u201c. Izrael a USA od za\u010d\u00e1tku posledn\u00edho konfliktu v sobotu shodily na \u00cdr\u00e1n tis\u00edce bomb a Teher\u00e1n reagoval raketov\u00fdmi a dronov\u00fdmi \u00fatoky po cel\u00e9m St\u0159edn\u00edm v\u00fdchod\u011b.\u00a0 Trump prohl\u00e1sil, \u017ee v\u00e1lka prob\u00edh\u00e1 l\u00e9pe, ne\u017e se o\u010dek\u00e1valo, p\u0159i\u010dem\u017e USA a Izrael maj\u00ed pod kontrolou \u00edr\u00e1nsk\u00e9 nebe a bez p\u0159est\u00e1n\u00ed \u00fato\u010d\u00ed na tuto zemi.<\/p>\n<p>Teher\u00e1n v\u0161ak projevil vzdor a sl\u00edbil, \u017ee bude pokra\u010dovat v boji, aby pomstil Chamene\u00edho a odrazil \u00fatoky USA a Izraele. \u201e<em>Se Spojen\u00fdmi st\u00e1ty nebudeme vyjedn\u00e1vat<\/em>,\u201c prohl\u00e1sil Larid\u017e\u00e1n\u00ed na za\u010d\u00e1tku tohoto t\u00fddne. Ministr zahrani\u010d\u00ed \u00cdr\u00e1nu na X napsal:\u00a0<em><strong>Pl\u00e1n A pro \u010dist\u00e9 rychl\u00e9 vojensk\u00e9 v\u00edt\u011bzstv\u00ed selhal, pane prezidente. V\u00e1\u0161 pl\u00e1n B bude je\u0161t\u011b v\u011bt\u0161\u00ed selh\u00e1n\u00edm.<\/strong>\u00a0Pravda: \u0160ance na jedine\u010dnou dohodu vyho\u0159ela pot\u00e9, co \u201ekabala Amerika na posledn\u00edm m\u00edst\u011b\u201c zast\u0159ela \u201ev\u00fdznamn\u00fd pokrok\u201c, kter\u00fd jsme dos\u00e1hli v jedn\u00e1n\u00edch. \u201eIzrael na prvn\u00edm m\u00edst\u011b\u201c v\u017edy znamen\u00e1 \u201eAmerika na posledn\u00edm m\u00edst\u011b\u201c<\/em>.<\/p>\n<div class=\"twitter-tweet twitter-tweet-rendered\"><a href=\"https:\/\/x.com\/araghchi\/status\/2029607143867847065?ref_src=twsrc%5Etfw%7Ctwcamp%5Etweetembed%7Ctwterm%5E2029607143867847065%7Ctwgr%5Ee3ab8624fd69d0a78f907e943135853cf433e548%7Ctwcon%5Es1_&amp;ref_url=https%3A%2F%2Faeronet.news%2Fgeneralni-tajemnik-nato-prohlasil-ze-neprozradi-kdy-bude-aktivovan-clanek-5-nato-a-kanadsky-premier-potvrdil-ze-vstup-do-valky-s-iranem-nelze-vyloucit%2F\"><img decoding=\"async\" loading=\"lazy\" class=\"wp-image-101152 aligncenter\" src=\"http:\/\/www.infokuryr.cz\/n\/wp-content\/uploads\/2026\/03\/x4-2-300x215.jpg\" alt=\"\" width=\"548\" height=\"393\" srcset=\"https:\/\/www.infokuryr.cz\/n\/wp-content\/uploads\/2026\/03\/x4-2-300x215.jpg 300w, https:\/\/www.infokuryr.cz\/n\/wp-content\/uploads\/2026\/03\/x4-2.jpg 596w\" sizes=\"(max-width: 548px) 100vw, 548px\" \/><\/a><\/div>\n<p>V t\u00e9to situaci se dost\u00e1v\u00e1 v\u00e1lka na Ukrajin\u011b v podstat\u011b do roviny lok\u00e1ln\u00edho konfliktu, kter\u00fd najednou ji\u017e nikoho nezaj\u00edm\u00e1, proto\u017ee Trumpova v\u00e1lka s \u00cdr\u00e1nem, kterou rozpoutal na pokyn Izraele a Mossadu, m\u00e1 najednou dynamiku, kter\u00e1 vede ke III. sv. v\u00e1lce se zapojen\u00edm cel\u00e9ho NATO do boj\u016f se zem\u00ed, na jej\u00ed\u017e stranu bude nucena se nakonec p\u0159idat \u010c\u00edna. Ne proto, \u017ee by cht\u011bla, ale \u017ee bude muset a nic jin\u00e9ho j\u00ed zb\u00fdvat nebude.<\/p>\n<h3>Zelensk\u00fd pohrozil Orb\u00e1novi, \u017ee na n\u011bho po\u0161le ukrajinsk\u00e9 voj\u00e1ky<\/h3>\n<p>Por\u00e1\u017eka \u00cdr\u00e1nu by znamenala pro \u010c\u00ednu katastrofu, konec \u00edr\u00e1nsk\u00e9 ropy a naprostou z\u00e1vislost na rop\u011b rusk\u00e9ho Chabadu Lubavitch. \u010c\u00edna by se stala palivov\u00fdm vazalem Moskevsk\u00fdch kancel\u00e1\u0159\u00ed. Proto narost h\u0159eb\u00ednek i Zelensk\u00e9mu, kter\u00fd vyc\u00edtil, \u017ee te\u010f se m\u016f\u017ee chovat jako gangster, proto\u017ee Trumpa se d\u00edv\u00e1 jinam. Zelensk\u00fd toti\u017e pohrozil Orb\u00e1novi, ani\u017e by vyslovil jeho jm\u00e9no, \u017ee\u00a0<strong>kdy\u017e nep\u0159estane v EU blokovat 90 miliard EUR pro Ukrajinu, tak \u017ee p\u0159ed\u00e1 ukrajinsk\u00fdm voj\u00e1k\u016fm Orb\u00e1novu adresu bydli\u0161t\u011b a rovn\u011b\u017e telefon<\/strong>, aby si s n\u00edm promluvili jejich vojenskou \u0159e\u010d\u00ed.<\/p>\n<p>&nbsp;<\/p>\n<div id=\"rumble_v74i8gi\">\n<div id=\"vid_v74i8gi\" class=\"rumble_v74i8gi-Rumble-cls\" tabindex=\"-1\">\n<div><div class='videoWrapper'>\r\n\t            <iframe src='https:\/\/rumble.com\/embed\/pj.v74i8gi\/' frameborder='0' allowfullscreen><\/iframe>\r\n\t        <\/div><\/div>\n<\/div>\n<\/div>\n<p>&nbsp;<\/p>\n<p>Jednalo se o neuv\u011b\u0159itelnou v\u00fdhr\u016f\u017eku, kter\u00e1 ale u \u0147ucha\u010de a vlastn\u011b u Ukrajinc\u016f nikoho nep\u0159ekvap\u00ed. Zelensk\u00fd nav\u00edc ozn\u00e1mil, \u017ee dod\u00e1vky ropy v ropovodu Dru\u017eba neobnov\u00ed, proto\u017ee Ukrajinu nikdo pr\u00fd nem\u016f\u017ee nutit, aby dod\u00e1vala zem\u00edm EU ropu nep\u0159\u00edtele, se kter\u00fdm je ve v\u00e1lce. Ur\u010ditou logiku v tom nelze pop\u0159\u00edt, ale na stran\u011b druh\u00e9 Ukrajina n\u011bco chce od zem\u00ed EU. Chce pen\u00edze od zem\u00ed EU a chce i \u010dlenstv\u00ed v EU.<\/p>\n<p>A kdy\u017e Ukrajina odpoj\u00ed Ma\u010farsko a Slovensko od rusk\u00e9 ropy, kterou ji\u017e tyto zem\u011b zaplatily, tak z toho zkr\u00e1tka bude v\u00e1lka. Nejprve diplomaticko-r\u00e9torick\u00e1, kterou vid\u00edme u\u017e te\u010f, ale v bl\u00edzk\u00e9 dob\u011b i v\u00e1lka skute\u010dn\u00e1. Ve chv\u00edli, kdy Zelensk\u00fd vyhro\u017euje Orb\u00e1novi ukrajinskou arm\u00e1dou, u\u017e od toho nen\u00ed daleko. Trump rozvr\u00e1til USA, potom Evropu a te\u010f i Bl\u00edzk\u00fd v\u00fdchod. Chyb\u00ed mu u\u017e jenom to posledn\u00ed, rozvr\u00e1tit cel\u00fd sv\u011bt ve 3. sv. v\u00e1lce. Tak\u017ee pro\u010d by se Zelensk\u00fd m\u011bl dr\u017eet zp\u00e1tky? Sv\u011bt je v rozvalu a svin\u011b maj\u00ed\u00a0<em>pre\u00e9<\/em>!<\/p>\n<p><a href=\"https:\/\/aeronet.news\/generalni-tajemnik-nato-prohlasil-ze-neprozradi-kdy-bude-aktivovan-clanek-5-nato-a-kanadsky-premier-potvrdil-ze-vstup-do-valky-s-iranem-nelze-vyloucit\/\">-VK-<\/a><\/p>\n<p>&nbsp;<\/p>\n","protected":false},"excerpt":{"rendered":"<p>Gener\u00e1ln\u00ed tajemn\u00edk NATO prohl\u00e1sil, \u017ee neprozrad\u00ed, kdy bude aktivov\u00e1n \u010dl\u00e1nek 5 NATO a kanadsk\u00fd premi\u00e9r&#8230;<\/p>\n","protected":false},"author":2,"featured_media":101148,"comment_status":"closed","ping_status":"closed","sticky":false,"template":"","format":"standard","meta":[],"categories":[6],"tags":[1042,38,7486,39,439,1000],"_links":{"self":[{"href":"https:\/\/www.infokuryr.cz\/n\/wp-json\/wp\/v2\/posts\/101147"}],"collection":[{"href":"https:\/\/www.infokuryr.cz\/n\/wp-json\/wp\/v2\/posts"}],"about":[{"href":"https:\/\/www.infokuryr.cz\/n\/wp-json\/wp\/v2\/types\/post"}],"author":[{"embeddable":true,"href":"https:\/\/www.infokuryr.cz\/n\/wp-json\/wp\/v2\/users\/2"}],"replies":[{"embeddable":true,"href":"https:\/\/www.infokuryr.cz\/n\/wp-json\/wp\/v2\/comments?post=101147"}],"version-history":[{"count":0,"href":"https:\/\/www.infokuryr.cz\/n\/wp-json\/wp\/v2\/posts\/101147\/revisions"}],"wp:featuredmedia":[{"embeddable":true,"href":"https:\/\/www.infokuryr.cz\/n\/wp-json\/wp\/v2\/media\/101148"}],"wp:attachment":[{"href":"https:\/\/www.infokuryr.cz\/n\/wp-json\/wp\/v2\/media?parent=101147"}],"wp:term":[{"taxonomy":"category","embeddable":true,"href":"https:\/\/www.infokuryr.cz\/n\/wp-json\/wp\/v2\/categories?post=101147"},{"taxonomy":"post_tag","embeddable":true,"href":"https:\/\/www.infokuryr.cz\/n\/wp-json\/wp\/v2\/tags?post=101147"}],"curies":[{"name":"wp","href":"https:\/\/api.w.org\/{rel}","templated":true}]}}