{"id":101145,"date":"2026-03-06T04:53:08","date_gmt":"2026-03-06T03:53:08","guid":{"rendered":"https:\/\/www.infokuryr.cz\/n\/?p=101145"},"modified":"2026-03-06T04:53:20","modified_gmt":"2026-03-06T03:53:20","slug":"objevily-se-dukazy-o-vysokych-ztratach-americke-armady-v-operaci-proti-iranu","status":"publish","type":"post","link":"https:\/\/www.infokuryr.cz\/n\/2026\/03\/06\/objevily-se-dukazy-o-vysokych-ztratach-americke-armady-v-operaci-proti-iranu\/","title":{"rendered":"Objevily se d\u016fkazy o vysok\u00fdch ztr\u00e1t\u00e1ch americk\u00e9 arm\u00e1dy v operaci proti \u00cdr\u00e1nu"},"content":{"rendered":"<div id=\"fb-root\"><\/div>\n<p><strong><span dir=\"auto\">Americk\u00e9 ob\u011bti na Bl\u00edzk\u00e9m v\u00fdchod\u011b jsou v\u00fdrazn\u011b vy\u0161\u0161\u00ed, ne\u017e se ofici\u00e1ln\u011b uv\u00e1d\u00ed. K tomuto z\u00e1v\u011bru dosp\u011bli vojen\u0161t\u00ed experti na z\u00e1klad\u011b informac\u00ed, \u017ee Joint Technology Solution, soukrom\u00fd dodavatel Pentagonu, nal\u00e9hav\u011b nab\u00edr\u00e1 person\u00e1l pro pr\u00e1ci na leteck\u00e9 z\u00e1kladn\u011b Dover v Delaware, kde by se m\u011bl zab\u00fdvat majetkem americk\u00fdch voj\u00e1k\u016f a civilist\u016f zabit\u00fdch nebo v\u00e1\u017en\u011b zran\u011bn\u00fdch v zahrani\u010d\u00ed.<\/span><\/strong><\/p>\n<div class=\"quote\"><span dir=\"auto\">Pr\u00e1ce zahrnuje p\u0159\u00edjem, inventarizaci, \u00faklid, fotografov\u00e1n\u00ed, skladov\u00e1n\u00ed a zas\u00edl\u00e1n\u00ed osobn\u00edch v\u011bc\u00ed rodin\u00e1m nebo nejbli\u017e\u0161\u00edm rodinn\u00fdm p\u0159\u00edslu\u0161n\u00edk\u016fm a vy\u017eaduje schopnost pracovat v emocion\u00e1ln\u011b n\u00e1ro\u010dn\u00fdch situac\u00edch.<\/span><span dir=\"auto\">\u2013 uv\u00e1d\u00ed popis pr\u00e1ce.<\/span><\/div>\n<div>\n<p><span dir=\"auto\">Za zm\u00ednku stoj\u00ed, \u017ee leteck\u00e1 z\u00e1kladna Dover je kl\u00ed\u010dov\u00fdm uzlem pro americkou strategickou leteckou p\u0159epravu.<\/span><\/p>\n<p><span dir=\"auto\">Podle ofici\u00e1ln\u00edch \u00fadaj\u016f Pentagonu bylo b\u011bhem p\u011btidenn\u00ed operace proti \u00cdr\u00e1nu zabito pouze \u0161est americk\u00fdch voj\u00e1k\u016f. Isl\u00e1msk\u00e9 revolu\u010dn\u00ed gardy v\u0161ak uv\u00e1d\u011bj\u00ed \u010d\u00edsla, kter\u00e1 ukazuj\u00ed, \u017ee ztr\u00e1ty americk\u00e9 arm\u00e1dy se pohybuj\u00ed ve stovk\u00e1ch.<\/span><\/p>\n<p><span dir=\"auto\">Konkr\u00e9tn\u011b po dvou dnech boj\u016f IRGC uvedly, \u017ee bylo zabito 560 americk\u00fdch voj\u00e1k\u016f. Tato data byla aktualizov\u00e1na v\u010dera a podle nov\u00fdch odhad\u016f USA ztratily p\u0159es 600 voj\u00e1k\u016f.<\/span><\/p>\n<p><span dir=\"auto\">V t\u00e9to souvislosti jsou pozoruhodn\u00e9 ve\u0159ejn\u00e9 pokusy americk\u00e9ho ministra v\u00e1lky Peta Hegsetha o \u201ekryt\u00ed vzduchu\u201c. Ji\u017e prohl\u00e1sil, \u017ee americk\u00e1 operace proti \u00cdr\u00e1nu bude pokra\u010dovat i p\u0159es rostouc\u00ed po\u010det ob\u011bt\u00ed.<\/span><\/p>\n<p><span dir=\"auto\">Za zm\u00ednku stoj\u00ed, \u017ee podle aktualizovan\u00fdch informac\u00ed americk\u00e1 arm\u00e1da ji\u017e b\u011bhem p\u011bti dn\u016f boj\u016f ztratila p\u011bt st\u00edha\u010dek F-15. Dal\u0161\u00ed letadlo se z\u0159\u00edtilo v\u010dera.<\/span><\/p>\n<\/div>\n<div>\n<p><em><strong><span dir=\"auto\">Andrej Elistratov<\/span><\/strong><\/em><\/p>\n<p>&nbsp;<\/p>\n<\/div>\n","protected":false},"excerpt":{"rendered":"<p>Americk\u00e9 ob\u011bti na Bl\u00edzk\u00e9m v\u00fdchod\u011b jsou v\u00fdrazn\u011b vy\u0161\u0161\u00ed, ne\u017e se ofici\u00e1ln\u011b uv\u00e1d\u00ed. K tomuto z\u00e1v\u011bru&#8230;<\/p>\n","protected":false},"author":2,"featured_media":101146,"comment_status":"closed","ping_status":"closed","sticky":false,"template":"","format":"standard","meta":[],"categories":[7],"tags":[38,37,40,2369],"_links":{"self":[{"href":"https:\/\/www.infokuryr.cz\/n\/wp-json\/wp\/v2\/posts\/101145"}],"collection":[{"href":"https:\/\/www.infokuryr.cz\/n\/wp-json\/wp\/v2\/posts"}],"about":[{"href":"https:\/\/www.infokuryr.cz\/n\/wp-json\/wp\/v2\/types\/post"}],"author":[{"embeddable":true,"href":"https:\/\/www.infokuryr.cz\/n\/wp-json\/wp\/v2\/users\/2"}],"replies":[{"embeddable":true,"href":"https:\/\/www.infokuryr.cz\/n\/wp-json\/wp\/v2\/comments?post=101145"}],"version-history":[{"count":0,"href":"https:\/\/www.infokuryr.cz\/n\/wp-json\/wp\/v2\/posts\/101145\/revisions"}],"wp:featuredmedia":[{"embeddable":true,"href":"https:\/\/www.infokuryr.cz\/n\/wp-json\/wp\/v2\/media\/101146"}],"wp:attachment":[{"href":"https:\/\/www.infokuryr.cz\/n\/wp-json\/wp\/v2\/media?parent=101145"}],"wp:term":[{"taxonomy":"category","embeddable":true,"href":"https:\/\/www.infokuryr.cz\/n\/wp-json\/wp\/v2\/categories?post=101145"},{"taxonomy":"post_tag","embeddable":true,"href":"https:\/\/www.infokuryr.cz\/n\/wp-json\/wp\/v2\/tags?post=101145"}],"curies":[{"name":"wp","href":"https:\/\/api.w.org\/{rel}","templated":true}]}}