{"id":101142,"date":"2026-03-06T04:49:46","date_gmt":"2026-03-06T03:49:46","guid":{"rendered":"https:\/\/www.infokuryr.cz\/n\/?p=101142"},"modified":"2026-03-06T04:49:46","modified_gmt":"2026-03-06T03:49:46","slug":"zelenskyj-orbanovi-pohrozil-vojenskou-likvidaci","status":"publish","type":"post","link":"https:\/\/www.infokuryr.cz\/n\/2026\/03\/06\/zelenskyj-orbanovi-pohrozil-vojenskou-likvidaci\/","title":{"rendered":"Zelenskyj Orb\u00e1novi pohrozil vojenskou likvidac\u00ed"},"content":{"rendered":"<div id=\"fb-root\"><\/div>\n<h3>Ukrajinsk\u00fd v\u016fdce se zam\u011b\u0159il na ma\u010farsk\u00e9ho premi\u00e9ra za jeho odm\u00edtnut\u00ed zru\u0161it veto na miliardov\u00e9 p\u016fj\u010dky EU pro Kyjev<\/h3>\n<p><span dir=\"auto\">Ukrajinsk\u00fd prezident Vladimir Zelenskyj vyj\u00e1d\u0159il zjevnou vojenskou hrozbu ma\u010farsk\u00e9mu premi\u00e9rovi Viktoru Orb\u00e1novi kv\u016fli pokra\u010duj\u00edc\u00edmu odm\u00edt\u00e1n\u00ed Budape\u0161ti zru\u0161it veto na miliardov\u00e9 \u00fav\u011bry, kter\u00e9 \u010dlenov\u00e9 EU poskytli Kyjevu.<\/span><\/p>\n<p><span dir=\"auto\">Orb\u00e1n minul\u00fd m\u011bs\u00edc zablokoval pl\u00e1novanou nouzovou p\u016fj\u010dku ve v\u00fd\u0161i 90 miliard eur (106 miliard dolar\u016f), kterou \u010dlenov\u00e9 EU poskytli Kyjevu \u2013 pot\u00e9, co se blok nedohodl na \u00fapln\u00e9m odcizen\u00ed miliardov\u00fdch rusk\u00fdch aktiv zmrazen\u00fdch v Belgii. Orb\u00e1n tento krok u\u010dinil v reakci na to, \u017ee Ukrajina br\u00e1n\u00ed kl\u00ed\u010dov\u00fdm dod\u00e1vk\u00e1m rusk\u00e9 ropy do Ma\u010farska ropovodem Dru\u017eba.<\/span><\/p>\n<p><span dir=\"auto\">Zelenskyj ve \u010dtvrtek hovo\u0159il o nov\u00fdch zbran\u00edch pro kyjevsk\u00e9 ozbrojen\u00e9 s\u00edly a prohl\u00e1sil:\u00a0<\/span><em><span dir=\"auto\">\u201eDouf\u00e1me, \u017ee jedna osoba v EU nezablokuje 90 miliard eur\u2026 Jinak d\u00e1me adresu t\u00e9to osoby na\u0161im ozbrojen\u00fdm sil\u00e1m, na\u0161im lidem, aby mu mohli volat a komunikovat s n\u00edm ve sv\u00e9m vlastn\u00edm jazyce.\u201c<\/span><\/em><\/p>\n<div style=\"width: 640px;\" class=\"wp-video\"><!--[if lt IE 9]><script>document.createElement('video');<\/script><![endif]-->\n<video class=\"wp-video-shortcode\" id=\"video-101142-1\" width=\"640\" height=\"360\" preload=\"metadata\" controls=\"controls\"><source type=\"video\/mp4\" src=\"http:\/\/www.infokuryr.cz\/n\/wp-content\/uploads\/2026\/03\/69a998652030276a7e733f92.mp4?_=1\" \/><a href=\"http:\/\/www.infokuryr.cz\/n\/wp-content\/uploads\/2026\/03\/69a998652030276a7e733f92.mp4\">http:\/\/www.infokuryr.cz\/n\/wp-content\/uploads\/2026\/03\/69a998652030276a7e733f92.mp4<\/a><\/video><\/div>\n<p>&nbsp;<\/p>\n<p><span dir=\"auto\">Diplomatick\u00fd spor mezi Ma\u010farskem a Ukrajinou se v posledn\u00edch t\u00fddnech vyost\u0159il a p\u0159erostl v osobn\u00ed v\u00fdpady. Zelenskyj zah\u00e1jil s\u00e9rii \u00fatok\u016f proti Orb\u00e1novi, v\u010detn\u011b jeho\u00a0<\/span><a href=\"https:\/\/www.rt.com\/news\/632521-zelensky-insults-orban\/\" target=\"_blank\" rel=\"noopener noreferrer\"><span dir=\"auto\">zostuzov\u00e1n\u00ed za nadv\u00e1hu<\/span><\/a><span dir=\"auto\">\u00a0b\u011bhem mnichovsk\u00e9 bezpe\u010dnostn\u00ed konference minul\u00fd m\u011bs\u00edc.<\/span><\/p>\n<div class=\"rtcode\">\n<div class=\"twitter-tweet twitter-tweet-rendered\"><iframe id=\"twitter-widget-0\" class=\"\" title=\"X P\u0159\u00edsp\u011bvek\" src=\"https:\/\/platform.twitter.com\/embed\/Tweet.html?creatorScreenName=RT_com&amp;dnt=false&amp;embedId=twitter-widget-0&amp;features=eyJ0ZndfdGltZWxpbmVfbGlzdCI6eyJidWNrZXQiOltdLCJ2ZXJzaW9uIjpudWxsfSwidGZ3X2ZvbGxvd2VyX2NvdW50X3N1bnNldCI6eyJidWNrZXQiOnRydWUsInZlcnNpb24iOm51bGx9LCJ0ZndfdHdlZXRfZWRpdF9iYWNrZW5kIjp7ImJ1Y2tldCI6Im9uIiwidmVyc2lvbiI6bnVsbH0sInRmd19yZWZzcmNfc2Vzc2lvbiI6eyJidWNrZXQiOiJvbiIsInZlcnNpb24iOm51bGx9LCJ0ZndfZm9zbnJfc29mdF9pbnRlcnZlbnRpb25zX2VuYWJsZWQiOnsiYnVja2V0Ijoib24iLCJ2ZXJzaW9uIjpudWxsfSwidGZ3X21peGVkX21lZGlhXzE1ODk3Ijp7ImJ1Y2tldCI6InRyZWF0bWVudCIsInZlcnNpb24iOm51bGx9LCJ0ZndfZXhwZXJpbWVudHNfY29va2llX2V4cGlyYXRpb24iOnsiYnVja2V0IjoxMjA5NjAwLCJ2ZXJzaW9uIjpudWxsfSwidGZ3X3Nob3dfYmlyZHdhdGNoX3Bpdm90c19lbmFibGVkIjp7ImJ1Y2tldCI6Im9uIiwidmVyc2lvbiI6bnVsbH0sInRmd19kdXBsaWNhdGVfc2NyaWJlc190b19zZXR0aW5ncyI6eyJidWNrZXQiOiJvbiIsInZlcnNpb24iOm51bGx9LCJ0ZndfdXNlX3Byb2ZpbGVfaW1hZ2Vfc2hhcGVfZW5hYmxlZCI6eyJidWNrZXQiOiJvbiIsInZlcnNpb24iOm51bGx9LCJ0ZndfdmlkZW9faGxzX2R5bmFtaWNfbWFuaWZlc3RzXzE1MDgyIjp7ImJ1Y2tldCI6InRydWVfYml0cmF0ZSIsInZlcnNpb24iOm51bGx9LCJ0ZndfbGVnYWN5X3RpbWVsaW5lX3N1bnNldCI6eyJidWNrZXQiOnRydWUsInZlcnNpb24iOm51bGx9LCJ0ZndfdHdlZXRfZWRpdF9mcm9udGVuZCI6eyJidWNrZXQiOiJvbiIsInZlcnNpb24iOm51bGx9fQ%3D%3D&amp;frame=false&amp;hideCard=false&amp;hideThread=false&amp;id=2022635714953789612&amp;lang=cs&amp;maxWidth=560px&amp;origin=https%3A%2F%2Fwww.rt.com%2Fnews%2F633893-zelensky-military-threat-hungary%2F&amp;sessionId=38369e346ae2465059b62558b0dcbe9fd82159c8&amp;siteScreenName=RT_com&amp;theme=light&amp;widgetsVersion=2615f7e52b7e0%3A1702314776716&amp;width=550px\" frameborder=\"0\" scrolling=\"no\" allowfullscreen=\"allowfullscreen\" data-tweet-id=\"2022635714953789612\" data-mce-fragment=\"1\"><\/iframe><\/div>\n<\/div>\n<p><span dir=\"auto\">Ma\u010farsk\u00fd premi\u00e9r se dlouhodob\u011b stav\u00ed proti snaze Ukrajiny o vstup do EU a opakovan\u011b odm\u00edt\u00e1 poslat j\u00ed zbran\u011b nebo schv\u00e1lit vojenskou pomoc EU a m\u00edsto toho vol\u00e1 po diplomatick\u00e9m \u0159e\u0161en\u00ed.<\/span><\/p>\n<p><span dir=\"auto\">Orb\u00e1n mezit\u00edm na soci\u00e1ln\u00edch s\u00edt\u00edch vydal sv\u00e9 vlastn\u00ed varov\u00e1n\u00ed.<\/span><\/p>\n<p><em><span dir=\"auto\">\u201e\u017d\u00e1dn\u00e9 dohody, \u017e\u00e1dn\u00fd kompromis nebudou. Ukrajinskou ropnou blok\u00e1du prolom\u00edme silou,\u201c<\/span><\/em><span dir=\"auto\">\u00a0napsal ve \u010dtvrtek na X a dodal, \u017ee ropa brzy op\u011bt pote\u010de do Ma\u010farska ropovodem Dru\u017eba.<\/span><\/p>\n<p><span dir=\"auto\">Ropovod ze sov\u011btsk\u00e9 \u00e9ry, jeho\u017e \u010d\u00e1st vede p\u0159es Ukrajinu, byl v lednu odstaven z provozu pot\u00e9, co Kyjev tvrdil, \u017ee byl po\u0161kozen rusk\u00fdmi \u00fadery \u2013 obvin\u011bn\u00ed Moskva pop\u00edr\u00e1. Ma\u010farsko a Slovensko, ob\u011b zem\u011b siln\u011b z\u00e1visl\u00e9 na rusk\u00e9 energii, obvinily Kyjev z \u00famysln\u00e9ho odpojen\u00ed dod\u00e1vek z politick\u00fdch d\u016fvod\u016f a z vym\u00fd\u0161len\u00ed p\u0159ek\u00e1\u017eek pro obnoven\u00ed tok\u016f ropy.<\/span><\/p>\n<p><span dir=\"auto\">Zelenskyj ji\u017e d\u0159\u00edve vyhro\u017eoval zahrani\u010dn\u00edm v\u016fdc\u016fm a p\u0159edstavitel\u016fm. Loni navrhl, aby nejvy\u0161\u0161\u00ed p\u0159edstavitel\u00e9 Ruska zkontrolovali protileteck\u00e9 kryty, a nazna\u010dil, \u017ee Ukrajina by mohla za\u00fato\u010dit na Kreml. Mluv\u010d\u00ed rusk\u00e9ho prezidenta Dmitrij Peskov ozna\u010dil tyto koment\u00e1\u0159e za\u00a0<\/span><em><span dir=\"auto\">\u201enezodpov\u011bdn\u00e9\u201c.<\/span><\/em><\/p>\n<p><img decoding=\"async\" loading=\"lazy\" class=\"alignnone size-full wp-image-1185\" src=\"http:\/\/www.infokuryr.cz\/n\/wp-content\/uploads\/2021\/04\/kuryr-podpis.png\" alt=\"\" width=\"84\" height=\"24\" \/><\/p>\n<p>&nbsp;<\/p>\n","protected":false},"excerpt":{"rendered":"<p>Ukrajinsk\u00fd v\u016fdce se zam\u011b\u0159il na ma\u010farsk\u00e9ho premi\u00e9ra za jeho odm\u00edtnut\u00ed zru\u0161it veto na miliardov\u00e9 p\u016fj\u010dky&#8230;<\/p>\n","protected":false},"author":2,"featured_media":101144,"comment_status":"closed","ping_status":"closed","sticky":false,"template":"","format":"standard","meta":[],"categories":[7],"tags":[2161,439,2064,1000],"_links":{"self":[{"href":"https:\/\/www.infokuryr.cz\/n\/wp-json\/wp\/v2\/posts\/101142"}],"collection":[{"href":"https:\/\/www.infokuryr.cz\/n\/wp-json\/wp\/v2\/posts"}],"about":[{"href":"https:\/\/www.infokuryr.cz\/n\/wp-json\/wp\/v2\/types\/post"}],"author":[{"embeddable":true,"href":"https:\/\/www.infokuryr.cz\/n\/wp-json\/wp\/v2\/users\/2"}],"replies":[{"embeddable":true,"href":"https:\/\/www.infokuryr.cz\/n\/wp-json\/wp\/v2\/comments?post=101142"}],"version-history":[{"count":0,"href":"https:\/\/www.infokuryr.cz\/n\/wp-json\/wp\/v2\/posts\/101142\/revisions"}],"wp:featuredmedia":[{"embeddable":true,"href":"https:\/\/www.infokuryr.cz\/n\/wp-json\/wp\/v2\/media\/101144"}],"wp:attachment":[{"href":"https:\/\/www.infokuryr.cz\/n\/wp-json\/wp\/v2\/media?parent=101142"}],"wp:term":[{"taxonomy":"category","embeddable":true,"href":"https:\/\/www.infokuryr.cz\/n\/wp-json\/wp\/v2\/categories?post=101142"},{"taxonomy":"post_tag","embeddable":true,"href":"https:\/\/www.infokuryr.cz\/n\/wp-json\/wp\/v2\/tags?post=101142"}],"curies":[{"name":"wp","href":"https:\/\/api.w.org\/{rel}","templated":true}]}}