{"id":101097,"date":"2026-03-06T00:22:20","date_gmt":"2026-03-05T23:22:20","guid":{"rendered":"https:\/\/www.infokuryr.cz\/n\/?p=101097"},"modified":"2026-03-05T12:18:41","modified_gmt":"2026-03-05T11:18:41","slug":"iran-reaguje-na-usa-a-izrael-podle-chameneiho-planu-je-to-nocni-mura-pro-vsechny","status":"publish","type":"post","link":"https:\/\/www.infokuryr.cz\/n\/2026\/03\/06\/iran-reaguje-na-usa-a-izrael-podle-chameneiho-planu-je-to-nocni-mura-pro-vsechny\/","title":{"rendered":"\u00cdr\u00e1n reaguje na USA a Izrael podle Chamene\u00edho pl\u00e1nu \u2013 je to no\u010dn\u00ed m\u016fra pro v\u0161echny"},"content":{"rendered":"<div id=\"fb-root\"><\/div>\n<p class=\"lead\"><strong><span dir=\"auto\">\u00datoky na energetickou infrastrukturu a c\u00edle na cel\u00e9m Bl\u00edzk\u00e9m v\u00fdchod\u011b jsou sou\u010d\u00e1st\u00ed strategie, jej\u00edm\u017e c\u00edlem je vyvolat chaos a odvetit \u00fatoky USA a Izraele.\u00a0<\/span><a href=\"https:\/\/www.ft.com\/content\/02eb660a-3c80-4d6b-9e58-e7411278b0f1\" target=\"_blank\" rel=\"noopener\"><span dir=\"auto\">Podle<\/span><\/a><span dir=\"auto\">\u00a0britsk\u00fdch Financial Times ji p\u0159edem napl\u00e1noval nejvy\u0161\u0161\u00ed v\u016fdce Al\u00ed Chamene\u00ed, kter\u00fd byl zabit prvn\u00ed den v\u00e1lky.<\/span><\/strong><\/p>\n<p><span dir=\"auto\">Podle zdroj\u016f novin bl\u00edzk\u00fdch \u00edr\u00e1nsk\u00e9 vl\u00e1d\u011b za\u010dal nejvy\u0161\u0161\u00ed \u00edr\u00e1nsk\u00fd v\u016fdce pracovat na podrobn\u00e9m pl\u00e1nu ihned po ni\u010div\u00e9m dvan\u00e1ctidenn\u00edm izraelsk\u00e9m ta\u017een\u00ed proti Isl\u00e1msk\u00e9 republice v \u010dervnu lo\u0148sk\u00e9ho roku. Pl\u00e1n po\u010d\u00edtal s \u00fatoky na energetick\u00e1 za\u0159\u00edzen\u00ed a tak\u00e9 s \u00fadery schopn\u00fdmi naru\u0161it leteckou dopravu v regionu.<\/span><\/p>\n<p><em><span dir=\"auto\">\u201eNem\u011bli jsme jinou mo\u017enost, ne\u017e situaci vyhrotit a zp\u016fsobit velk\u00fd po\u017e\u00e1r, aby si toho v\u0161ichni v\u0161imli,\u201c poznamenal zdroj. \u201eJakmile jsme p\u0159ekro\u010dili \u010derven\u00e9 linie v rozporu se v\u0161emi mezin\u00e1rodn\u00edmi z\u00e1kony, nemohli jsme se d\u00e1le dr\u017eet pravidel hry.\u201c<\/span><\/em><\/p>\n<p><span dir=\"auto\">Pl\u00e1n byl realizov\u00e1n navzdory smrti Chamene\u00edho a nejm\u00e9n\u011b \u0161esti vysok\u00fdch \u00edr\u00e1nsk\u00fdch vojensk\u00fdch a zpravodajsk\u00fdch \u010dinitel\u016f, v\u010detn\u011b ministra obrany a velitele elitn\u00edch Isl\u00e1msk\u00fdch revolu\u010dn\u00edch gard (IRGC), p\u0159i masivn\u00edch americk\u00fdch a izraelsk\u00fdch \u00faderech.<\/span><\/p>\n<p><span dir=\"auto\">Ajatoll\u00e1h\u00a0<\/span><strong><span dir=\"auto\">Al\u00edreza Araf\u00ed<\/span><\/strong><span dir=\"auto\">\u00a0, jeden z \u010dlen\u016f t\u0159\u00ed\u010dlenn\u00e9 prozat\u00edmn\u00ed rady veden\u00ed, o jej\u00edm\u017e jm\u00e9nu bylo ozn\u00e1meno jen n\u011bkolik hodin po Chamene\u00edho smrti, v pond\u011bl\u00ed ve videozpr\u00e1v\u011b uvedl:<\/span><\/p>\n<p><strong><em><span dir=\"auto\">\u201eTato v\u00e1lka se vede d\u016fstojn\u011b \u2013 podle pl\u00e1nu.\u201c<\/span><\/em><\/strong><\/p>\n<p><span dir=\"auto\">V pond\u011bl\u00ed, kdy\u017e se akciov\u00e9 trhy po sv\u00e1tc\u00edch znovu otev\u0159ely, \u00fa\u0159ady ost\u0159e eskalovaly sv\u00e1 odvetn\u00e1 opat\u0159en\u00ed, zam\u011b\u0159en\u00e1 na energetick\u00e1 za\u0159\u00edzen\u00ed v oblasti Persk\u00e9ho z\u00e1livu bohat\u00e9 na ropu: drony za\u00fato\u010dily na kl\u00ed\u010dov\u00e9 plyn\u00e1rensk\u00e9 za\u0159\u00edzen\u00ed v Kataru a jednu z nejv\u011bt\u0161\u00edch sa\u00fadskoarabsk\u00fdch ropn\u00fdch rafineri\u00ed.<\/span><\/p>\n<p><span dir=\"auto\">V d\u016fsledku toho Katar, jeden z nejv\u011bt\u0161\u00edch sv\u011btov\u00fdch dodavatel\u016f zkapaln\u011bn\u00e9ho zemn\u00edho plynu (LNG), zastavil dod\u00e1vky. Ceny ropy a plynu prudce vzrostly a lodn\u00ed doprava Hormuzsk\u00fdm pr\u016flivem, \u00fazk\u00fdm n\u00e1mo\u0159n\u00edm koridorem, kter\u00fdm proch\u00e1z\u00ed p\u0159ibli\u017en\u011b p\u011btina sv\u011btov\u00fdch tok\u016f energie a LNG, se t\u00e9m\u011b\u0159 zastavila.<\/span><\/p>\n<p><span dir=\"auto\">V posledn\u00edch dnech, od zah\u00e1jen\u00ed americko-izraelsk\u00e9 operace, zas\u00e1hly \u00edr\u00e1nsk\u00e9 drony tak\u00e9 hotely, leti\u0161t\u011b a p\u0159\u00edstavy v zem\u00edch, jako jsou Spojen\u00e9 arabsk\u00e9 emir\u00e1ty, Kuvajt, Ir\u00e1k, Om\u00e1n a Bahrajn. Teher\u00e1n odp\u00e1lil salvy raket a dron\u016f na americk\u00e9 z\u00e1kladny v regionu. P\u0159edpokl\u00e1d\u00e1 se tak\u00e9, \u017ee mohl b\u00fdt zasa\u017een britsk\u00fd objekt na Kypru.<\/span><\/p>\n<p><em><span dir=\"auto\">\u201e\u00datoky budou pokra\u010dovat. Dojde k dal\u0161\u00ed eskalaci. Co \u010dekali? Opravdu si mysl\u00ed, \u017ee kdy\u017e bude zasa\u017eena hlava Isl\u00e1msk\u00e9 republiky, nic se nestane?\u201c<\/span><span class=\"after-quote\"><span dir=\"auto\">\u00a0\u2014 poznamenal zdroj.<\/span><\/span><\/em><\/p>\n<p><span dir=\"auto\">Sou\u010d\u00e1st\u00ed p\u0159\u00edstupu byla podle zdroj\u016f decentralizace vojensk\u00e9ho rozhodov\u00e1n\u00ed, aby paralyzuj\u00edc\u00ed d\u016fsledky c\u00edlen\u00fdch atent\u00e1t\u016f na velitel\u016f neochromily cel\u00fd syst\u00e9m. \u00cdr\u00e1nsk\u00fd ministr zahrani\u010d\u00ed\u00a0<\/span><strong><span dir=\"auto\">Abb\u00e1s Arag\u010d\u010d\u00ed<\/span><\/strong><span dir=\"auto\">\u00a0nazna\u010dil, \u017ee jednotky funguj\u00ed autonomn\u011b.<\/span><\/p>\n<p><em><span dir=\"auto\">\u201eNa\u0161e vojensk\u00e9 jednotky jsou nyn\u00ed v podstat\u011b nez\u00e1visl\u00e9 a do jist\u00e9 m\u00edry izolovan\u00e9 a operuj\u00ed na z\u00e1klad\u011b obecn\u00fdch pokyn\u016f, kter\u00e9 jim byly p\u0159edem d\u00e1ny,\u201c<\/span><span class=\"after-quote\"><span dir=\"auto\">\u00a0\u201e\u0159ekl v ned\u011bli televizi Al Jazeera.<\/span><\/span><\/em><\/p>\n<p><span dir=\"auto\">Taktika zohled\u0148uje ponau\u010den\u00ed z \u010dervnov\u00e9ho konfliktu, kdy byl \u00cdr\u00e1n ohromen hloubkou izraelsk\u00e9ho pronik\u00e1n\u00ed do jeho administrativn\u00edho syst\u00e9mu a jeho schopnost\u00ed eliminovat nejvy\u0161\u0161\u00ed velen\u00ed v prvn\u00edch hodin\u00e1ch konfliktu. Tentokr\u00e1t odvetn\u00e9 \u00fadery za\u010daly rychle, kr\u00e1tce pot\u00e9, co byli zavra\u017ed\u011bni Chamene\u00ed a kl\u00ed\u010dov\u00ed p\u0159edstavitel\u00e9 obrany.<\/span><\/p>\n<p><span dir=\"auto\">Zdroj tvrd\u00ed, \u017ee v \u010dervnu \u201eprob\u00edhalo velen\u00ed vojsk shora dol\u016f\u201c. Nyn\u00ed \u201es\u00edly v ter\u00e9nu ji\u017e v\u011bd\u00ed, co mus\u00ed d\u011blat, a z\u00e1rove\u0148 si udr\u017euj\u00ed plnou koordinaci s velitelsk\u00fdm centrem\u201c.<\/span><\/p>\n<p><span dir=\"auto\">Tvrd\u00e9 \u00fadery byly reakc\u00ed na to, \u017ee Isl\u00e1msk\u00e1 republika vn\u00edmala situaci jako boj o p\u0159e\u017eit\u00ed. B\u011bhem \u010dervnov\u00e9ho konfliktu se Teher\u00e1n omezil na \u00fadery proti Izraeli a jeden p\u0159edem ohl\u00e1\u0161en\u00fd \u00fatok na americkou z\u00e1kladnu v Kataru pot\u00e9, co USA za\u00fato\u010dily na jeho jadern\u00e1 za\u0159\u00edzen\u00ed. \u0160kody byly omezen\u00e9.<\/span><\/p>\n<p><span dir=\"auto\">Odhaduje se, \u017ee \u00cdr\u00e1n odp\u00e1lil na Spojen\u00e9 arabsk\u00e9 emir\u00e1ty, kl\u00ed\u010dov\u00e9 region\u00e1ln\u00ed centrum obchodu a cestovn\u00edho ruchu, t\u00e9m\u011b\u0159 stejn\u00fd po\u010det, ne-li v\u00edce, dron\u016f a raket ne\u017e na Izrael. T\u0159i lid\u00e9 byli zabiti. Do konfliktu se zapojily i s\u00edly spojen\u00e9 s Teher\u00e1nem, kter\u00e9 v \u010dervnu z\u016fstaly stranou. Hizball\u00e1h odp\u00e1lil rakety na severn\u00ed Izrael, co\u017e nazna\u010duje riziko nov\u00e9ho kola konfliktu v Libanonu. Ir\u00e1ck\u00e9 s\u00edly za\u00fato\u010dily na americkou z\u00e1kladnu v severn\u00edm Ir\u00e1ku a tvrdily, \u017ee se pokusily za\u00fato\u010dit na Ameri\u010dany pobl\u00ed\u017e leti\u0161t\u011b v Bagd\u00e1du. Pro\u00edr\u00e1nsk\u00e9 s\u00edly se tak\u00e9 pokusily proniknout do p\u0159\u00edsn\u011b st\u0159e\u017een\u00e9 Zelen\u00e9 z\u00f3ny, oblasti, kde se v ir\u00e1ck\u00e9m hlavn\u00edm m\u011bst\u011b nach\u00e1zej\u00ed z\u00e1padn\u00ed a americk\u00e9 ambas\u00e1dy.<\/span><\/p>\n<p><span dir=\"auto\">Eskalace region\u00e1ln\u00edho konfliktu je p\u0159esn\u011b t\u00edm nejhor\u0161\u00edm sc\u00e9n\u00e1\u0159em, kter\u00e9ho se mnoz\u00ed ob\u00e1vali po \u00fatoku Ham\u00e1su na Izrael 7. \u0159\u00edjna 2023, kter\u00fd si vy\u017e\u00e1dal 1200 \u017eivot\u016f a stal se nejv\u011bt\u0161\u00edm masakrem \u017did\u016f od holocaustu (\u00a0<\/span><em><span dir=\"auto\">v odvet\u011b \u017did\u00e9 v p\u00e1smu Gazy zabili p\u0159es 72 000 Palestinc\u016f, genocida, kter\u00e1 trv\u00e1 dodnes \u2013 pozn. InfoKur\u00fdr<\/span><span dir=\"auto\">)<\/span><\/em><span dir=\"auto\">\u00a0. A\u010dkoli to vyvolalo vlny ozbrojen\u00fdch konflikt\u016f v Gaze, Libanonu a Jemenu, stejn\u011b jako p\u0159\u00edm\u00e9 st\u0159ety mezi Izraelem a \u00cdr\u00e1nem, Isl\u00e1msk\u00e1 republika se sna\u017eila sv\u00e9 zapojen\u00ed zm\u00edrnit s t\u00edm, \u017ee p\u0159esunut\u00ed hlavn\u00edch \u00fatok\u016f od vlastn\u00edch hranic je nejlep\u0161\u00ed zp\u016fsob, jak udr\u017eet stabilitu sv\u00e9 moci. Podle analytik\u016f se v\u0161ak po \u010dervnov\u00fdch \u00faderech Izraele a USA tento v\u00fdpo\u010det zm\u011bnil.<\/span><\/p>\n<p><em><span dir=\"auto\">\u201eV\u016fdce Ham\u00e1su\u00a0<\/span><strong><span dir=\"auto\">Jahja Sinvar<\/span><\/strong><span dir=\"auto\">\u00a0se pokusil rozpoutat region\u00e1ln\u00ed konflikt ji\u017e 7. \u0159\u00edjna, ale jeho spojenci se br\u00e1nili, proto\u017ee si to nep\u0159\u00e1li,\u201c poznamenal\u00a0<\/span><strong><span dir=\"auto\">Emil Hokayem<\/span><\/strong><span dir=\"auto\">\u00a0z Mezin\u00e1rodn\u00edho institutu pro strategick\u00e1 studia (IISS). \u201eNyn\u00ed jsou to Amerika a Izrael, kdo tuto eskalaci region\u00e1ln\u00edho konfliktu spou\u0161t\u011bj\u00ed, a to za sv\u00fdch vlastn\u00edch podm\u00ednek.\u201c<\/span><\/em><\/p>\n<p><span dir=\"auto\">V\u011bt\u0161inu raket a dron\u016f odp\u00e1len\u00fdch \u00cdr\u00e1nem a jeho spojenci zachytila \u200b\u200bprotivzdu\u0161n\u00e1 obrana. Chaotickou povahu eskaluj\u00edc\u00ed patov\u00e9 situace v\u0161ak podtrhlo ozn\u00e1men\u00ed americk\u00e9 arm\u00e1dy v pond\u011bl\u00ed, \u017ee kuvajtsk\u00e9 pos\u00e1dky protivzdu\u0161n\u00e9 obrany omylem sest\u0159elily t\u0159i americk\u00e9 st\u00edha\u010dky. Zdroj bl\u00edzk\u00fd vl\u00e1d\u011b uvedl, \u017ee odvetn\u00e9 \u00fadery, v\u010detn\u011b \u00fader\u016f na c\u00edle, jako jsou hotely v Dubaji, \u201e\u010din\u00ed jak\u00e9koli m\u00edsto, kde se nach\u00e1zej\u00ed Ameri\u010dan\u00e9, nebezpe\u010dn\u00fdm \u2013 a nikdo tam nebude cht\u00edt z\u016fstat\u201c. Dodal, \u017ee \u00edr\u00e1n\u0161t\u00ed soused\u00e9 v Persk\u00e9m z\u00e1livu, bohat\u00ed na ropu, nyn\u00ed \u201ebudou \u010delit zv\u00fd\u0161en\u00fdm investi\u010dn\u00edm rizik\u016fm\u201c.<\/span><\/p>\n<p><em><span dir=\"auto\">\u201eInvesto\u0159i jim \u0159eknou: jste bl\u00edzko \u00cdr\u00e1nu a ka\u017edou chv\u00edli by mohla raketa dopadnout do st\u0159edu va\u0161\u00ed zem\u011b,\u201c<\/span><span class=\"after-quote\"><span dir=\"auto\">\u00a0\u2014 dodal.<\/span><\/span><\/em><\/p>\n<p><span dir=\"auto\">T\u00edm, \u017ee se v\u0161ak vl\u00e1da zam\u011b\u0159uje na st\u00e1ty Persk\u00e9ho z\u00e1livu, kter\u00e9 v posledn\u00edch letech tla\u010d\u00ed na prezidenta\u00a0<\/span><strong><span dir=\"auto\">Donalda Trumpa<\/span><\/strong><span dir=\"auto\">\u00a0k diplomatick\u00e9mu vztahu s \u00cdr\u00e1nem a zm\u00edr\u0148uj\u00ed nap\u011bt\u00ed s Teher\u00e1nem, riskuje dal\u0161\u00ed izolaci a tla\u010d\u00ed na sv\u00e9 sousedy, aby podpo\u0159ili americko-izraelskou operaci.<\/span><\/p>\n<p><span dir=\"auto\">N\u011bkte\u0159\u00ed analytici se domn\u00edvaj\u00ed, \u017ee \u00edr\u00e1nsk\u00e1 reakce demonstruje bezohlednost. Teher\u00e1nsk\u00e1 reakce je skute\u010dn\u011b sc\u00e9n\u00e1\u0159em \u201eno\u010dn\u00ed m\u016fry\u201c, kter\u00e9ho se mnoz\u00ed ob\u00e1vali, kritizuje\u00a0<\/span><strong><span dir=\"auto\">Burcu \u00d6z\u00e7elik<\/span><\/strong><span dir=\"auto\">\u00a0, vedouc\u00ed v\u00fdzkumn\u00e1 pracovnice Kr\u00e1lovsk\u00e9ho institutu spojen\u00fdch slu\u017eeb (RUSI\u00a0<\/span><span class=\"rkn-mark\"><span dir=\"auto\">)<\/span><\/span><span dir=\"auto\">\u00a0. Dodala, \u017ee ostr\u00e1 r\u00e9torika Teher\u00e1nu v p\u0159edve\u010der konfliktu p\u0159i\u017eivila obavy, \u017ee se re\u017eim jednodu\u0161e stane \u201eiracion\u00e1ln\u00edm \u201a\u0161\u00edlencem\u2018, kter\u00fd bude \u00fato\u010dit, kam se mu zl\u00edb\u00ed, bez sebekontroly\u201c. ( Bylo by hezk\u00e9 vid\u011bt Burcu, kdy\u017e to nebude systematicky ni\u010den\u00fd \u00cdr\u00e1n, ale Turecko. \u2013\u00a0<\/span><em><span dir=\"auto\">pozn. InfoKur\u00fdr<\/span><\/em><span dir=\"auto\">)<\/span><\/p>\n<p><span dir=\"auto\">Zdroj a n\u011bkte\u0159\u00ed \u00edr\u00e1n\u0161t\u00ed experti se domn\u00edvaj\u00ed, \u017ee Chamene\u00ed, kter\u00e9mu bylo 86 let, o\u010dek\u00e1val svou smrt a byl p\u0159ipraven zem\u0159\u00edt jako \u201emu\u010dedn\u00edk\u201c, kdy\u017e z\u016fstal ve sv\u00e9m teher\u00e1nsk\u00e9m s\u00eddle se svou rodinou navzdory hrozb\u011b \u00fatoku. To znamenalo, \u017ee byla p\u0159edem p\u0159ijata opat\u0159en\u00ed, kter\u00e1 m\u011bla zajistit, aby si re\u017eim udr\u017eel zd\u00e1n\u00ed vnit\u0159n\u00ed stability a z\u00e1rove\u0148 pos\u00edlil svou reakci na \u00fatoky USA a Izraele.<\/span><\/p>\n<p><span dir=\"auto\">IRGC v sou\u010dasn\u00e9 dob\u011b vede vojensk\u00e9 operace. Sil\u00e1m v\u00e9vod\u00ed gener\u00e1lmajor\u00a0<\/span><strong><span dir=\"auto\">Ahmad Vahidi<\/span><\/strong><span dir=\"auto\">\u00a0, kter\u00fd nahradil p\u0159edchoz\u00edho velitele po jeho smrti v sobotu.<\/span><\/p>\n<p><em><span dir=\"auto\">\u00cdr\u00e1n je na rozd\u00edl od Spojen\u00fdch st\u00e1t\u016f p\u0159ipraven na dlouhodobou konfrontaci.<\/span><span class=\"after-quote\"><span dir=\"auto\">\u00a0\u2014 napsal v pond\u011bl\u00ed na soci\u00e1ln\u00ed s\u00edti X\u00a0<\/span><strong><span dir=\"auto\">Ali Larid\u017ean\u00ed<\/span><\/strong><span dir=\"auto\">\u00a0, tajemn\u00edk \u00edr\u00e1nsk\u00e9 Nejvy\u0161\u0161\u00ed rady n\u00e1rodn\u00ed bezpe\u010dnosti .<\/span><\/span><\/em><\/p>\n<p><span dir=\"auto\">V\u00fdsledkem je prohlubuj\u00edc\u00ed se konflikt, kter\u00fd hroz\u00ed zapojen\u00edm dal\u0161\u00edch zem\u00ed. Brit\u00e1nie v ned\u011bli ozn\u00e1mila, \u017ee USA umo\u017en\u00ed vyu\u017e\u00edvat sv\u00e9 z\u00e1kladny, v\u010detn\u011b leteck\u00e9 z\u00e1kladny RAF Fairford v Gloucestershire a spole\u010dn\u00e9 britsko-americk\u00e9 z\u00e1kladny Diego Garcia v souostrov\u00ed Chagos, k \u00fader\u016fm proti \u00cdr\u00e1nu.<\/span><\/p>\n<p><em><span dir=\"auto\">\u201eA\u0165 u\u017e jde o Spojen\u00e9 kr\u00e1lovstv\u00ed nebo zem\u011b Bl\u00edzk\u00e9ho v\u00fdchodu, mohly by se p\u0159ipojit k n\u011b\u010demu, nad \u010d\u00edm nemaj\u00ed \u017e\u00e1dnou kontrolu,\u201c domn\u00edv\u00e1 se Hokayem. \u201eTento proces m\u00e1 svou vlastn\u00ed setrva\u010dnost a neexistuje \u017e\u00e1dn\u00e9 spole\u010dn\u00e9 porozum\u011bn\u00ed po\u017eadovan\u00e9mu v\u00fdsledku, ochota riskovat ani pochopen\u00ed toho, co se stane potom.\u201c (Jin\u00fdmi slovy, pro\u010d by se Brit\u00e1nie do tohoto chaosu zapl\u00e9tala, kdy\u017e jsou \u00cdr\u00e1nci ochotni to dot\u00e1hnout do konce? \u2013 pozn. InfoKuryr<\/span><span dir=\"auto\">).<\/span><\/em><\/p>\n<p class=\"rkn-info\"><img decoding=\"async\" loading=\"lazy\" class=\"alignnone size-full wp-image-1185\" src=\"http:\/\/www.infokuryr.cz\/n\/wp-content\/uploads\/2021\/04\/kuryr-podpis.png\" alt=\"\" width=\"84\" height=\"24\" \/><\/p>\n<p>&nbsp;<\/p>\n","protected":false},"excerpt":{"rendered":"<p>\u00datoky na energetickou infrastrukturu a c\u00edle na cel\u00e9m Bl\u00edzk\u00e9m v\u00fdchod\u011b jsou sou\u010d\u00e1st\u00ed strategie, jej\u00edm\u017e c\u00edlem&#8230;<\/p>\n","protected":false},"author":2,"featured_media":101098,"comment_status":"closed","ping_status":"closed","sticky":false,"template":"","format":"standard","meta":[],"categories":[7],"tags":[1042,38,1894,40,1111],"_links":{"self":[{"href":"https:\/\/www.infokuryr.cz\/n\/wp-json\/wp\/v2\/posts\/101097"}],"collection":[{"href":"https:\/\/www.infokuryr.cz\/n\/wp-json\/wp\/v2\/posts"}],"about":[{"href":"https:\/\/www.infokuryr.cz\/n\/wp-json\/wp\/v2\/types\/post"}],"author":[{"embeddable":true,"href":"https:\/\/www.infokuryr.cz\/n\/wp-json\/wp\/v2\/users\/2"}],"replies":[{"embeddable":true,"href":"https:\/\/www.infokuryr.cz\/n\/wp-json\/wp\/v2\/comments?post=101097"}],"version-history":[{"count":0,"href":"https:\/\/www.infokuryr.cz\/n\/wp-json\/wp\/v2\/posts\/101097\/revisions"}],"wp:featuredmedia":[{"embeddable":true,"href":"https:\/\/www.infokuryr.cz\/n\/wp-json\/wp\/v2\/media\/101098"}],"wp:attachment":[{"href":"https:\/\/www.infokuryr.cz\/n\/wp-json\/wp\/v2\/media?parent=101097"}],"wp:term":[{"taxonomy":"category","embeddable":true,"href":"https:\/\/www.infokuryr.cz\/n\/wp-json\/wp\/v2\/categories?post=101097"},{"taxonomy":"post_tag","embeddable":true,"href":"https:\/\/www.infokuryr.cz\/n\/wp-json\/wp\/v2\/tags?post=101097"}],"curies":[{"name":"wp","href":"https:\/\/api.w.org\/{rel}","templated":true}]}}