{"id":101094,"date":"2026-03-06T00:20:09","date_gmt":"2026-03-05T23:20:09","guid":{"rendered":"https:\/\/www.infokuryr.cz\/n\/?p=101094"},"modified":"2026-03-05T11:51:07","modified_gmt":"2026-03-05T10:51:07","slug":"eu-potichu-spousti-centrum-pro-demokratickou-odolnost-coz-se-setkalo-s-ostrou-kritikou-ze-strany-evropskeho-parlamentu","status":"publish","type":"post","link":"https:\/\/www.infokuryr.cz\/n\/2026\/03\/06\/eu-potichu-spousti-centrum-pro-demokratickou-odolnost-coz-se-setkalo-s-ostrou-kritikou-ze-strany-evropskeho-parlamentu\/","title":{"rendered":"EU potichu spou\u0161t\u00ed \u201eCentrum pro demokratickou odolnost\u201c \u2013 co\u017e se setkalo s ostrou kritikou ze strany Evropsk\u00e9ho parlamentu"},"content":{"rendered":"<div id=\"fb-root\"><\/div>\n<p><strong><span dir=\"auto\">Poslanec Evropsk\u00e9ho parlamentu Fernand Kartheiser ost\u0159e kritizoval z\u0159\u00edzen\u00ed nov\u00e9ho Evropsk\u00e9ho centra pro demokratickou odolnost Evropskou komis\u00ed. Ve videozpr\u00e1v\u011b na platform\u011b X uvedl, \u017ee tato iniciativa, ofici\u00e1ln\u011b zam\u00fd\u0161len\u00e1 na ochranu \u201edemokratick\u00fdch proces\u016f\u201c, by ve skute\u010dnosti mohla p\u0159edstavovat hrozbu pro svobodn\u00e9 volby, n\u00e1rodn\u00ed suverenitu a otev\u0159enou ve\u0159ejnou diskusi.<\/span><\/strong><\/p>\n<p><span dir=\"auto\">Podle Komise m\u00e1 centrum l\u00e9pe chr\u00e1nit demokracie v Evropsk\u00e9 unii p\u0159ed zahrani\u010dn\u00edm vm\u011b\u0161ov\u00e1n\u00edm, dezinformacemi a volebn\u00edmi manipulacemi. Kartheiser v\u0161ak tento c\u00edl z\u00e1sadn\u011b zpochyb\u0148uje.<\/span><\/p>\n<div class=\"twitter-tweet twitter-tweet-rendered\"><iframe id=\"twitter-widget-0\" class=\"\" title=\"X Post\" src=\"https:\/\/platform.twitter.com\/embed\/Tweet.html?dnt=false&amp;embedId=twitter-widget-0&amp;features=eyJ0ZndfdGltZWxpbmVfbGlzdCI6eyJidWNrZXQiOltdLCJ2ZXJzaW9uIjpudWxsfSwidGZ3X2ZvbGxvd2VyX2NvdW50X3N1bnNldCI6eyJidWNrZXQiOnRydWUsInZlcnNpb24iOm51bGx9LCJ0ZndfdHdlZXRfZWRpdF9iYWNrZW5kIjp7ImJ1Y2tldCI6Im9uIiwidmVyc2lvbiI6bnVsbH0sInRmd19yZWZzcmNfc2Vzc2lvbiI6eyJidWNrZXQiOiJvbiIsInZlcnNpb24iOm51bGx9LCJ0ZndfZm9zbnJfc29mdF9pbnRlcnZlbnRpb25zX2VuYWJsZWQiOnsiYnVja2V0Ijoib24iLCJ2ZXJzaW9uIjpudWxsfSwidGZ3X21peGVkX21lZGlhXzE1ODk3Ijp7ImJ1Y2tldCI6InRyZWF0bWVudCIsInZlcnNpb24iOm51bGx9LCJ0ZndfZXhwZXJpbWVudHNfY29va2llX2V4cGlyYXRpb24iOnsiYnVja2V0IjoxMjA5NjAwLCJ2ZXJzaW9uIjpudWxsfSwidGZ3X3Nob3dfYmlyZHdhdGNoX3Bpdm90c19lbmFibGVkIjp7ImJ1Y2tldCI6Im9uIiwidmVyc2lvbiI6bnVsbH0sInRmd19kdXBsaWNhdGVfc2NyaWJlc190b19zZXR0aW5ncyI6eyJidWNrZXQiOiJvbiIsInZlcnNpb24iOm51bGx9LCJ0ZndfdXNlX3Byb2ZpbGVfaW1hZ2Vfc2hhcGVfZW5hYmxlZCI6eyJidWNrZXQiOiJvbiIsInZlcnNpb24iOm51bGx9LCJ0ZndfdmlkZW9faGxzX2R5bmFtaWNfbWFuaWZlc3RzXzE1MDgyIjp7ImJ1Y2tldCI6InRydWVfYml0cmF0ZSIsInZlcnNpb24iOm51bGx9LCJ0ZndfbGVnYWN5X3RpbWVsaW5lX3N1bnNldCI6eyJidWNrZXQiOnRydWUsInZlcnNpb24iOm51bGx9LCJ0ZndfdHdlZXRfZWRpdF9mcm9udGVuZCI6eyJidWNrZXQiOiJvbiIsInZlcnNpb24iOm51bGx9fQ%3D%3D&amp;frame=false&amp;hideCard=false&amp;hideThread=false&amp;id=2026376985883054262&amp;lang=cs&amp;origin=https%3A%2F%2Funcutnews.ch%2Feu-startet-still-und-leise-zentrum-fuer-demokratische-resilienz-scharfe-kritik-aus-dem-europaparlament%2F&amp;sessionId=bcd7b02acf2d19feb2ea418c8f41260d12e8d2a5&amp;theme=light&amp;widgetsVersion=2615f7e52b7e0%3A1702314776716&amp;width=550px\" frameborder=\"0\" scrolling=\"no\" allowfullscreen=\"allowfullscreen\" data-tweet-id=\"2026376985883054262\" data-mce-fragment=\"1\"><\/iframe><\/div>\n<h3><strong><span dir=\"auto\">\u201eOdoln\u00e9 volby\u201c nebo volebn\u00ed manipulace<\/span><\/strong><\/h3>\n<p><span dir=\"auto\">Jedn\u00edm z \u00fast\u0159edn\u00edch bod\u016f nov\u00e9ho centra je v\u00fdvoj n\u00e1stroj\u016f, kter\u00e9 zv\u00fd\u0161\u00ed odolnost voleb v\u016f\u010di zahrani\u010dn\u00edmu vm\u011b\u0161ov\u00e1n\u00ed.<\/span><\/p>\n<p><span dir=\"auto\">Kartheiser v\u0161ak tvrd\u00ed, \u017ee v praxi by to mohlo v\u00e9st k ovliv\u0148ov\u00e1n\u00ed nebo dokonce manipulaci s volebn\u00edmi procesy. Varuje, \u017ee v\u00fdsledky voleb by mohly b\u00fdt zpochybn\u011bny nebo prohl\u00e1\u0161eny za neplatn\u00e9, pokud by byli zvoleni kandid\u00e1ti, kte\u0159\u00ed se nestoto\u017e\u0148uj\u00ed s politickou lini\u00ed evropsk\u00fdch instituc\u00ed. Implicitn\u011b odkazuje na ud\u00e1losti v Rumunsku, kter\u00e9 by podle n\u011bj mohly slou\u017eit jako p\u0159\u00edklad zasahov\u00e1n\u00ed do volebn\u00edch proces\u016f.<\/span><\/p>\n<h3><strong><span dir=\"auto\">Boj proti dezinformac\u00edm jako mo\u017en\u00e9 z\u00e1mince pro cenzuru<\/span><\/strong><\/h3>\n<p><span dir=\"auto\">Dal\u0161\u00edm prvkem projektu je vytvo\u0159en\u00ed evropsk\u00e9ho pl\u00e1nu pro boj proti dezinformac\u00edm. Komise jej prezentuje jako koordinovanou strategii na ochranu demokratick\u00fdch proces\u016f p\u0159ed zahrani\u010dn\u00edm vm\u011b\u0161ov\u00e1n\u00edm.<\/span><\/p>\n<p><span dir=\"auto\">Kartheiser to v\u0161ak pova\u017euje za riziko dal\u0161\u00edho omezen\u00ed svobody projevu. Podle jeho n\u00e1zoru by opat\u0159en\u00ed proti dezinformac\u00edm mohla v\u00e9st k p\u0159\u00edsn\u011bj\u0161\u00ed kontrole volebn\u00edch kampan\u00ed a medi\u00e1ln\u00edho obsahu. Varuje, \u017ee v praxi by boj proti dezinformac\u00edm mohl v\u00e9st k cenzu\u0159e a omezen\u00ed otev\u0159en\u00e9 ve\u0159ejn\u00e9 diskuse.<\/span><\/p>\n<h3><strong><span dir=\"auto\">S\u00edt\u011b ov\u011b\u0159ovatel\u016f fakt\u016f a nevl\u00e1dn\u00edch organizac\u00ed<\/span><\/strong><\/h3>\n<p><span dir=\"auto\">Centrum tak\u00e9 pl\u00e1nuje z\u0159\u00eddit platformu, kter\u00e1 by spojila ov\u011b\u0159ovatele fakt\u016f, v\u011bdce, medi\u00e1ln\u00ed profesion\u00e1ly a dal\u0161\u00ed z\u00fa\u010dastn\u011bn\u00e9 strany s c\u00edlem podpo\u0159it v\u00fdm\u011bnu informac\u00ed a bojovat proti \u201edezinformac\u00edm\u201c.<\/span><\/p>\n<p><span dir=\"auto\">Kartheiser vid\u00ed nebezpe\u010d\u00ed v tom, \u017ee se tyto organizace stanou finan\u010dn\u011b z\u00e1visl\u00fdmi na Evropsk\u00e9 komisi a t\u00edm ztrat\u00ed svou nez\u00e1vislost. Podle n\u011bj by takov\u00e1 s\u00ed\u0165 mohla v\u00e9st k tomu, \u017ee se bude \u0161\u00ed\u0159it prim\u00e1rn\u011b pohled Komise, zat\u00edmco kritick\u00e9 hlasy budou marginalizov\u00e1ny. Ob\u00e1v\u00e1 se, \u017ee to vytvo\u0159\u00ed centralizovan\u00fd syst\u00e9m, v n\u011bm\u017e instituce ur\u010duj\u00ed, co se pova\u017euje za pravdu a jak se to bude \u0161\u00ed\u0159it.<\/span><\/p>\n<h3><strong><span dir=\"auto\">N\u00e1rodn\u00ed suverenita pod tlakem<\/span><\/strong><\/h3>\n<p><span dir=\"auto\">Dal\u0161\u00ed sou\u010d\u00e1st\u00ed pl\u00e1nu je u\u017e\u0161\u00ed spolupr\u00e1ce mezi \u010dlensk\u00fdmi st\u00e1ty s c\u00edlem zlep\u0161it demokratickou odolnost. To zahrnuje opat\u0159en\u00ed na budov\u00e1n\u00ed kapacit a vz\u00e1jemnou podporu mezi st\u00e1ty.<\/span><\/p>\n<p><span dir=\"auto\">Kartheiser to interpretuje jako potenci\u00e1ln\u00ed z\u00e1sah do n\u00e1rodn\u00ed suverenity. Volby jsou tradi\u010dn\u011b n\u00e1rodn\u00ed z\u00e1le\u017eitost\u00ed, tvrd\u00ed, a zv\u00fd\u0161en\u00e1 koordinace na evropsk\u00e9 \u00farovni by mohla v\u00e9st k tomu, \u017ee st\u00e1ty se stanou m\u00e9n\u011b nez\u00e1visl\u00fdmi p\u0159i organizaci a kontrole vlastn\u00edch volebn\u00edch proces\u016f.<\/span><\/p>\n<h3><strong><span dir=\"auto\">Integrace kandid\u00e1tsk\u00fdch zem\u00ed na vstup do EU<\/span><\/strong><\/h3>\n<p><span dir=\"auto\">Do iniciativy se maj\u00ed zapojit i kandid\u00e1tsk\u00e9 zem\u011b a potenci\u00e1ln\u00ed budouc\u00ed \u010dlensk\u00e9 st\u00e1ty. Podle pl\u00e1n\u016f Komise by se musely je\u0161t\u011b p\u0159ed vstupem do EU p\u0159izp\u016fsobit evropsk\u00fdm standard\u016fm a pravidl\u016fm v oblasti \u201edemokratick\u00e9 odolnosti\u201c a \u0159e\u0161en\u00ed zahrani\u010dn\u00edho vlivu.<\/span><\/p>\n<p><span dir=\"auto\">Kartheiser to vn\u00edm\u00e1 jako v\u00edce ne\u017e jen technickou p\u0159\u00edpravu na \u010dlenstv\u00ed v EU. Podle jeho n\u00e1zoru m\u00e1 zajistit, aby se nov\u00e9 \u010dlensk\u00e9 st\u00e1ty politicky shodovaly se st\u00e1vaj\u00edc\u00edm sm\u011b\u0159ov\u00e1n\u00edm Evropsk\u00e9 unie a aby odli\u0161n\u00e9 postoje m\u011bly men\u0161\u00ed vliv v evropsk\u00fdch rozhodovac\u00edch procesech.<\/span><\/p>\n<h3><strong><span dir=\"auto\">Ob\u010dansk\u00e1 participace jako \u201esimulace demokracie\u201c<\/span><\/strong><\/h3>\n<p><span dir=\"auto\">Centrum tak\u00e9 pl\u00e1nuje u\u017e\u0161\u00ed zapojen\u00ed ob\u010dan\u016f, mimo jin\u00e9 prost\u0159ednictv\u00edm ob\u010dansk\u00fdch panel\u016f. Ofici\u00e1ln\u011b m\u00e1 za c\u00edl pos\u00edlit \u00fa\u010dast ve\u0159ejnosti na demokratick\u00fdch procesech.<\/span><\/p>\n<p><span dir=\"auto\">Kartheiser v\u0161ak tento p\u0159\u00edstup popisuje jako \u201esimulaci demokracie\u201c. Vyjad\u0159uje obavy, \u017ee takov\u00e9 panely by mohly b\u00fdt slo\u017eeny tak, aby prim\u00e1rn\u011b potvrzovaly postoje, kter\u00e9 jsou ji\u017e v souladu s politikou Evropsk\u00e9 komise. Ob\u010dansk\u00e1 \u00fa\u010dast tak riskuje, \u017ee se stane n\u00e1strojem legitimizace st\u00e1vaj\u00edc\u00edch politick\u00fdch lini\u00ed, sp\u00ed\u0161e ne\u017e vytvo\u0159en\u00edm otev\u0159en\u00e9ho f\u00f3ra pro rozmanit\u00e9 n\u00e1zory.<\/span><\/p>\n<h3><strong><span dir=\"auto\">\u201e\u0160t\u00edt proti demokracii\u201c<\/span><\/strong><\/h3>\n<p><span dir=\"auto\">Ve sv\u00e9m z\u00e1v\u011bru Kartheiser vysv\u011btluje, \u017ee nov\u00e9 centrum je sou\u010d\u00e1st\u00ed \u0161ir\u0161\u00edho trendu sm\u011b\u0159uj\u00edc\u00edho k v\u011bt\u0161\u00ed centralizaci moci v r\u00e1mci Evropsk\u00e9 unie. Iniciativu popisuje jako \u201e\u0161t\u00edt proti demokracii\u201c. Ob\u010dan\u00e9 a politici mus\u00ed z\u016fstat ostra\u017eit\u00ed v\u016f\u010di potenci\u00e1ln\u00edm totalitn\u00edm tendenc\u00edm v r\u00e1mci evropsk\u00fdch instituc\u00ed, varoval europoslanec.<\/span><\/p>\n<p><img decoding=\"async\" loading=\"lazy\" class=\"alignnone size-full wp-image-1185\" src=\"http:\/\/www.infokuryr.cz\/n\/wp-content\/uploads\/2021\/04\/kuryr-podpis.png\" alt=\"\" width=\"84\" height=\"24\" \/><\/p>\n<p>&nbsp;<\/p>\n","protected":false},"excerpt":{"rendered":"<p>Poslanec Evropsk\u00e9ho parlamentu Fernand Kartheiser ost\u0159e kritizoval z\u0159\u00edzen\u00ed nov\u00e9ho Evropsk\u00e9ho centra pro demokratickou odolnost Evropskou&#8230;<\/p>\n","protected":false},"author":2,"featured_media":1114,"comment_status":"closed","ping_status":"closed","sticky":false,"template":"","format":"standard","meta":[],"categories":[7],"tags":[169,41,2320,48],"_links":{"self":[{"href":"https:\/\/www.infokuryr.cz\/n\/wp-json\/wp\/v2\/posts\/101094"}],"collection":[{"href":"https:\/\/www.infokuryr.cz\/n\/wp-json\/wp\/v2\/posts"}],"about":[{"href":"https:\/\/www.infokuryr.cz\/n\/wp-json\/wp\/v2\/types\/post"}],"author":[{"embeddable":true,"href":"https:\/\/www.infokuryr.cz\/n\/wp-json\/wp\/v2\/users\/2"}],"replies":[{"embeddable":true,"href":"https:\/\/www.infokuryr.cz\/n\/wp-json\/wp\/v2\/comments?post=101094"}],"version-history":[{"count":0,"href":"https:\/\/www.infokuryr.cz\/n\/wp-json\/wp\/v2\/posts\/101094\/revisions"}],"wp:featuredmedia":[{"embeddable":true,"href":"https:\/\/www.infokuryr.cz\/n\/wp-json\/wp\/v2\/media\/1114"}],"wp:attachment":[{"href":"https:\/\/www.infokuryr.cz\/n\/wp-json\/wp\/v2\/media?parent=101094"}],"wp:term":[{"taxonomy":"category","embeddable":true,"href":"https:\/\/www.infokuryr.cz\/n\/wp-json\/wp\/v2\/categories?post=101094"},{"taxonomy":"post_tag","embeddable":true,"href":"https:\/\/www.infokuryr.cz\/n\/wp-json\/wp\/v2\/tags?post=101094"}],"curies":[{"name":"wp","href":"https:\/\/api.w.org\/{rel}","templated":true}]}}