{"id":101093,"date":"2026-03-06T00:19:25","date_gmt":"2026-03-05T23:19:25","guid":{"rendered":"https:\/\/www.infokuryr.cz\/n\/?p=101093"},"modified":"2026-03-05T11:48:48","modified_gmt":"2026-03-05T10:48:48","slug":"vizualizace-obrovske-rozlohy-iranu-a-proc-by-jakakoli-pozemni-invaze-skoncila-dlouhotrvajicim-bazinatym-chaosem","status":"publish","type":"post","link":"https:\/\/www.infokuryr.cz\/n\/2026\/03\/06\/vizualizace-obrovske-rozlohy-iranu-a-proc-by-jakakoli-pozemni-invaze-skoncila-dlouhotrvajicim-bazinatym-chaosem\/","title":{"rendered":"Vizualizace obrovsk\u00e9 rozlohy \u00cdr\u00e1nu \u2013 a pro\u010d by jak\u00e1koli pozemn\u00ed invaze skon\u010dila dlouhotrvaj\u00edc\u00edm ba\u017einat\u00fdm chaosem"},"content":{"rendered":"<div id=\"fb-root\"><\/div>\n<div class=\"elementor-element elementor-element-1fb4c2c elementor-widget elementor-widget-theme-post-content\" data-id=\"1fb4c2c\" data-element_type=\"widget\" data-e-type=\"widget\" data-widget_type=\"theme-post-content.default\">\n<div class=\"elementor-widget-container\">\n<p><span dir=\"auto\">V\u011bt\u0161ina Ameri\u010dan\u016f m\u00e1 jen mal\u00e9 pochopen\u00ed nebo pochopen\u00ed pro velikost \u00cdr\u00e1nu z hlediska geografie nebo populace. Etnicko-n\u00e1bo\u017eensk\u00e9 slo\u017een\u00ed tohoto rozlehl\u00e9ho n\u00e1roda na Bl\u00edzk\u00e9m v\u00fdchod\u011b a v z\u00e1padn\u00ed Asii je tak\u00e9 velmi d\u016fle\u017eit\u00e9, zejm\u00e9na vzhledem k tomu, \u017ee USA ji\u017e diskutuj\u00ed o vyzbrojen\u00ed a podpo\u0159e pozemn\u00ed operace veden\u00e9 Kurdy proti Teher\u00e1nu.<\/span><\/p>\n<p><span dir=\"auto\">Sta\u010d\u00ed \u0159\u00edct, \u017ee populace \u00cdr\u00e1nu je v\u00edce ne\u017e dvakr\u00e1t v\u011bt\u0161\u00ed ne\u017e populace jeho sousedn\u00edho Ir\u00e1ku (p\u0159es 90 milion\u016f lid\u00ed). \u00cdr\u00e1n je tak\u00e9 t\u00e9m\u011b\u0159 polovi\u010dn\u00ed ne\u017e evropsk\u00fd kontinent. To v\u0161e je kl\u00ed\u010dov\u00e9 pro pochopen\u00ed toho, co by americk\u00e1 vojensk\u00e1 eskalace v t\u00e9to zemi mohla znamenat, zejm\u00e9na proto, \u017ee Trump\u016fv B\u00edl\u00fd d\u016fm nevylou\u010dil nasazen\u00ed americk\u00fdch pozemn\u00edch vojsk v r\u00e1mci rozv\u00edjej\u00edc\u00ed se \u201eOperace Epic Fury\u201c. Vezm\u011bte si toto: USA str\u00e1vily dv\u011b krvav\u00e1 desetilet\u00ed okupac\u00ed Ir\u00e1ku (kter\u00fd je zase v\u00fdrazn\u011b men\u0161\u00ed ne\u017e Isl\u00e1msk\u00e1 republika). Rusku trvala vojensk\u00e1 operace na Ukrajin\u011b v\u00edce ne\u017e \u010dty\u0159i roky a \u00cdr\u00e1n je podstatn\u011b v\u011bt\u0161\u00ed ne\u017e Ukrajina.<\/span><\/p>\n<figure class=\"wp-block-image aligncenter size-large\"><img decoding=\"async\" loading=\"lazy\" class=\"aligncenter\" src=\"https:\/\/assets.zerohedge.com\/s3fs-public\/inline-images\/ukraine-vs-iran.png?itok=e1SHEmis\" alt=\"\" width=\"771\" height=\"405\" \/><\/figure>\n<p><span dir=\"auto\">A zde je velikost \u00cdr\u00e1nu v porovn\u00e1n\u00ed s evropsk\u00fdm kontinentem.<\/span><\/p>\n<figure class=\"wp-block-image aligncenter size-large\"><img decoding=\"async\" class=\"aligncenter\" src=\"https:\/\/assets.zerohedge.com\/s3fs-public\/inline-images\/iranovereur.jpg?itok=u1WWkRsn\" alt=\"\" \/><\/figure>\n<p><span dir=\"auto\">D\u00e1le: Velikost \u00cdr\u00e1nu v porovn\u00e1n\u00ed s Alja\u0161kou (s vyu\u017eit\u00edm kontinent\u00e1ln\u00edch Spojen\u00fdch st\u00e1t\u016f jako m\u011b\u0159\u00edtka). P\u0159edstavte si v\u00e1lku, kter\u00e1 by zahrnovala t\u00e9m\u011b\u0159 t\u0159etinu kontinent\u00e1ln\u00edch Spojen\u00fdch st\u00e1t\u016f \u2013 a z\u00e1rove\u0148 si p\u0159edstavte vn\u011bj\u0161\u00ed mocnost, kter\u00e1 se sna\u017e\u00ed uklidnit populaci 90 milion\u016f lid\u00ed v t\u00e9to rozs\u00e1hl\u00e9 zem\u011bpisn\u00e9 oblasti.<\/span><\/p>\n<p><span dir=\"auto\">\u00cdr\u00e1n a Alja\u0161ka jsou si podobn\u00e9, co se t\u00fd\u010de rozlehlosti jejich \u00fazem\u00ed:<\/span><\/p>\n<p><span dir=\"auto\">Alja\u0161ka: 1,723 milionu km\u00b2 \u2248 665 000 \u010dtvere\u010dn\u00edch mil (asi 17,4 % USA)<\/span><\/p>\n<p><span dir=\"auto\">\u00cdr\u00e1n: 1,648 milionu km\u00b2 \u2248 636 300 \u010dtvere\u010dn\u00edch mil (asi 16,7 % USA)<\/span><\/p>\n<p><span dir=\"auto\">USA: 9,867 milionu km\u00b2 \u2248 3 810 000 \u010dtvere\u010dn\u00edch mil<\/span><\/p>\n<figure class=\"wp-block-image aligncenter size-large is-resized\"><img decoding=\"async\" loading=\"lazy\" class=\"aligncenter\" src=\"https:\/\/assets.zerohedge.com\/s3fs-public\/inline-images\/alaskacomp.jpg?itok=8WBk822-\" alt=\"\" width=\"840\" height=\"423\" \/><\/figure>\n<p><span dir=\"auto\">Dal\u0161\u00ed srovn\u00e1n\u00ed: \u00cdr\u00e1n je v\u00fdrazn\u011b v\u011bt\u0161\u00ed ne\u017e Texas.<\/span><\/p>\n<figure class=\"wp-block-image aligncenter size-large is-resized\"><img decoding=\"async\" class=\"aligncenter\" src=\"https:\/\/assets.zerohedge.com\/s3fs-public\/inline-images\/iranusa.jpg?itok=WPVRAYxq\" alt=\"\" \/><\/figure>\n<p><span dir=\"auto\">Je tak\u00e9 podstatn\u011b v\u011bt\u0161\u00ed ne\u017e Ir\u00e1k.<\/span><\/p>\n<p><span dir=\"auto\">Je tak\u00e9 d\u016fle\u017eit\u00e9 poznamenat, \u017ee nejkrvav\u011bj\u0161\u00ed v\u00e1lkou na modern\u00edm Bl\u00edzk\u00e9m v\u00fdchod\u011b byla \u00edr\u00e1nsko-ir\u00e1ck\u00e1 v\u00e1lka. V letech 1980 a\u017e 1988 vedly tyto dva sousedn\u00ed st\u00e1ty pozemn\u00ed a d\u011blost\u0159eleckou v\u00e1lku, kter\u00e1 skon\u010dila patovou situac\u00ed. Byla to katastrof\u00e1ln\u00ed vy\u010derp\u00e1vac\u00ed v\u00e1lka a v t\u00e9 dob\u011b Spojen\u00e9 st\u00e1ty ve skute\u010dnosti tajn\u011b podporovaly Ir\u00e1k pod Sadd\u00e1mem Husajnem, aby oslabily \u00cdr\u00e1n.<\/span><\/p>\n<p><span dir=\"auto\">P\u0159esto \u00cdr\u00e1n i tuto v\u00e1lku p\u0159e\u017eil, co\u017e d\u00e1v\u00e1 p\u0159edstavu o tom, co by zem\u011b byla schopna sn\u00e9st, kdyby musela v\u00e9st v\u00e1lku o sv\u00e9 vlastn\u00ed p\u0159e\u017eit\u00ed a existenci proti USA a Izraeli.<\/span><\/p>\n<p><em><strong><span dir=\"auto\">Po\u010det ob\u011bt\u00ed v \u00edr\u00e1nsko-ir\u00e1ck\u00e9 v\u00e1lce se odhaduje na 1 000 000 a\u017e dvojn\u00e1sobek. Po\u010det mrtv\u00fdch na obou stran\u00e1ch se mohl pohybovat kolem 500 000, p\u0159i\u010dem\u017e \u00cdr\u00e1n utrp\u011bl nejv\u011bt\u0161\u00ed ztr\u00e1ty. Odhaduje se, \u017ee ir\u00e1ck\u00e9 s\u00edly b\u011bhem kampan\u011b v roce 1988 zabily 50 000 a\u017e 100 000 Kurd\u016f. \u2014Britannica<\/span><\/strong><\/em><\/p>\n<figure class=\"wp-block-image aligncenter size-large\"><img decoding=\"async\" class=\"aligncenter\" src=\"https:\/\/assets.zerohedge.com\/s3fs-public\/inline-images\/iraniraq_1.jpg?itok=ZvnFwOgn\" alt=\"\" \/><\/figure>\n<p><span dir=\"auto\">Velikost Teher\u00e1nu je srovnateln\u00e1 s New Yorkem.<\/span><\/p>\n<p><span dir=\"auto\">Jak\u00e1koli pozemn\u00ed invaze by vy\u017eadovala vy\u010derp\u00e1vaj\u00edc\u00ed a zdlouhavou m\u011bstskou v\u00e1lku, v\u010detn\u011b systematick\u00e9ho vykl\u00edzen\u00ed prostor a budov p\u011bchotn\u00edmi jednotkami.<\/span><\/p>\n<p><span dir=\"auto\">Mnoho americk\u00fdch veter\u00e1n\u016f z v\u00e1lky v Ir\u00e1ku uv\u00e1d\u00ed extr\u00e9mn\u011b nam\u00e1hav\u00e9 prohled\u00e1v\u00e1n\u00ed budov ve m\u011bstech jako Bagd\u00e1d nebo Fall\u00fad\u017ea, kde d\u016fkladn\u00e9 a systematick\u00e9 prohled\u00e1n\u00ed jedn\u00e9 velk\u00e9 budovy mohlo trvat p\u011bt a\u017e osm hodin. Veter\u00e1ni n\u00e1mo\u0159n\u00ed p\u011bchoty by \u0159ekli, \u017ee prohled\u00e1v\u00e1n\u00ed velk\u00fdch budov a prostor pat\u0159\u00ed mezi fyzicky nejn\u00e1ro\u010dn\u011bj\u0161\u00ed a extr\u00e9mn\u011b rizikov\u00e9 \u00fakoly, kter\u00e9 m\u016f\u017ee p\u011b\u0161\u00e1k vykon\u00e1vat.<\/span><\/p>\n<figure class=\"wp-block-image aligncenter size-large\"><img decoding=\"async\" class=\"aligncenter\" src=\"https:\/\/assets.zerohedge.com\/s3fs-public\/inline-images\/iranscities.jpg?itok=N_5-e1FD\" alt=\"\" \/><\/figure>\n<p><span dir=\"auto\">\u00cdr\u00e1nsk\u00e9 hlavn\u00ed m\u011bsto Teher\u00e1n m\u00e1 t\u00e9m\u011b\u0159 10 milion\u016f obyvatel, zat\u00edmco v\u011bt\u0161\u00ed metropolitn\u00ed oblast m\u00e1 asi 16 milion\u016f obyvatel.<\/span><\/p>\n<p><em><span dir=\"auto\">Po\u010det obyvatel Teher\u00e1nu se odhaduje na 9,5 milionu (16,8 milionu v\u010detn\u011b metropolitn\u00ed oblasti). Jeho velikost a hustota obyvatelstva jsou srovnateln\u00e9 s New Yorkem; region\u00e1ln\u011b je srovnateln\u00fd s K\u00e1hirou a Istanbulem. \u2013 Middle East Eye<\/span><\/em><\/p>\n<figure class=\"wp-block-image aligncenter size-large\"><img decoding=\"async\" class=\"aligncenter\" src=\"https:\/\/assets.zerohedge.com\/s3fs-public\/inline-images\/tehransize.jpg?itok=xhhESID-\" alt=\"\" \/><\/figure>\n<p><span dir=\"auto\">Teher\u00e1n: Obrovsk\u00e9, modern\u00ed, kosmopolitn\u00ed m\u011bsto pln\u00e9 civilist\u016f, nyn\u00ed pod bombardov\u00e1n\u00edm ve stylu \u201e\u0161oku a \u00fa\u017easu\u201c ze strany USA a Izraele.<\/span><\/p>\n<figure class=\"wp-block-image aligncenter size-large\"><img decoding=\"async\" loading=\"lazy\" class=\"aligncenter\" src=\"https:\/\/assets.zerohedge.com\/s3fs-public\/inline-images\/tehran_0.jpg?itok=F5f0onJ1\" alt=\"\" width=\"712\" height=\"400\" \/><\/figure>\n<p><span dir=\"auto\">Jak si americko-izrael\u0161t\u00ed vojen\u0161t\u00ed pl\u00e1nova\u010di dob\u0159e uv\u011bdomuj\u00ed, Ir\u00e1k se kr\u00e1tce po americk\u00e9 invazi v roce 2003 propadl do sekt\u00e1\u0159sk\u00e9ho chaosu a podobn\u00fd etnicko-sekt\u00e1\u0159sk\u00fd sc\u00e9n\u00e1\u0159 by se mohl vyvinout i v \u00cdr\u00e1nu \u2013 a\u010dkoli persk\u00fd lid m\u00e1 tendenci k v\u011bt\u0161\u00ed n\u00e1rodn\u00ed jednot\u011b ne\u017e sousedn\u00ed Ir\u00e1k.<\/span><\/p>\n<figure class=\"wp-block-image aligncenter size-large\"><img decoding=\"async\" class=\"aligncenter\" src=\"https:\/\/assets.zerohedge.com\/s3fs-public\/inline-images\/ethnic%20minorities%20graph_0.png?itok=Z2VyUm9W\" alt=\"\" \/><\/figure>\n<p><span dir=\"auto\">Zpr\u00e1vy nazna\u010duj\u00ed, \u017ee CIA a Mossad ji\u017e zkoumaj\u00ed mo\u017enosti, jak odtrhnout od st\u00e1tu jednu z hlavn\u00edch etnick\u00fdch men\u0161in v \u00cdr\u00e1nu \u2013 nap\u0159\u00edklad Kurdy.<\/span><\/p>\n<p><span dir=\"auto\">Zdroj: CIA World Factbook (2016)<\/span><\/p>\n<p><span dir=\"auto\">Kurdsky ovl\u00e1dan\u00fd dalek\u00fd severoz\u00e1pad se nav\u00edc vyzna\u010duje hornat\u00fdm a skalnat\u00fdm ter\u00e9nem.<\/span><\/p>\n<p><span dir=\"auto\">To znamen\u00e1, \u017ee jak\u00fdkoli pokus o vyvol\u00e1n\u00ed ob\u010dansk\u00e9 v\u00e1lky nebo povst\u00e1n\u00ed na m\u00edst\u011b proti \u00edr\u00e1nsk\u00e9mu st\u00e1tu ze strany kurdsk\u00fdch z\u00e1stupc\u016f by byl jist\u011b obt\u00ed\u017en\u00fd, pomal\u00fd a vy\u010derp\u00e1vaj\u00edc\u00ed \u2013 a ter\u00e9n by mohl hr\u00e1t do karet teher\u00e1nsk\u00fdm sil\u00e1m.<\/span><\/p>\n<figure class=\"wp-block-image aligncenter size-large\"><img decoding=\"async\" loading=\"lazy\" class=\"aligncenter\" src=\"https:\/\/assets.zerohedge.com\/s3fs-public\/inline-images\/ethnomapiran.jpg?itok=74kMBcZk\" alt=\"\" width=\"809\" height=\"801\" \/><\/figure>\n<p><span dir=\"auto\">Tento stru\u010dn\u00fd vizu\u00e1ln\u00ed p\u0159ehled zakon\u010d\u00edme cit\u00e1tem \u010dasto p\u0159ipisovan\u00fdm zn\u00e1m\u00e9mu americk\u00e9mu autorovi, kter\u00fd napsal knihu s p\u0159\u00edhodn\u00fdm n\u00e1zvem Nevi\u0148\u00e1tka v zahrani\u010d\u00ed.<\/span><\/p>\n<p><span dir=\"auto\">\u201eB\u016fh stvo\u0159il v\u00e1lku, aby se Ameri\u010dan\u00e9 mohli u\u010dit geografii.\u201c<\/span><span dir=\"auto\">\u2014 Mark Twain<\/span><\/p>\n<p><strong><em><span dir=\"auto\">Tyler Durden<\/span><\/em><\/strong><\/p>\n<\/div>\n<\/div>\n<div class=\"elementor-element elementor-element-8c57238 quelle dc-has-condition dc-condition-empty elementor-widget elementor-widget-heading\" data-id=\"8c57238\" data-element_type=\"widget\" data-e-type=\"widget\" data-widget_type=\"heading.default\">\n<div class=\"elementor-widget-container\">\n<h3 class=\"elementor-heading-title elementor-size-default\"><span style=\"font-size: 10pt;\"><a href=\"https:\/\/www.zerohedge.com\/geopolitical\/visualizing-irans-vast-size-why-any-ground-invasion-would-be-years-long-quagmire\" target=\"_blank\" rel=\"nofollow noopener\"><span dir=\"auto\">Zdroj<\/span><\/a><\/span><\/h3>\n<p>&nbsp;<\/p>\n<\/div>\n<\/div>\n","protected":false},"excerpt":{"rendered":"<p>V\u011bt\u0161ina Ameri\u010dan\u016f m\u00e1 jen mal\u00e9 pochopen\u00ed nebo pochopen\u00ed pro velikost \u00cdr\u00e1nu z hlediska geografie nebo&#8230;<\/p>\n","protected":false},"author":2,"featured_media":99936,"comment_status":"closed","ping_status":"closed","sticky":false,"template":"","format":"standard","meta":[],"categories":[7],"tags":[1042,38,2130,10693,37],"_links":{"self":[{"href":"https:\/\/www.infokuryr.cz\/n\/wp-json\/wp\/v2\/posts\/101093"}],"collection":[{"href":"https:\/\/www.infokuryr.cz\/n\/wp-json\/wp\/v2\/posts"}],"about":[{"href":"https:\/\/www.infokuryr.cz\/n\/wp-json\/wp\/v2\/types\/post"}],"author":[{"embeddable":true,"href":"https:\/\/www.infokuryr.cz\/n\/wp-json\/wp\/v2\/users\/2"}],"replies":[{"embeddable":true,"href":"https:\/\/www.infokuryr.cz\/n\/wp-json\/wp\/v2\/comments?post=101093"}],"version-history":[{"count":0,"href":"https:\/\/www.infokuryr.cz\/n\/wp-json\/wp\/v2\/posts\/101093\/revisions"}],"wp:featuredmedia":[{"embeddable":true,"href":"https:\/\/www.infokuryr.cz\/n\/wp-json\/wp\/v2\/media\/99936"}],"wp:attachment":[{"href":"https:\/\/www.infokuryr.cz\/n\/wp-json\/wp\/v2\/media?parent=101093"}],"wp:term":[{"taxonomy":"category","embeddable":true,"href":"https:\/\/www.infokuryr.cz\/n\/wp-json\/wp\/v2\/categories?post=101093"},{"taxonomy":"post_tag","embeddable":true,"href":"https:\/\/www.infokuryr.cz\/n\/wp-json\/wp\/v2\/tags?post=101093"}],"curies":[{"name":"wp","href":"https:\/\/api.w.org\/{rel}","templated":true}]}}