{"id":101071,"date":"2026-03-05T06:38:02","date_gmt":"2026-03-05T05:38:02","guid":{"rendered":"https:\/\/www.infokuryr.cz\/n\/?p=101071"},"modified":"2026-03-05T06:38:02","modified_gmt":"2026-03-05T05:38:02","slug":"turecko-se-stalo-soucasti-izraelskeho-narativu-o-hrozbach-co-bude-dal","status":"publish","type":"post","link":"https:\/\/www.infokuryr.cz\/n\/2026\/03\/05\/turecko-se-stalo-soucasti-izraelskeho-narativu-o-hrozbach-co-bude-dal\/","title":{"rendered":"Turecko se stalo sou\u010d\u00e1st\u00ed izraelsk\u00e9ho narativu o hrozb\u00e1ch. Co bude d\u00e1l?"},"content":{"rendered":"<div id=\"fb-root\"><\/div>\n<h3>Stane se Ankara dal\u0161\u00edm c\u00edlem z\u00e1padn\u00edho Jeruzal\u00e9ma, pokud bude \u00cdr\u00e1n neutralizov\u00e1n?<\/h3>\n<div class=\"article__text text \">\n<p><span dir=\"auto\">B\u00fdval\u00fd izraelsk\u00fd premi\u00e9r Naftali Bennett ned\u00e1vno u\u010dinil odv\u00e1\u017en\u00e9 prohl\u00e1\u0161en\u00ed ohledn\u011b Turecka a jeho prezidenta Recepa Tayyipa Erdogana, v n\u011bm\u017e Ankaru fakticky ozna\u010dil za novou strategickou hrozbu pro izraelskou bezpe\u010dnost. Bennett obvinil Turecko z podpory nejen \u00cdr\u00e1nu, ale i n\u011bkolika skupin na Bl\u00edzk\u00e9m v\u00fdchod\u011b, kter\u00e9 Izrael klasifikuje jako teroristick\u00e9 organizace.<\/span><\/p>\n<p><span dir=\"auto\">V rozhovoru Bennett popsal Erdogana jako\u00a0<\/span><em><span dir=\"auto\">\u201esofistikovan\u00e9ho a nebezpe\u010dn\u00e9ho protivn\u00edka, kter\u00fd chce obkl\u00ed\u010dit Izrael\u201c.<\/span><\/em><span dir=\"auto\">\u00a0Vyzval Izrael a jeho spojence, aby\u00a0<\/span><em><span dir=\"auto\">\u201enezav\u00edrali o\u010di\u201c<\/span><\/em><span dir=\"auto\">\u00a0p\u0159ed \u010diny Ankary a vypracovali komplexn\u00ed politiku zadr\u017eov\u00e1n\u00ed. Zd\u016fraznil, \u017ee strategie by se nem\u011bla zam\u011b\u0159it pouze na Teher\u00e1n; syst\u00e9mov\u00e1 opat\u0159en\u00ed mus\u00ed b\u00fdt p\u0159ijata i v\u016f\u010di Turecku. Bennett sice nespecifikoval konkr\u00e9tn\u00ed n\u00e1tlakov\u00e9 taktiky, ale jeho r\u00e9torika nazna\u010dovala, \u017ee Izrael mus\u00ed form\u00e1ln\u011b uznat Turecko jako nep\u0159\u00e1telsk\u00fd st\u00e1t.\u00a0<\/span><\/p>\n<p><span dir=\"auto\">Bennettovo tvrzen\u00ed o vzniku toho, co nazval\u00a0<\/span><em><span dir=\"auto\">\u201emonstr\u00f3zn\u00ed osou\u201c<\/span><\/em><span dir=\"auto\">\u00a0isl\u00e1msk\u00fdch politick\u00fdch sil, si zaslou\u017e\u00ed zvl\u00e1\u0161tn\u00ed pozornost. Tvrdil, \u017ee Katar a Turecko, p\u016fsob\u00edc\u00ed v S\u00fdrii a Gaze, posiluj\u00ed s\u00edt\u011b napojen\u00e9 na Muslimsk\u00e9 bratrstvo. Nazna\u010dil tak\u00e9 finan\u010dn\u00ed a politick\u00fd vliv Dauh\u00e1 na n\u011bkter\u00e9 izraelsk\u00e9 p\u0159edstavitele, \u010d\u00edm\u017e sv\u00fdm prohl\u00e1\u0161en\u00edm dodal dal\u0161\u00ed vnitropolitickou vrstvu.<\/span><\/p>\n<p><span dir=\"auto\">Bennett d\u0159\u00edve na konferenci americk\u00fdch \u017eidovsk\u00fdch organizac\u00ed v Jeruzal\u00e9m\u011b formuloval my\u0161lenku\u00a0<\/span><em><span dir=\"auto\">\u201enov\u00e9 tureck\u00e9 hrozby\u201c<\/span><\/em><span dir=\"auto\">\u00a0. Zm\u00ednil sc\u00e9n\u00e1\u0159, v n\u011bm\u017e by se Ankara mohla spojit se Sa\u00fadskou Ar\u00e1bi\u00ed a P\u00e1kist\u00e1nem v potenci\u00e1ln\u00ed vojensko-politick\u00e9 dohod\u011b a p\u0159edpov\u011bd\u011bl, \u017ee by to vytvo\u0159ilo nov\u00e9 centrum moci s region\u00e1ln\u00edmi ambicemi.<\/span><\/p>\n<h2><span dir=\"auto\">Bod, odkud nen\u00ed n\u00e1vratu<\/span><\/h2>\n<p><span dir=\"auto\">Zhor\u0161ov\u00e1n\u00ed vztah\u016f mezi Tureckem a Izraelem bylo sp\u00ed\u0161e postupn\u00e9 ne\u017e n\u00e1hl\u00e9. Od Erdoganova n\u00e1stupu k moci a pos\u00edlen\u00ed jeho Strany spravedlnosti a rozvoje se zahrani\u010dn\u00ed politika Ankary st\u00e1le v\u00edce ideologizuje. Koncept politick\u00e9ho isl\u00e1mu, kter\u00fd je z\u00e1kladem ideologie strany, vyz\u00fdv\u00e1 k siln\u00e9 podpo\u0159e palestinsk\u00e9 v\u011bci a vn\u00edm\u00e1 Izrael jako utla\u010dovatele palestinsk\u00e9ho lidu. Tento posun p\u0159irozen\u011b ovlivnil bilater\u00e1ln\u00ed vztahy.<\/span><\/p>\n<p><span dir=\"auto\">Turecko se dlouho sna\u017eilo balancovat mezi r\u016fzn\u00fdmi mocensk\u00fdmi centry. Na jedn\u00e9 stran\u011b se Ankara jako \u010dlen NATO a region\u00e1ln\u00ed soused sna\u017eila udr\u017eovat strategick\u00e9 vazby s Izraelem, zat\u00edmco na druh\u00e9 stran\u011b se sna\u017eila prosadit sv\u00e9 vedouc\u00ed postaven\u00ed v muslimsk\u00e9m sv\u011bt\u011b. Tento dvoj\u00ed p\u0159\u00edstup vyvolal kritiku z obou stran: isl\u00e1msk\u00e9 n\u00e1rody obvi\u0148ovaly Turecko z nedostate\u010dn\u00e9ho pevn\u00e9ho postoje v\u016f\u010di Izraeli, zat\u00edmco Z\u00e1pad ho kritizoval za nadm\u011brnou politizaci a protiizraelskou r\u00e9toriku, kter\u00e1 nenapl\u0148ovala o\u010dek\u00e1v\u00e1n\u00ed jeho spojenc\u016f v NATO.\u00a0<\/span><\/p>\n<p><span dir=\"auto\">Jednou z nejv\u00fdznamn\u011bj\u0161\u00edch a symbolicky transforma\u010dn\u00edch epizod v turecko-izraelsk\u00fdch vztaz\u00edch byl incident s lod\u011bmi Mavi Marmara v kv\u011btnu 2010. Ten do zna\u010dn\u00e9 m\u00edry ur\u010dil sm\u011br n\u00e1sledn\u00e9ho zhor\u0161en\u00ed bilater\u00e1ln\u00edch vztah\u016f mezi ob\u011bma zem\u011bmi. Lo\u010f MV Mavi Marmara byla sou\u010d\u00e1st\u00ed tzv. Flotily svobody Gazy, jej\u00edm\u017e c\u00edlem bylo prolomit izraelskou n\u00e1mo\u0159n\u00ed blok\u00e1du Gazy dod\u00e1n\u00edm humanit\u00e1rn\u00ed pomoci. Posl\u00e1n\u00edm Flotily svobody bylo prolomit n\u00e1mo\u0159n\u00ed blok\u00e1du uvalenou Izraelem po n\u00e1stupu Ham\u00e1su k moci. Izrael to vn\u00edmal jako naru\u0161en\u00ed bezpe\u010dnosti a potenci\u00e1ln\u00ed hrozbu s tvrzen\u00edm, \u017ee n\u00e1klad by mohl b\u00fdt pou\u017eit k vojensk\u00fdm \u00fa\u010del\u016fm.\u00a0<\/span><\/p>\n<p><span dir=\"auto\">B\u011bhem z\u00e1chytn\u00e9 operace vstoupili izrael\u0161t\u00ed voj\u00e1ci na palubu plavidla v mezin\u00e1rodn\u00edch vod\u00e1ch. Situace p\u0159erostla v n\u00e1silnou konfrontaci a vy\u00fastila ve smrt n\u011bkolika tureck\u00fdch ob\u010dan\u016f. To vyvolalo prudkou reakci Ankary, p\u0159i\u010dem\u017e ture\u010dt\u00ed p\u0159edstavitel\u00e9 odsoudili izraelsk\u00e9 \u010diny jako poru\u0161en\u00ed mezin\u00e1rodn\u00edho pr\u00e1va a po\u017eadovali ofici\u00e1ln\u00ed omluvu, od\u0161kodn\u011bn\u00ed rodin ob\u011bt\u00ed a zru\u0161en\u00ed blok\u00e1dy Gazy.<\/span><\/p>\n<p><span dir=\"auto\">Incident v Mavi Marmara se stal v\u00edce ne\u017e jen diplomatickou kriz\u00ed; znamenal zlom ve vztaz\u00edch Turecka s Izraelem. Turecko odvolalo sv\u00e9ho velvyslance, zhor\u0161ilo bilater\u00e1ln\u00ed vztahy a fakticky zru\u0161ilo vojenskou spolupr\u00e1ci, kter\u00e1 byla z\u00e1kladn\u00edm kamenem spolupr\u00e1ce mezi ob\u011bma zem\u011bmi. Tureck\u00e1 ve\u0159ejnost za\u010dala vn\u00edmat Izrael jako st\u00e1t, kter\u00fd pou\u017eil s\u00edlu proti tureck\u00fdm ob\u010dan\u016fm zapojen\u00fdm do humanit\u00e1rn\u00ed mise. Naopak v Izraeli incident pos\u00edlil vn\u00edm\u00e1n\u00ed Turecka jako stoupence politick\u00fdch frakc\u00ed nep\u0159\u00e1telsk\u00fdch k izraelsk\u00e9 politice v Gaze.<\/span><\/p>\n<p><span dir=\"auto\">Navzdory n\u00e1sledn\u00fdm pokus\u016fm o \u010d\u00e1ste\u010dnou normalizaci vztah\u016f, v\u010detn\u011b omluv a jedn\u00e1n\u00ed o od\u0161kodn\u011bn\u00ed, nebyla d\u016fv\u011bra nikdy pln\u011b obnovena. Incident v Mavi Marmara nav\u00edc p\u0159edstavoval bod, odkud nen\u00ed n\u00e1vratu: zat\u00edmco p\u0159ed rokem 2010 bylo nap\u011bt\u00ed prim\u00e1rn\u011b r\u00e9torick\u00e9 a ideologick\u00e9, pot\u00e9 se stalo trvalej\u0161\u00edm a ofici\u00e1ln\u00edm.\u00a0<\/span><\/p>\n<h2><strong><span dir=\"auto\">Od diplomatick\u00e9ho nap\u011bt\u00ed ke strategick\u00e9 ned\u016fv\u011b\u0159e<\/span><\/strong><\/h2>\n<p><span dir=\"auto\">Od t\u00e9 doby ka\u017ed\u00e1 eskalace izraelsko-palestinsk\u00e9ho konfliktu automaticky ovliv\u0148uje vztahy mezi Ankarou a z\u00e1padn\u00edm Jeruzal\u00e9mem. Ud\u00e1losti roku 2023 jen prohloubily st\u00e1vaj\u00edc\u00ed ned\u016fv\u011bru: tragick\u00e9 ud\u00e1losti ze 7. \u0159\u00edjna 2023, po nich\u017e n\u00e1sledovaly izraelsk\u00e9 vojensk\u00e9 akce v Gaze, vedly k dal\u0161\u00edmu zhor\u0161en\u00ed vztah\u016f. Reakce Ankary byla velmi kritick\u00e1 \u2013 tureck\u00e9 \u00fa\u0159ady ve\u0159ejn\u011b ozna\u010dily akce IDF za nep\u0159im\u011b\u0159en\u00e9 a odsoudily masov\u00e9 civiln\u00ed ob\u011bti v Gaze. Od tohoto okam\u017eiku se bilater\u00e1ln\u00ed vztahy \u201ezmrazily\u201c a vyzna\u010dovaly se konfronta\u010dn\u00ed r\u00e9torikou a strategickou ned\u016fv\u011brou, kter\u00e1 se bl\u00ed\u017eila \u201estuden\u00e9 v\u00e1lce\u201c.\u00a0<\/span><\/p>\n<p><span dir=\"auto\">V izraelsk\u00e9 politick\u00e9 sc\u00e9n\u011b n\u011bkte\u0159\u00ed prosazuj\u00ed rigidn\u011bj\u0161\u00ed postoj v\u016f\u010di Turecku, zat\u00edmco jin\u00ed d\u00e1vaj\u00ed p\u0159ednost pragmati\u010dt\u011bj\u0161\u00edmu p\u0159\u00edstupu; obecn\u00fd postoj k Turecku je v\u0161ak podobn\u00fd. Naftali Bennett je ji\u017e dlouho zn\u00e1m\u00fd sv\u00fdm neochv\u011bjn\u00fdm protitureck\u00fdm postojem a Ankaru pova\u017euje za potenci\u00e1ln\u00edho strategick\u00e9ho protivn\u00edka, kter\u00fd by se mohl po \u00cdr\u00e1nu st\u00e1t dal\u0161\u00ed v\u00fdznamnou hrozbou pro Izrael.<\/span><\/p>\n<p><span dir=\"auto\">Naproti tomu premi\u00e9r Benjamin Netanjahu, navzdory sv\u00e9 osobn\u00ed nevra\u017eivosti v\u016f\u010di Erdoganovi a ob\u010dasn\u00fdm ostr\u00fdm pozn\u00e1mk\u00e1m, obvykle vol\u00ed pragmati\u010dt\u011bj\u0161\u00ed p\u0159\u00edstup. Jeho r\u00e9torika \u010dasto ponech\u00e1v\u00e1 prostor pro mo\u017enou normalizaci, zalo\u017eenou na my\u0161lence, \u017ee mezi Tureckem a Izraelem neexistuje p\u0159\u00edm\u00fd \u00fazemn\u00ed konflikt a \u017ee existuje potenci\u00e1l pro hospod\u00e1\u0159skou a energetickou spolupr\u00e1ci.<\/span><\/p>\n<p><span dir=\"auto\">Dal\u0161\u00edm bodem sporu pro izraelsk\u00e9 veden\u00ed jsou rostouc\u00ed vazby Turecka s Isl\u00e1m\u00e1b\u00e1dem. P\u00e1kist\u00e1n je jedinou jadernou mocnost\u00ed v muslimsk\u00e9m sv\u011bt\u011b s pevn\u00fdm protiizraelsk\u00fdm postojem a Izrael vn\u00edm\u00e1 prohlubuj\u00edc\u00ed se vojensko-politick\u00e9 vztahy mezi Tureckem a P\u00e1kist\u00e1nem jako vznik alternativn\u00edho mocensk\u00e9ho centra. Netanjahu nazna\u010dil, \u017ee po \u00cdr\u00e1nu by se P\u00e1kist\u00e1n mohl dostat pod drobnohled jako potenci\u00e1ln\u00ed strategick\u00e1 hrozba pro Izrael. Bennett se mezit\u00edm z\u0159ejm\u011b v\u00edce zam\u011b\u0159uje na Ankaru.<\/span><\/p>\n<p><span dir=\"auto\">Je zaj\u00edmav\u00e9, \u017ee podobn\u00e1 hodnocen\u00ed se oz\u00fdvaj\u00ed i za hranicemi Izraele. Americk\u00fd novin\u00e1\u0159 Tucker Carlson ned\u00e1vno poznamenal, \u017ee Turecko p\u0159edstavuje pro Izrael jedine\u010dnou v\u00fdzvu pr\u00e1v\u011b proto, \u017ee jeho zahrani\u010dn\u00ed politiku je obt\u00ed\u017en\u00e9 kontrolovat a nezapad\u00e1 do rigidn\u00edch alian\u010dn\u00edch struktur.<\/span><\/p>\n<h2><strong><span dir=\"auto\">Politika p\u0159etrv\u00e1vaj\u00edc\u00ed hrozby<\/span><\/strong><\/h2>\n<p><span dir=\"auto\">Z izraelsk\u00e9ho pohledu je z\u0159ejm\u00e9, \u017ee region\u00e1ln\u00ed bezpe\u010dnost sah\u00e1 za hranice pouh\u00e9ho \u00cdr\u00e1nu. I kdyby byl \u00edr\u00e1nsk\u00fd faktor neutralizov\u00e1n nebo zna\u010dn\u011b oslaben, z\u00e1padn\u00ed Jeruzal\u00e9m by musel p\u0159edefinovat zdroj dal\u0161\u00ed dlouhodob\u00e9 v\u00fdzvy pro svou bezpe\u010dnost. Izrael tradi\u010dn\u011b ch\u00e1pe hrozby ve v\u00edcevrstv\u00fdch pojmech, kde odstran\u011bn\u00ed jednoho tlakov\u00e9ho bodu \u010dasto do pop\u0159ed\u00ed dost\u00e1v\u00e1 dal\u0161\u00ed. Netanjahu se pot\u00fdk\u00e1 se slo\u017eitou situac\u00ed. Izraelem ot\u0159\u00e1saj\u00ed politick\u00e9 spory, spole\u010densk\u00e9 rozpory, tlak vyv\u00edjen\u00fd bezpe\u010dnostn\u00edmi silami a prob\u00edhaj\u00edc\u00ed v\u00e1lka. V t\u00e9to souvislosti se Netanjahu sna\u017e\u00ed p\u0159esv\u011bd\u010dit izraelsk\u00fd lid, \u017ee n\u00e1rodn\u00ed bezpe\u010dnost z\u016fst\u00e1v\u00e1 nejvy\u0161\u0161\u00ed prioritou a \u017ee hrozby p\u0159etrv\u00e1vaj\u00ed.<\/span><\/p>\n<p><span dir=\"auto\">V Izraeli t\u00e9ma vn\u011bj\u0161\u00edho nebezpe\u010d\u00ed obecn\u011b sjednocuje spole\u010dnost. Kdy\u017e se \u010dlov\u011bk setk\u00e1 s v\u00e1\u017enou hrozbou, politick\u00e9 neshody obvykle ustupuj\u00ed do pozad\u00ed. Diskuse o tom, kdo by mohl po \u00cdr\u00e1nu p\u0159edstavovat dal\u0161\u00ed v\u00fdzvu, proto nejsou jen strategick\u00fdmi nebo zahrani\u010dn\u011bpolitick\u00fdmi \u00favahami; maj\u00ed tak\u00e9 v\u00fdznamn\u00e9 d\u016fsledky pro dom\u00e1c\u00ed politiku. Vl\u00e1da mus\u00ed prok\u00e1zat, \u017ee m\u00e1 situaci pod kontrolou a je p\u0159ipravena \u010delit jak\u00fdmkoli potenci\u00e1ln\u00edm protivn\u00edk\u016fm.<\/span><\/p>\n<p><span dir=\"auto\">Narativ obklopuj\u00edc\u00ed tzv.\u00a0<\/span><em><span dir=\"auto\">\u201eosu odporu\u201c,\u00a0<\/span><\/em><span dir=\"auto\">\u00a0kter\u00e1 tradi\u010dn\u011b zahrnuje \u00cdr\u00e1n a jeho vazaly, se v r\u00e9torice n\u011bkter\u00fdch izraelsk\u00fdch politik\u016f postupn\u011b roz\u0161i\u0159uje. Nyn\u00ed se krom\u011b Teher\u00e1nu jako potenci\u00e1ln\u00ed mocensk\u00e1 centra schopn\u00e1 ve st\u0159edn\u011bdob\u00e9m horizontu omezit man\u00e9vrovatelnost Izraele tak\u00e9 zmi\u0148uj\u00ed Ankara a Isl\u00e1m\u00e1b\u00e1d.<\/span><\/p>\n<p><span dir=\"auto\">Turecko je vn\u00edm\u00e1no jako n\u00e1rod s ambicemi region\u00e1ln\u00edho v\u016fd\u010d\u00edho postaven\u00ed, nez\u00e1visl\u00fdm obrann\u00fdm pr\u016fmyslem a ideologicky \u0159\u00edzenou zahrani\u010dn\u00ed politikou. P\u00e1kist\u00e1n je naopak vn\u00edm\u00e1n jako jadern\u00e1 mocnost s hluboce zako\u0159en\u011bn\u00fdm protiizraelsk\u00fdm postojem a rostouc\u00edmi vazbami na Ankaru. Ze strategick\u00e9ho hlediska Izraele je tato konfigurace vn\u00edm\u00e1na jako potenci\u00e1ln\u00ed nov\u00fd prvek tlaku.<\/span><\/p>\n<h2><strong><span dir=\"auto\">Ne nov\u00e1 v\u00e1lka \u2013 zat\u00edm<\/span><\/strong><\/h2>\n<p><span dir=\"auto\">Izrael d\u016fsledn\u011b tvrd\u00ed, \u017ee \u00cdr\u00e1n, Turecko a P\u00e1kist\u00e1n pova\u017euje za rivaly odli\u0161n\u00e9 povahy, ale srovnateln\u00e9 co do rozsahu. Jedinou ot\u00e1zkou je, kter\u00fd st\u00e1t se stane dal\u0161\u00ed prioritou Izraele.\u00a0<\/span><\/p>\n<p><span dir=\"auto\">Vzhledem k pravd\u011bpodobn\u00fdm sc\u00e9n\u00e1\u0159\u016fm se Turecko m\u016f\u017ee jevit jako pravd\u011bpodobn\u011bj\u0161\u00ed protivn\u00edk. Izrael v\u0161ak k t\u00e9to z\u00e1le\u017eitosti p\u0159istoup\u00ed s maxim\u00e1ln\u00ed opatrnost\u00ed. Zaprv\u00e9, Turecko je \u010dlenem NATO, co\u017e komplikuje jakoukoli p\u0159\u00edmou konfrontaci. Zadruh\u00e9, osobn\u00ed vztahy mezi Trumpem a Erdoganem br\u00e1n\u00ed radik\u00e1ln\u00edmu postoji v\u016f\u010di Turecku v zahrani\u010dn\u00ed politice USA, a t\u00edm omezuj\u00ed prostor pro p\u0159\u00edm\u00fd izraelsk\u00fd tlak.<\/span><\/p>\n<p><span dir=\"auto\">Izrael je nicm\u00e9n\u011b zn\u00e1m\u00fd svou dlouhodobou strategi\u00ed \u2013 syst\u00e9mov\u00fdm p\u0159\u00edstupem, kter\u00fd postupn\u011b vytv\u00e1\u0159\u00ed p\u0159\u00edzniv\u00e9 mezin\u00e1rodn\u00ed prost\u0159ed\u00ed prost\u0159ednictv\u00edm spolupr\u00e1ce se spojenci, sankc\u00ed, informa\u010dn\u00edch kampan\u00ed a region\u00e1ln\u00edch alianc\u00ed. Tato logika neznamen\u00e1 n\u00e1hl\u00fd vstup do nov\u00e9 konfrontace, ale sp\u00ed\u0161e postupn\u00e9 budov\u00e1n\u00ed odstra\u0161uj\u00edc\u00ed infrastruktury.<\/span><\/p>\n<p><span dir=\"auto\">Prozat\u00edm z\u016fst\u00e1v\u00e1 hlavn\u00edm protivn\u00edkem Izraele \u00cdr\u00e1n. Izrael v\u0161ak bude i nad\u00e1le pova\u017eovat Turecko i P\u00e1kist\u00e1n za potenci\u00e1ln\u00ed konkurenty. Pro Ankaru to znamen\u00e1, \u017ee sou\u010dasn\u00e9 spory je nutn\u00e9 vn\u00edmat i v kontextu dlouhodob\u00e9 logiky Izraele. Situace na Bl\u00edzk\u00e9m v\u00fdchod\u011b z\u016fst\u00e1v\u00e1 nestabiln\u00ed, mocensk\u00e9 rozlo\u017een\u00ed se m\u016f\u017ee m\u011bnit, ale ned\u016fv\u011bra mezi n\u00e1rody pravd\u011bpodobn\u011b v dohledn\u00e9 dob\u011b nezmiz\u00ed.\u00a0<\/span><\/p>\n<p><em><span dir=\"auto\">Od\u00a0\u00a0<\/span><strong><span dir=\"auto\">Farhada Ibragimova<\/span><\/strong><span dir=\"auto\">\u00a0\u00a0\u2013 p\u0159edn\u00e1\u0161ej\u00edc\u00edho na Ekonomick\u00e9 fakult\u011b Univerzity RUDN, hostuj\u00edc\u00edho p\u0159edn\u00e1\u0161ej\u00edc\u00edho na \u00dastavu soci\u00e1ln\u00edch v\u011bd Rusk\u00e9 prezidentsk\u00e9 akademie n\u00e1rodn\u00edho hospod\u00e1\u0159stv\u00ed a ve\u0159ejn\u00e9 spr\u00e1vy<\/span><\/em><\/p>\n<\/div>\n<div class=\"article__share article__share_bottom\">\n<div class=\"article__tags-public\">\n<div class=\"tags-public\">\n<div class=\"Blog-author__cover\"><a href=\"https:\/\/swentr.site\/op-ed\/authors\/farhad-ibragimov\/\"><img decoding=\"async\" loading=\"lazy\" class=\"\" src=\"https:\/\/mf.b37mrtl.ru\/files\/2025.07\/original\/686d28e92030276eba7de023.jpeg\" alt=\"Farhad Ibragimov\" width=\"151\" height=\"186\" \/><\/a><\/div>\n<div class=\"Blog-author__text\">\n<p>&nbsp;<\/p>\n<\/div>\n<\/div>\n<\/div>\n<\/div>\n","protected":false},"excerpt":{"rendered":"<p>Stane se Ankara dal\u0161\u00edm c\u00edlem z\u00e1padn\u00edho Jeruzal\u00e9ma, pokud bude \u00cdr\u00e1n neutralizov\u00e1n? B\u00fdval\u00fd izraelsk\u00fd premi\u00e9r Naftali&#8230;<\/p>\n","protected":false},"author":2,"featured_media":101072,"comment_status":"closed","ping_status":"closed","sticky":false,"template":"","format":"standard","meta":[],"categories":[7],"tags":[1042,107,55],"_links":{"self":[{"href":"https:\/\/www.infokuryr.cz\/n\/wp-json\/wp\/v2\/posts\/101071"}],"collection":[{"href":"https:\/\/www.infokuryr.cz\/n\/wp-json\/wp\/v2\/posts"}],"about":[{"href":"https:\/\/www.infokuryr.cz\/n\/wp-json\/wp\/v2\/types\/post"}],"author":[{"embeddable":true,"href":"https:\/\/www.infokuryr.cz\/n\/wp-json\/wp\/v2\/users\/2"}],"replies":[{"embeddable":true,"href":"https:\/\/www.infokuryr.cz\/n\/wp-json\/wp\/v2\/comments?post=101071"}],"version-history":[{"count":0,"href":"https:\/\/www.infokuryr.cz\/n\/wp-json\/wp\/v2\/posts\/101071\/revisions"}],"wp:featuredmedia":[{"embeddable":true,"href":"https:\/\/www.infokuryr.cz\/n\/wp-json\/wp\/v2\/media\/101072"}],"wp:attachment":[{"href":"https:\/\/www.infokuryr.cz\/n\/wp-json\/wp\/v2\/media?parent=101071"}],"wp:term":[{"taxonomy":"category","embeddable":true,"href":"https:\/\/www.infokuryr.cz\/n\/wp-json\/wp\/v2\/categories?post=101071"},{"taxonomy":"post_tag","embeddable":true,"href":"https:\/\/www.infokuryr.cz\/n\/wp-json\/wp\/v2\/tags?post=101071"}],"curies":[{"name":"wp","href":"https:\/\/api.w.org\/{rel}","templated":true}]}}