{"id":101065,"date":"2026-03-05T05:54:37","date_gmt":"2026-03-05T04:54:37","guid":{"rendered":"https:\/\/www.infokuryr.cz\/n\/?p=101065"},"modified":"2026-03-05T05:54:37","modified_gmt":"2026-03-05T04:54:37","slug":"vrazdu-iranskych-skolaku-nelze-zamlcovat","status":"publish","type":"post","link":"https:\/\/www.infokuryr.cz\/n\/2026\/03\/05\/vrazdu-iranskych-skolaku-nelze-zamlcovat\/","title":{"rendered":"Vra\u017edu \u00edr\u00e1nsk\u00fdch \u0161kol\u00e1k\u016f nelze zaml\u010dovat"},"content":{"rendered":"<div id=\"fb-root\"><\/div>\n<h3>Z\u00e1padn\u00ed m\u00e9dia bu\u010f ml\u010d\u00ed, nebo implicitn\u011b vin\u00ed Teher\u00e1n z \u00fatoku, p\u0159i kter\u00e9m zahynulo 168 d\u00edvek<\/h3>\n<p><span dir=\"auto\">V \u00cdr\u00e1nu se dnes, za prob\u00edhaj\u00edc\u00edch americko-izraelsk\u00fdch \u00fatok\u016f, konal hromadn\u00fd poh\u0159eb 168 \u00edr\u00e1nsk\u00fdch \u0161kola\u010dek ve v\u011bku 7-12 let, kter\u00e9 byly zabity p\u0159i izraelsk\u00e9m n\u00e1letu 28. \u00fanora.<\/span><\/p>\n<p><span dir=\"auto\">\u00datok zas\u00e1hl d\u00edv\u010d\u00ed z\u00e1kladn\u00ed \u0161kolu Shajareh Tayyebeh v Minabu v ji\u017en\u00edm \u00cdr\u00e1nu za b\u00edl\u00e9ho dne, kdy\u017e byly d\u011bti ve \u0161kole. P\u0159i bombardov\u00e1n\u00ed bylo zabito tak\u00e9\u00a0<\/span><a href=\"https:\/\/x.com\/PressTV\/status\/2028832348851020224\" target=\"_blank\" rel=\"noopener noreferrer\"><span dir=\"auto\">\u010dtrn\u00e1ct u\u010ditel\u016f<\/span><\/a><span dir=\"auto\">\u00a0. K bombardov\u00e1n\u00ed do\u0161lo v r\u00e1mci americko-izraelsk\u00fdch \u00fatok\u016f sadisticky p\u0159ezd\u00edvan\u00fdch \u201eOperace Epick\u00fd hn\u011bv\u201c, jejich\u017e c\u00edlem byly dosud \u0161koly,\u00a0<\/span><a href=\"https:\/\/x.com\/GUnderground_TV\/status\/2028185887519981965\" target=\"_blank\" rel=\"noopener noreferrer\"><span dir=\"auto\">nemocnice<\/span><\/a><span dir=\"auto\">\u00a0, obytn\u00e9 oblasti a dal\u0161\u00ed civiln\u00ed infrastruktury.<\/span><\/p>\n<p><span dir=\"auto\">Byla to\u00a0<\/span><a href=\"https:\/\/x.com\/iranscreenshot\/status\/2028427758431342599\" target=\"_blank\" rel=\"noopener noreferrer\"><span dir=\"auto\">sc\u00e9na, kter\u00e1<\/span><\/a><span dir=\"auto\">\u00a0byla Palestinc\u016fm a\u017e p\u0159\u00edli\u0161 zn\u00e1m\u00e1: z\u00e1rmutkem zdrcen\u00ed rodi\u010de, kte\u0159\u00ed se hroutili s vzlyk\u00e1n\u00edm na m\u00edst\u011b vra\u017ed sv\u00fdch dcer, sv\u00edrali krv\u00ed pot\u0159\u00edsn\u011bn\u00e9 batohy a vytahovali u\u010debnice a osobn\u00ed v\u011bci sv\u00fdch zabit\u00fdch dcer. D\u011btsk\u00e9 lavice pokryt\u00e9 troskami z bombardov\u00e1n\u00ed. D\u011btsk\u00e1 bota v trosk\u00e1ch. Smrt tam, kde kdysi vzkv\u00e9tal \u017eivot.<\/span><\/p>\n<p><span dir=\"auto\">Nic z toho z\u00e1padn\u00ed m\u00e9dia ne\u0161\u00ed\u0159\u00ed \u2013 pouze stra\u0161ideln\u00e9 \u0161kodolib\u00e9 nad\u0161en\u00ed z americko-izraelsk\u00e9ho bombardov\u00e1n\u00ed \u00cdr\u00e1nu a vra\u017edy ajatoll\u00e1ha Al\u00edho Chamene\u00edho, nejvy\u0161\u0161\u00edho \u00edr\u00e1nsk\u00e9ho v\u016fdce, a jeho mal\u00e9 vnu\u010dky a d\u011bt\u00ed.<\/span><\/p>\n<p><a href=\"https:\/\/x.com\/araghchi\/status\/2028550945278222558\" target=\"_blank\" rel=\"noopener noreferrer\"><span dir=\"auto\">\u00cdr\u00e1nsk\u00fd ministr zahrani\u010d\u00ed Abb\u00e1s Arag\u010d\u010d\u00ed zve\u0159ejnil<\/span><\/a><span dir=\"auto\">\u00a02. b\u0159ezna\u00a0na serveru X fotografii kopan\u00fdch hrob\u016f s pozn\u00e1mkou:\u00a0<\/span><em><span dir=\"auto\">\u201eToto jsou hroby kopan\u00e9 pro v\u00edce ne\u017e 160 nevinn\u00fdch mlad\u00fdch d\u00edvek, kter\u00e9 byly zabity p\u0159i americko-izraelsk\u00e9m bombardov\u00e1n\u00ed z\u00e1kladn\u00ed \u0161koly. Jejich t\u011bla byla roztrh\u00e1na na kusy. Takhle ve skute\u010dnosti vypad\u00e1 \u201ez\u00e1chrana\u201c slibovan\u00e1 panem Trumpem. Od Gazy po Minab, nevinn\u00ed zavra\u017ed\u011bni chladnokrevn\u011b.\u201c<\/span><\/em><\/p>\n<p><span dir=\"auto\">V dob\u011b psan\u00ed tohoto textu je 69 zavra\u017ed\u011bn\u00fdch d\u00edvek st\u00e1le\u00a0<\/span><a href=\"https:\/\/www.tasnimnews.ir\/en\/news\/2026\/03\/03\/3529847\/identity-of-69-martyred-school-students-still-unknown-after-us-israeli-strikes\" target=\"_blank\" rel=\"noopener noreferrer\"><span dir=\"auto\">neidentifikov\u00e1no<\/span><\/a><span dir=\"auto\">\u00a0.<\/span><\/p>\n<h2><span dir=\"auto\">Mezin\u00e1rodn\u00ed reakce: Ml\u010den\u00ed<\/span><\/h2>\n<p><span dir=\"auto\">Pokud by se bombardovan\u00e1 \u0161kola nach\u00e1zela v Izraeli nebo na Ukrajin\u011b, zpr\u00e1vy o n\u00ed by se cel\u00e9 dny objevovaly na tituln\u00edch str\u00e1nk\u00e1ch z\u00e1padn\u00edch m\u00e9di\u00ed s rozs\u00e1hl\u00fdmi po\u017eadavky na odvetu, nebo alespo\u0148 na spravedlnost a odpov\u011bdnost. V roce 2016 z\u00e1padn\u00ed m\u00e9dia tvrdila, \u017ee syrsk\u00e1 nebo rusk\u00e1 letadla zranila chlapce z Aleppa Omrana Daqneeshe. Jeho fotografie se stala vir\u00e1ln\u00ed a \u0161\u00ed\u0159ila se t\u00fddny, dokonce i roky. Moder\u00e1tor zpr\u00e1v CNN\u00a0pro chlapce\u00a0<\/span><a href=\"https:\/\/edition.cnn.com\/videos\/world\/2016\/08\/18\/syrian-boy-aleppo-omran-bolduan-breaks-down-ath.cnn\" target=\"_blank\" rel=\"noopener noreferrer\"><span dir=\"auto\">p\u0159edst\u00edral vzlyky . V roce 2017\u00a0<\/span><\/a><a href=\"https:\/\/ingaza.wordpress.com\/2017\/06\/11\/the-father-of-iconic-aleppo-boy-says-media-lied-about-his-son\/\" target=\"_blank\" rel=\"noopener noreferrer\"><span dir=\"auto\">mi jeho otec doma \u0159ekl<\/span><\/a><span dir=\"auto\">\u00a0, \u017ee jejich d\u016fm nebyl zasa\u017een leteck\u00fdm \u00fatokem, ale \u017ee ho terorist\u00e9 ost\u0159elovali a chlapce vyu\u017eili k cynick\u00e9mu a efektivn\u00edmu focen\u00ed.<\/span><\/p>\n<p><span dir=\"auto\">Z\u00e1b\u011bry sd\u00edlen\u00e9\u00a0<\/span><a href=\"https:\/\/t.me\/rtnews\/137594\" target=\"_blank\" rel=\"noopener noreferrer\"><span dir=\"auto\">na Telegramu<\/span><\/a><span dir=\"auto\">\u00a0a\u00a0<\/span><a href=\"https:\/\/x.com\/TehranTimes79\/status\/2028835919701160447\" target=\"_blank\" rel=\"noopener noreferrer\"><span dir=\"auto\">na X<\/span><\/a><span dir=\"auto\">\u00a0jasn\u011b ukazuj\u00ed hr\u016fzn\u00e9 sc\u00e9ny n\u011bkter\u00fdch mlad\u00fdch d\u00edvek rozervan\u00fdch na kusy p\u0159i americko-izraelsk\u00e9m bombardov\u00e1n\u00ed jejich \u0161koly. Stejn\u011b jako nespo\u010detn\u00e9 tis\u00edce palestinsk\u00fdch d\u011bt\u00ed zabit\u00fdch Izraelem, stejn\u011b jako\u00a0<\/span><a href=\"https:\/\/www.commondreams.org\/views\/2022\/03\/27\/im-iraqi-and-i-remember-madeleine-albright-who-she-truly-was\" target=\"_blank\" rel=\"noopener noreferrer\"><span dir=\"auto\">p\u016fl milionu ir\u00e1ck\u00fdch d\u011bt\u00ed<\/span><\/a><span dir=\"auto\">\u00a0zabit\u00fdch americk\u00fdmi sankcemi, si \u017eivoty t\u011bchto \u00edr\u00e1nsk\u00fdch d\u011bt\u00ed nezaslou\u017e\u00ed pobou\u0159en\u00ed z\u00e1padn\u00edch m\u00e9di\u00ed. M\u00edsto toho produkuj\u00ed cynick\u00e9 zpr\u00e1vy, kter\u00e9 nejen\u017ee postr\u00e1daj\u00ed jakoukoli \u0161petku empatie, ale nazna\u010duj\u00ed, \u017ee \u00cdr\u00e1n o vra\u017ed\u00e1ch bu\u010f l\u017ee, nebo je za n\u011b zodpov\u011bdn\u00fd.<\/span><\/p>\n<p><a href=\"https:\/\/www.bbc.com\/news\/articles\/c1l7rvqq51eo\" target=\"_blank\" rel=\"noopener noreferrer\"><span dir=\"auto\">Vezm\u011bte si nap\u0159\u00edklad zpr\u00e1vu<\/span><\/a><span dir=\"auto\">\u00a0BBC\u00a0, kter\u00e1 popisuje masakr jako\u00a0<\/span><em><span dir=\"auto\">\u201e\u00fadajn\u00fd\u201c<\/span><\/em><span dir=\"auto\">\u00a0\u00fatok na \u0161kolu, z n\u011bho\u017e\u00a0<\/span><em><span dir=\"auto\">\u201e\u00cdr\u00e1n obvinil USA a Izrael\u201c<\/span><\/em><span dir=\"auto\">\u00a0. Zpochyb\u0148ov\u00e1n\u00ed je standardn\u00ed pro star\u0161\u00ed m\u00e9dia, kter\u00e1 om\u00edlaj\u00ed zlo\u010diny USA a Izraele. USA\u00a0<\/span><em><span dir=\"auto\">\u201ezpr\u00e1vy prov\u011b\u0159uj\u00ed\u201c.<\/span><\/em><span dir=\"auto\">\u00a0\u00a0Izrael\u00a0<\/span><em><span dir=\"auto\">\u201eo ni\u010dem nev\u00ed\u201c.<\/span><\/em><span dir=\"auto\">\u00a0Je \u00a0to jen jeden z t\u011bch z\u00e1hadn\u00fdch\u00a0<\/span><em><span dir=\"auto\">a nezn\u00e1m\u00fdch<\/span><\/em><span dir=\"auto\">\u00a0\u00fatok\u016f.<\/span><\/p>\n<p><span dir=\"auto\">BBC pot\u00e9 otev\u0159en\u011b obvinila \u00edr\u00e1nskou vl\u00e1du z ned\u016fv\u011bryhodnosti a napsala:\u00a0<\/span><em><span dir=\"auto\">\u201eHlubok\u00e1 ned\u016fv\u011bra k \u00edr\u00e1nsk\u00e9mu re\u017eimu v\u0161ak mnoh\u00fdm zt\u011b\u017euje akceptaci ofici\u00e1ln\u00edch zpr\u00e1v a n\u011bkte\u0159\u00ed \u00cdr\u00e1nci z \u00fatoku p\u0159\u00edmo obvinili re\u017eim.\u201c<\/span><\/em><\/p>\n<p><span dir=\"auto\">Podobn\u011b nepoctivou a klamnou \u017eurnalistiku BBC d\u011blala v roce 2014 v Dama\u0161ku pot\u00e9, co\u00a0<\/span><a href=\"https:\/\/ingaza.wordpress.com\/2018\/02\/28\/un-feigns-outrage-over-ghouta-while-terrorists-rockets-rain-down-on-damascus\/\" target=\"_blank\" rel=\"noopener noreferrer\"><span dir=\"auto\">terorist\u00e9 ve v\u00fdchodn\u00ed Gh\u00fat\u011b<\/span><\/a><span dir=\"auto\">\u00a0ost\u0159elovali z\u00e1kladn\u00ed \u0161kolu, zabili jedno d\u00edt\u011b a\u00a0<\/span><a href=\"https:\/\/odysee.com\/@EvaKareneBartlett:9\/children-injured-by-shelling-of-manar:7\" target=\"_blank\" rel=\"noopener noreferrer\"><span dir=\"auto\">zranili p\u0159es 60 dal\u0161\u00edch<\/span><\/a><span dir=\"auto\">\u00a0. BBC pozd\u011bji\u00a0<\/span><a href=\"http:\/\/www.bbc.com\/news\/world-middle-east-27073863\" target=\"_blank\" rel=\"noopener noreferrer\"><span dir=\"auto\">uvedla<\/span><\/a><span dir=\"auto\">\u00a0:\u00a0<\/span><em><span dir=\"auto\">\u201eVl\u00e1da je tak\u00e9 obvin\u011bna ze zah\u00e1jen\u00ed [minometn\u00fdch \u00fader\u016f] na \u010dtvrti, kter\u00e9 m\u00e1 pod kontrolou.\u201c<\/span><\/em><span dir=\"auto\">\u00a0BBC se mohla snadno dozv\u011bd\u011bt o\u00a0<\/span><a href=\"https:\/\/zeroanthropology.net\/2014\/09\/11\/the-terrorism-we-support-in-syria-a-first-hand-account-of-the-use-of-mortars-against-civilians\/\" target=\"_blank\" rel=\"noopener noreferrer\"><span dir=\"auto\">trajektorii<\/span><\/a><span dir=\"auto\">\u00a0minomet\u016f a odkud mohl doty\u010dn\u00fd \u00fader p\u0159ij\u00edt: od\u00a0<\/span><em><span dir=\"auto\">\u201eum\u00edrn\u011bn\u00fdch\u201c<\/span><\/em><span dir=\"auto\">\u00a0terorist\u016f v\u00fdchodn\u011b od Dama\u0161ku.<\/span><\/p>\n<p><a href=\"https:\/\/x.com\/AssalRad\/status\/2028291128383143963\" target=\"_blank\" rel=\"noopener noreferrer\"><span dir=\"auto\">Memorandum dostaly<\/span><\/a><span dir=\"auto\">\u00a0i New York Times\u00a0, kter\u00e9 rovn\u011b\u017e vynechaly Izrael z titulku a nazna\u010dily, \u017ee \u00cdr\u00e1n l\u017ee. Pokud jde ale o obvi\u0148ov\u00e1n\u00ed \u00cdr\u00e1nu z jeho odvety, NYT nemaj\u00ed probl\u00e9m uv\u00e9st, \u010d\u00ed raketov\u00fd \u00fatok to byl. A neexistuje \u017e\u00e1dn\u00e9\u00a0<\/span><em><span dir=\"auto\">\u201eIzrael \u0159\u00edk\u00e1\u201c.<\/span><\/em><\/p>\n<p><span dir=\"auto\">CNN zve\u0159ejnila\u00a0<\/span><a href=\"https:\/\/edition.cnn.com\/2026\/03\/01\/world\/video\/osint-investigation-iran-minab-girls-school-iran-us-israel-strikes\" target=\"_blank\" rel=\"noopener noreferrer\"><span dir=\"auto\">titulek\u00a0<\/span><\/a>\u00a0<em><span dir=\"auto\">\u201eV \u00cdr\u00e1nu byla zasa\u017eena d\u00edv\u010d\u00ed z\u00e1kladn\u00ed \u0161kola. Zde je to, co v\u00edme.\u201c<\/span><\/em><span dir=\"auto\">\u00a0Jej\u00ed videoreport\u00e1\u017e nejen\u017ee nezmi\u0148uje USA ani Izrael, ale nazna\u010duje vinu \u00cdr\u00e1nu: V taktice podobn\u00e9 Izraeli (p\u0159ipome\u0148me si, \u017ee Izrael tvrdil, \u017ee nemocnice Shifa v Gaze je\u00a0<\/span><em><span dir=\"auto\">\u201ez\u00e1kladnou Ham\u00e1su\u201c<\/span><\/em><span dir=\"auto\">\u00a0a\u00a0jako\u00a0<em>\u201ed\u016fkaz\u201c\u00a0<\/em><\/span><a href=\"https:\/\/x.com\/MaxBlumenthal\/status\/1725767795298709944\" target=\"_blank\" rel=\"noopener noreferrer\"><span dir=\"auto\">prezentoval zbran\u011b<\/span><\/a><span dir=\"auto\">\u00a0) CNN tvrd\u00ed, \u017ee d\u011btsk\u00e1 \u0161kola by mohla b\u00fdt propojena se z\u00e1kladnou \u00cdr\u00e1nsk\u00fdch revolu\u010dn\u00edch gard (IRGC). The Cradle v\u0161ak\u00a0<a href=\"https:\/\/t.me\/thecradlemedia\/52891\" target=\"_blank\" rel=\"noopener noreferrer\">poznamenal<\/a>\u00a0, \u017ee \u0161kola fungovala nez\u00e1visle jako civiln\u00ed instituce v\u00edce ne\u017e deset let se samostatn\u00fdmi vchody, h\u0159i\u0161ti a u\u010debnami.<\/span><\/p>\n<p><span dir=\"auto\">Zpr\u00e1va CNN alespo\u0148 vyvr\u00e1tila online tvrzen\u00ed, \u017ee \u0161kolu zas\u00e1hla ne\u00fasp\u011b\u0161n\u00e1 odpalovan\u00e1 raketa z \u00cdr\u00e1nu, a uvedla, \u017ee fotografie sd\u00edlen\u00e1 online jako\u00a0<\/span><em><span dir=\"auto\">\u201ed\u016fkaz\u201c<\/span><\/em><span dir=\"auto\">\u00a0tohoto tvrzen\u00ed byla ve skute\u010dnosti po\u0159\u00edzena 800 mil od Minabu. Ale co? Pokud se nejednalo o\u00a0<\/span><em><span dir=\"auto\">ne\u00fasp\u011b\u0161nou \u00edr\u00e1nskou raketu,<\/span><\/em><span dir=\"auto\">\u00a0zb\u00fdv\u00e1 zjevn\u011b jedno vysv\u011btlen\u00ed: \u0161kola\u010dky byly zabity americko-izraelsk\u00fdm bombardov\u00e1n\u00edm.<\/span><\/p>\n<p><span dir=\"auto\">V\u011bt\u0161ina z\u00e1padn\u00edch m\u00e9di\u00ed cituje \u00dast\u0159edn\u00ed velen\u00ed americk\u00e9 arm\u00e1dy (Centcom), kter\u00e9 prohl\u00e1silo, \u017ee\u00a0<\/span><em><span dir=\"auto\">\u201eprov\u011b\u0159uje zpr\u00e1vy o incidentu\u201c,\u00a0<\/span><\/em><span dir=\"auto\">\u00a0a izraelskou arm\u00e1du, kter\u00e1 prohl\u00e1sila, \u017ee\u00a0<\/span><em><span dir=\"auto\">\u201esi nen\u00ed v\u011bdoma \u017e\u00e1dn\u00fdch operac\u00ed IDF v oblasti\u201c.<\/span><\/em><span dir=\"auto\">Ano, vin\u00edci se a\u0165 vy\u0161et\u0159\u00ed sami. Spr\u00e1vn\u011b.<\/span><\/p>\n<p><span dir=\"auto\">I kdy\u017e ponech\u00e1me stranou skute\u010dn\u00e9ho vin\u00edka bombov\u00e9ho \u00fatoku na \u0161kolu, star\u0161\u00ed medi\u00e1ln\u00ed zpr\u00e1vy postr\u00e1daj\u00ed jak\u00fdkoli z\u00e1jem o zmasakrovan\u00e9 d\u011bti: \u017e\u00e1dn\u00e9 detaily, \u017e\u00e1dn\u00e1 empatie, \u017e\u00e1dn\u00e1 zm\u00ednka o tom, \u017ee byly zavra\u017ed\u011bny b\u011bhem muslimsk\u00e9ho svat\u00e9ho m\u011bs\u00edce Ramad\u00e1nu. T\u00f3n by byl radik\u00e1ln\u011b odli\u0161n\u00fd, kdyby se jednalo o d\u011bti izraelsk\u00e9, ukrajinsk\u00e9 nebo americk\u00e9. Vid\u011bli bychom o nich jm\u00e9na, v\u011bk, p\u0159\u00edb\u011bhy. Byly by humanizov\u00e1ny \u2013 jen kdyby nebyly \u00cdr\u00e1nsk\u00e9 (nebo Palestinsk\u00e9, Libanonsk\u00e9 nebo Sy\u0159ansk\u00e9).<\/span><\/p>\n<p><span dir=\"auto\">Od masakru ve \u0161kole Minab 28. \u00fanora americko-izraelsk\u00e9 \u00fadery za\u00fato\u010dily na st\u00e1le v\u011bt\u0161\u00ed civiln\u00ed infrastrukturu a zabily a zranily v\u00edce \u00edr\u00e1nsk\u00fdch civilist\u016f.<\/span><\/p>\n<p><span dir=\"auto\">Jeden mu\u017e televizi RT\u00a0<\/span><a href=\"https:\/\/t.me\/rtnews\/138396\" target=\"_blank\" rel=\"noopener noreferrer\"><span dir=\"auto\">vypr\u00e1v\u011bl<\/span><\/a><span dir=\"auto\">\u00a0, jak po bombardov\u00e1n\u00ed teher\u00e1nsk\u00e9ho n\u00e1m\u011bst\u00ed Enghelab vid\u011bl p\u0159ed svou kav\u00e1rnou s\u0165at\u00e9ho \u010dlov\u011bka. \u0160\u00e9f teher\u00e1nsk\u00e9 kancel\u00e1\u0159e RT Hami Hamedi se proch\u00e1zel a ukazoval na zk\u00e1zu a ukazoval na obytn\u00e9 budovy, auta a obchody, kter\u00e9 byly po\u0161kozeny a zni\u010deny p\u0159i ned\u00e1vn\u00fdch bombov\u00fdch \u00fatoc\u00edch, mezi nimi\u017e byla i policejn\u00ed stanice.<\/span><\/p>\n<p><span dir=\"auto\">Jednalo se o stejnou taktiku, kterou Izrael pou\u017eil 27. prosince 2008, kdy\u017e t\u00e9m\u011b\u0159 sou\u010dasn\u011b odp\u00e1lil na Gazu p\u0159es 100 bomb, zam\u011b\u0159en\u00fdch na policejn\u00ed stanice, policejn\u00ed akademie, univerzity a dal\u0161\u00ed, p\u0159i\u010dem\u017e zni\u010dil a po\u0161kodil obchody a obytn\u00e9 budovy v jejich okol\u00ed.<\/span><\/p>\n<p><span dir=\"auto\">V t\u00e9 dob\u011b jsem byl v Gaze a\u00a0<\/span><a href=\"https:\/\/ingaza.wordpress.com\/2008\/12\/28\/widespread-attacks-on-gaza-leave-at-least-227-dead-hundreds-seriously-injured\/\" target=\"_blank\" rel=\"noopener noreferrer\"><span dir=\"auto\">vid\u011bl jsem bezprost\u0159edn\u00ed n\u00e1sledky<\/span><\/a><span dir=\"auto\">\u00a0prvn\u00edch bombardov\u00e1n\u00ed, chaos a zk\u00e1zu ve v\u0161ech sm\u011brech. Nemocnice \u0160ifa, hlavn\u00ed nemocnice v Gaze, byla nekone\u010dn\u00fdm okruhem aut a sanitek, kter\u00e9 p\u0159iv\u00e1\u017eely mrtv\u00e9 a zran\u011bn\u00e9.<\/span><\/p>\n<p><span dir=\"auto\">To bylo p\u0159ed 17 lety a Izrael tuto brut\u00e1ln\u00ed taktiku opakoval znovu a znovu v Gaze, Libanonu a nyn\u00ed i v \u00cdr\u00e1nu. Vid\u011bli jsme tuto americko-izraelskou strategii terorizov\u00e1n\u00ed lid\u00ed rozs\u00e1hl\u00fdmi \u00fatoky na civiln\u00ed infrastrukturu v Gaze, Libanonu, Ir\u00e1ku, abychom vyjmenovali jen n\u011bkter\u00e9 z c\u00edlov\u00fdch region\u016f \u2013 a tak\u00e9 ji replikuje kyjevsk\u00fd re\u017eim v Donbasu. Z\u00e1m\u011brem je v\u017edy destabilizace a podn\u011bcov\u00e1n\u00ed strachu v nad\u011bji, \u017ee se lid\u00e9 obr\u00e1t\u00ed proti sv\u00e9 vl\u00e1d\u011b. Nikdy to nefunguje, ale v\u017edy to zabije bezpo\u010det nevinn\u00fdch civilist\u016f a srovn\u00e1 infrastrukturu se zem\u00ed.<\/span><\/p>\n<p><span dir=\"auto\">Aby toho nebylo m\u00e1lo, Melania Trumpov\u00e1 n\u011bkolik dn\u00ed po masakru v d\u00edv\u010d\u00ed \u0161kole\u00a0<\/span><a href=\"https:\/\/x.com\/mhdksafa\/status\/2028729653616062595\" target=\"_blank\" rel=\"noopener noreferrer\"><span dir=\"auto\">p\u0159edsedala<\/span><\/a><span dir=\"auto\">\u00a0zased\u00e1n\u00ed Rady bezpe\u010dnosti OSN o d\u011btech v konfliktech. Tohle \u0161\u00edlenstv\u00ed si nevymysl\u00edte. Man\u017eelka americk\u00e9ho prezidenta, kter\u00fd spoluvede v\u00e1lku proti d\u011btem v \u00cdr\u00e1nu, p\u0159edst\u00edr\u00e1 obavy o d\u011bti v konfliktu.<\/span><\/p>\n<p><span dir=\"auto\">USA a jimi koupen\u00e1 m\u00e9dia maj\u00ed tak malou \u00factu k \u00edr\u00e1nsk\u00fdm \u017eivot\u016fm, \u017ee se ani neobt\u011b\u017euj\u00ed vysv\u011btlit, nato\u017e se za vra\u017edy 168 \u0161kola\u010dek omluvit. Je skand\u00e1ln\u00ed, jako by pro z\u00e1padn\u00ed m\u00e9dia nikdy neexistovaly.<\/span><\/p>\n<p><span dir=\"auto\">Je ale pravda, \u017ee ka\u017ed\u00fd v\u00e1le\u010dn\u00fd zlo\u010din, ka\u017ed\u00e9 zavra\u017ed\u011bn\u00e9 d\u00edt\u011b, \u017eiv\u00ed podporu nejen jejich vl\u00e1d\u011b, ale odporu obecn\u011b. A \u00cdr\u00e1n se br\u00e1n\u00ed a odv\u00e1d\u00ed odvetu takov\u00fdmi zp\u016fsoby, \u017ee USA si budou p\u0159\u00e1t, aby se t\u00e9to v\u00e1lky proti \u00edr\u00e1nsk\u00e9mu lidu ne\u00fa\u010dastnily.<\/span><\/p>\n<p><em><span dir=\"auto\">Od\u00a0<\/span><strong><span dir=\"auto\">Evy Bartlettov\u00e9<\/span><\/strong><span dir=\"auto\">\u00a0, kanadsk\u00e9 nez\u00e1visl\u00e9 novin\u00e1\u0159ky. Str\u00e1vila roky v ter\u00e9nu a informovala o konfliktn\u00edch z\u00f3n\u00e1ch na Bl\u00edzk\u00e9m v\u00fdchod\u011b, zejm\u00e9na v S\u00fdrii a Palestin\u011b (kde \u017eila t\u00e9m\u011b\u0159 \u010dty\u0159i roky).\u00a0<\/span><\/em><\/p>\n<div class=\"Blog-author__cover\"><a href=\"https:\/\/swentr.site\/op-ed\/authors\/eva-bartlett\/\"><img decoding=\"async\" loading=\"lazy\" class=\"\" src=\"https:\/\/mf.b37mrtl.ru\/files\/2019.06\/original\/5d0ccac1fc7e93333b8b45d9.jpg\" alt=\"Eva Bartlettov\u00e1\" width=\"182\" height=\"182\" \/><\/a><\/div>\n<div class=\"Blog-author__text\">\n<p>&nbsp;<\/p>\n<\/div>\n","protected":false},"excerpt":{"rendered":"<p>Z\u00e1padn\u00ed m\u00e9dia bu\u010f ml\u010d\u00ed, nebo implicitn\u011b vin\u00ed Teher\u00e1n z \u00fatoku, p\u0159i kter\u00e9m zahynulo 168 d\u00edvek&#8230;<\/p>\n","protected":false},"author":2,"featured_media":100999,"comment_status":"closed","ping_status":"closed","sticky":false,"template":"","format":"standard","meta":[],"categories":[7],"tags":[178,107,1503,3541,37,184],"_links":{"self":[{"href":"https:\/\/www.infokuryr.cz\/n\/wp-json\/wp\/v2\/posts\/101065"}],"collection":[{"href":"https:\/\/www.infokuryr.cz\/n\/wp-json\/wp\/v2\/posts"}],"about":[{"href":"https:\/\/www.infokuryr.cz\/n\/wp-json\/wp\/v2\/types\/post"}],"author":[{"embeddable":true,"href":"https:\/\/www.infokuryr.cz\/n\/wp-json\/wp\/v2\/users\/2"}],"replies":[{"embeddable":true,"href":"https:\/\/www.infokuryr.cz\/n\/wp-json\/wp\/v2\/comments?post=101065"}],"version-history":[{"count":0,"href":"https:\/\/www.infokuryr.cz\/n\/wp-json\/wp\/v2\/posts\/101065\/revisions"}],"wp:featuredmedia":[{"embeddable":true,"href":"https:\/\/www.infokuryr.cz\/n\/wp-json\/wp\/v2\/media\/100999"}],"wp:attachment":[{"href":"https:\/\/www.infokuryr.cz\/n\/wp-json\/wp\/v2\/media?parent=101065"}],"wp:term":[{"taxonomy":"category","embeddable":true,"href":"https:\/\/www.infokuryr.cz\/n\/wp-json\/wp\/v2\/categories?post=101065"},{"taxonomy":"post_tag","embeddable":true,"href":"https:\/\/www.infokuryr.cz\/n\/wp-json\/wp\/v2\/tags?post=101065"}],"curies":[{"name":"wp","href":"https:\/\/api.w.org\/{rel}","templated":true}]}}