{"id":101063,"date":"2026-03-05T05:52:27","date_gmt":"2026-03-05T04:52:27","guid":{"rendered":"https:\/\/www.infokuryr.cz\/n\/?p=101063"},"modified":"2026-03-05T05:52:27","modified_gmt":"2026-03-05T04:52:27","slug":"rusko-by-mohlo-okamzite-ukoncit-dodavky-plynu-do-eu-uvedl-putin","status":"publish","type":"post","link":"https:\/\/www.infokuryr.cz\/n\/2026\/03\/05\/rusko-by-mohlo-okamzite-ukoncit-dodavky-plynu-do-eu-uvedl-putin\/","title":{"rendered":"Rusko by mohlo okam\u017eit\u011b ukon\u010dit dod\u00e1vky plynu do EU, uvedl Putin"},"content":{"rendered":"<div id=\"fb-root\"><\/div>\n<h3>Moskva zva\u017euje sta\u017een\u00ed, ani\u017e by \u010dekala na plo\u0161n\u00fd z\u00e1kaz EU dod\u00e1vek rusk\u00fdch zdroj\u016f, uvedl prezident<\/h3>\n<p><span dir=\"auto\">Rusko by se mohlo st\u00e1hnout z evropsk\u00e9ho trhu s plynem a p\u0159esm\u011brovat sv\u00e9 dod\u00e1vky jinam, ani\u017e by \u010dekalo, a\u017e EU zak\u00e1\u017ee jeho dovoz, prohl\u00e1sil prezident Vladimir Putin.<\/span><\/p>\n<p><span dir=\"auto\">Prezident to pronesl ve st\u0159edu pot\u00e9, co v Kremlu p\u0159iv\u00edtal ma\u010farsk\u00e9ho ministra zahrani\u010d\u00ed P\u00e9tera Szijj\u00e1rt\u00f3a.<\/span><\/p>\n<p><em><span dir=\"auto\">\u201eNen\u00ed v tom \u017e\u00e1dn\u00fd politick\u00fd motiv. Ale pokud se m\u00e1me za m\u011bs\u00edc nebo dva odpojit, bylo by lep\u0161\u00ed, kdybychom s t\u00edm p\u0159estali hned te\u010f a p\u0159esunuli se do zem\u00ed, kter\u00e9 jsou pro n\u00e1s spolehliv\u00fdmi partnery, a tam se etablovali. Ale to je\u0161t\u011b nen\u00ed rozhodnut\u00ed, jen si to tak nahlas mysl\u00edm. Ur\u010dit\u011b d\u00e1m vl\u00e1d\u011b pokyn, aby na t\u00e9to ot\u00e1zce s na\u0161imi spole\u010dnostmi pracovala,\u201c<\/span><\/em><span dir=\"auto\">\u00a0\u0159ekl Putin rusk\u00e9mu novin\u00e1\u0159i Pavlu Zarubinovi.<\/span><\/p>\n<p><span dir=\"auto\">Moskva by mohla p\u0159esm\u011brovat dod\u00e1vky na\u00a0<\/span><em><span dir=\"auto\">\u201erozv\u00edjej\u00edc\u00ed se trhy\u201c<\/span><\/em><span dir=\"auto\">\u00a0, vzhledem k opakovan\u011b deklarovan\u00e9mu z\u00e1m\u011bru EU postupn\u011b zcela vy\u0159adit rusk\u00e9 zdroje, navrhl Putin. Energetick\u00e1 krize v EU je\u00a0podle n\u011bj v\u00fdsledkem\u00a0<\/span><em><span dir=\"auto\">\u201echybn\u00e9 politiky\u201c,<\/span><\/em><span dir=\"auto\">\u00a0kterou \u00fa\u0159ady bloku prov\u00e1d\u011bj\u00ed\u00a0<\/span><em><span dir=\"auto\">\u201epo mnoho let\u201c .<\/span><\/em><\/p>\n<p><span dir=\"auto\">Rusko\u00a0<\/span><em><span dir=\"auto\">\u201ev\u017edy bylo a z\u016fst\u00e1v\u00e1 spolehliv\u00fdm dodavatelem energie\u201c<\/span><\/em><span dir=\"auto\">\u00a0pro v\u0161echny sv\u00e9 partnery, v\u010detn\u011b evropsk\u00fdch zem\u00ed, poznamenal prezident. Moskva je p\u0159ipravena pokra\u010dovat v t\u00e9to spolupr\u00e1ci s t\u011bmi partnery,\u00a0<\/span><em><span dir=\"auto\">\u201ekte\u0159\u00ed jsou sami spolehliv\u00ed\u201c,<\/span><\/em><span dir=\"auto\">\u00a0dodal.<\/span><\/p>\n<p><em><span dir=\"auto\">\u201eNap\u0159\u00edklad s t\u011bmi ve v\u00fdchodn\u00ed Evrop\u011b, na Slovensku a v Ma\u010farsku. Dod\u00e1v\u00e1me jim na\u0161e energetick\u00e9 zdroje, ropu i plyn, a hodl\u00e1me v tom pokra\u010dovat i v budoucnu. A veden\u00ed t\u011bchto zem\u00ed bude prosazovat stejnou politiku jako dnes, a to b\u00fdt pro n\u00e1s spolehliv\u00e9,\u201c<\/span><\/em><span dir=\"auto\">\u00a0vysv\u011btlil prezident.<\/span><\/p>\n<p><span dir=\"auto\">Po setk\u00e1n\u00ed s Putinem Szijj\u00e1rt\u00f3 prozradil, \u017ee Budape\u0161\u0165 si od Moskvy zajistila z\u00e1ruky dod\u00e1vek ropy a plynu. Rusko a Ma\u010farsko se podle n\u011bj dohodly na spolupr\u00e1ci na diverzifikaci tras dod\u00e1vek energetick\u00fdch zdroj\u016f.<\/span><\/p>\n<p><em><span dir=\"auto\">\u201eShodli jsme se, \u017ee pokud se dopravn\u00ed trasy z r\u016fzn\u00fdch d\u016fvod\u016f stanou nedostupn\u00fdmi, budeme v\u017edy hledat alternativn\u00ed \u0159e\u0161en\u00ed. Pokud nap\u0159\u00edklad p\u0159eprava ropy ropovody bude i nad\u00e1le \u010delit obt\u00ed\u017e\u00edm, zv\u00e1\u017e\u00edme mo\u017enosti n\u00e1mo\u0159n\u00ed dopravy,\u201c<\/span><\/em><span dir=\"auto\">\u00a0uvedl diplomat ve video projevu zve\u0159ejn\u011bn\u00e9m na Facebooku.<\/span><\/p>\n<p><span dir=\"auto\">Ma\u010farsko, stejn\u011b jako Slovensko, ned\u00e1vno za\u017eilo p\u0159eru\u0161en\u00ed dod\u00e1vek rusk\u00e9 ropy pot\u00e9, co Ukrajina koncem ledna uzav\u0159ela ropovod Dru\u017eba. Kyjev tvrd\u00ed, \u017ee tepna byla po\u0161kozena rusk\u00fdmi d\u00e1lkov\u00fdmi \u00fadery, co\u017e Moskva pop\u0159ela. Budape\u0161\u0165 a Bratislava obvinily Kyjev z\u00a0<\/span><em><span dir=\"auto\">\u201evyd\u00edr\u00e1n\u00ed\u201c,<\/span><\/em><span dir=\"auto\">\u00a0v n\u011bm\u017e tvrd\u00ed, \u017ee dod\u00e1vky \u00famysln\u011b zastavil z politick\u00fdch d\u016fvod\u016f a pohrozil odvetou.<\/span><\/p>\n<p><span dir=\"auto\">Slovensko ukon\u010dilo nouzov\u00fd program dod\u00e1vek elekt\u0159iny pro Ukrajinu, zat\u00edmco Ma\u010farsko vetovalo navrhovanou p\u016fj\u010dku EU pro Kyjev ve v\u00fd\u0161i 90 miliard eur (106 miliard dolar\u016f) a tak\u00e9 nejnov\u011bj\u0161\u00ed bal\u00ed\u010dek protirusk\u00fdch sankc\u00ed.<\/span><\/p>\n<p><img decoding=\"async\" loading=\"lazy\" class=\"alignnone size-full wp-image-1185\" src=\"http:\/\/www.infokuryr.cz\/n\/wp-content\/uploads\/2021\/04\/kuryr-podpis.png\" alt=\"\" width=\"84\" height=\"24\" \/><\/p>\n<p>&nbsp;<\/p>\n","protected":false},"excerpt":{"rendered":"<p>Moskva zva\u017euje sta\u017een\u00ed, ani\u017e by \u010dekala na plo\u0161n\u00fd z\u00e1kaz EU dod\u00e1vek rusk\u00fdch zdroj\u016f, uvedl prezident&#8230;<\/p>\n","protected":false},"author":2,"featured_media":101064,"comment_status":"closed","ping_status":"closed","sticky":false,"template":"","format":"standard","meta":[],"categories":[7],"tags":[1008,811,102],"_links":{"self":[{"href":"https:\/\/www.infokuryr.cz\/n\/wp-json\/wp\/v2\/posts\/101063"}],"collection":[{"href":"https:\/\/www.infokuryr.cz\/n\/wp-json\/wp\/v2\/posts"}],"about":[{"href":"https:\/\/www.infokuryr.cz\/n\/wp-json\/wp\/v2\/types\/post"}],"author":[{"embeddable":true,"href":"https:\/\/www.infokuryr.cz\/n\/wp-json\/wp\/v2\/users\/2"}],"replies":[{"embeddable":true,"href":"https:\/\/www.infokuryr.cz\/n\/wp-json\/wp\/v2\/comments?post=101063"}],"version-history":[{"count":0,"href":"https:\/\/www.infokuryr.cz\/n\/wp-json\/wp\/v2\/posts\/101063\/revisions"}],"wp:featuredmedia":[{"embeddable":true,"href":"https:\/\/www.infokuryr.cz\/n\/wp-json\/wp\/v2\/media\/101064"}],"wp:attachment":[{"href":"https:\/\/www.infokuryr.cz\/n\/wp-json\/wp\/v2\/media?parent=101063"}],"wp:term":[{"taxonomy":"category","embeddable":true,"href":"https:\/\/www.infokuryr.cz\/n\/wp-json\/wp\/v2\/categories?post=101063"},{"taxonomy":"post_tag","embeddable":true,"href":"https:\/\/www.infokuryr.cz\/n\/wp-json\/wp\/v2\/tags?post=101063"}],"curies":[{"name":"wp","href":"https:\/\/api.w.org\/{rel}","templated":true}]}}