{"id":101027,"date":"2026-03-05T00:13:30","date_gmt":"2026-03-04T23:13:30","guid":{"rendered":"https:\/\/www.infokuryr.cz\/n\/?p=101027"},"modified":"2026-03-04T14:16:34","modified_gmt":"2026-03-04T13:16:34","slug":"erik-best-vrchni-lobbista","status":"publish","type":"post","link":"https:\/\/www.infokuryr.cz\/n\/2026\/03\/05\/erik-best-vrchni-lobbista\/","title":{"rendered":"Erik Best: Vrchn\u00ed lobbista"},"content":{"rendered":"<div id=\"fb-root\"><\/div>\n<p>Hlavn\u00ed poselstv\u00ed v\u010derej\u0161\u00edho\u00a0<a href=\"https:\/\/www.ceskatelevize.cz\/porady\/10101491767-studio-ct24\/226411058280303\/\" target=\"_blank\" rel=\"noopener\">vystoupen\u00ed prezidenta<\/a>\u00a0Petra Pavla v\u00a0Poslaneck\u00e9 sn\u011bmovn\u011b, tedy \u017ee nen\u00ed jedin\u00fd ospravedlniteln\u00fd d\u016fvod, aby v\u00fddaje na obranu a\u00a0bezpe\u010dnost stagnovaly, je v\u00a0p\u0159\u00edm\u00e9m rozporu s\u00a0<a href=\"https:\/\/vlada.gov.cz\/cz\/vlada\/programove-prohlaseni\/programove-prohlaseni-vlady-224629\/#obranna_politika_a_armada\" target=\"_blank\" rel=\"noopener\">programov\u00fdm prohl\u00e1\u0161en\u00edm<\/a>\u00a0Babi\u0161ovy vl\u00e1dy.<\/p>\n<p>To uv\u00e1d\u00ed: \u201eZajist\u00edme efektivn\u00ed, hospod\u00e1rn\u00e9 a\u00a0transparentn\u00ed investice do obrany, kter\u00e9 re\u00e1ln\u011b pos\u00edl\u00ed obranyschopnost st\u00e1tu.\u201c Zast\u00e1v\u00e1n\u00edm postoje, \u017ee jak\u00e9koli v\u00fddaje na obranu jsou dobr\u00e9 v\u00fddaje, Pavel upozor\u0148uje na sv\u00e9 vlastn\u00ed potenci\u00e1ln\u00ed st\u0159ety z\u00e1jm\u016f.<\/p>\n<p>Prvn\u00edm je skute\u010dnost, \u017ee jeho hlavn\u00ed poradce\u00a0<a href=\"https:\/\/www.youtube.com\/live\/klfu7ciAR8U?t=2672s\" target=\"_blank\" rel=\"noopener\">Petr Kol\u00e1\u0159<\/a>\u00a0je zbroja\u0159sk\u00fd lobbista, kter\u00fd se zasazuje o\u00a0co nejv\u011bt\u0161\u00ed investice do evropsk\u00e9ho obrann\u00e9ho pr\u016fmyslu.<\/p>\n<p>Druh\u00fdm je Pavlovo spojen\u00ed s\u00a0muni\u010dn\u00ed iniciativou, kter\u00e1 \u00fadajn\u011b podle zpr\u00e1v\u00a0<a href=\"https:\/\/www.youtube.com\/live\/953zc44NUsk?t=4450s\" target=\"_blank\" rel=\"noopener\">Bezpe\u010dnostn\u00ed informa\u010dn\u00ed slu\u017eby<\/a>\u00a0byla netransparentn\u00ed a\u00a0p\u0159edra\u017een\u00e1.<\/p>\n<p>A\u00a0za t\u0159et\u00ed, Pavel byl n\u00e1\u010deln\u00edkem gener\u00e1ln\u00edho \u0161t\u00e1bu arm\u00e1dy, a\u00a0tedy ned\u00edlnou sou\u010d\u00e1st\u00ed syst\u00e9mu, kter\u00fd je podle b\u00fdval\u00e9ho koordin\u00e1tora pro zbrojn\u00ed zak\u00e1zky\u00a0<a href=\"https:\/\/www.nasepravda.cz\/komentare\/jaroslav-stefec-armadni-zakazky-jsou-zlaty-dul\/\" target=\"_blank\" rel=\"noopener\">Jaroslava \u0160tefce<\/a>\u00a0z\u00e1m\u011brn\u011b navr\u017een tak, aby nasytil \u201espoustu hladov\u00fdch krk\u016f\u201c.<\/p>\n<p>Pokud v\u00a0r\u00e1mci st\u00e1tn\u00edch zbrojn\u00edch zak\u00e1zek buj\u00ed kr\u00e1de\u017ee a\u00a0pl\u00fdtv\u00e1n\u00ed, nen\u00ed jedin\u00fd ospravedlniteln\u00fd d\u016fvod pro stagnuj\u00edc\u00ed v\u00fddaje hlavn\u011b pro ty, kte\u0159\u00ed jsou jejich sou\u010d\u00e1st\u00ed.<\/p>\n<p><a href=\"https:\/\/www.fsfinalword.cz\/?page=archive&amp;day=2026-03-04\">Erik Best<\/a><\/p>\n<p><img decoding=\"async\" loading=\"lazy\" class=\"alignnone  wp-image-1179\" src=\"http:\/\/www.infokuryr.cz\/n\/wp-content\/uploads\/2021\/04\/erik-best.jpg\" alt=\"\" width=\"143\" height=\"161\" \/><\/p>\n<p>&nbsp;<\/p>\n","protected":false},"excerpt":{"rendered":"<p>Hlavn\u00ed poselstv\u00ed v\u010derej\u0161\u00edho\u00a0vystoupen\u00ed prezidenta\u00a0Petra Pavla v\u00a0Poslaneck\u00e9 sn\u011bmovn\u011b, tedy \u017ee nen\u00ed jedin\u00fd ospravedlniteln\u00fd d\u016fvod, aby v\u00fddaje&#8230;<\/p>\n","protected":false},"author":2,"featured_media":97301,"comment_status":"closed","ping_status":"closed","sticky":false,"template":"","format":"standard","meta":[],"categories":[6],"tags":[146,10690,1173],"_links":{"self":[{"href":"https:\/\/www.infokuryr.cz\/n\/wp-json\/wp\/v2\/posts\/101027"}],"collection":[{"href":"https:\/\/www.infokuryr.cz\/n\/wp-json\/wp\/v2\/posts"}],"about":[{"href":"https:\/\/www.infokuryr.cz\/n\/wp-json\/wp\/v2\/types\/post"}],"author":[{"embeddable":true,"href":"https:\/\/www.infokuryr.cz\/n\/wp-json\/wp\/v2\/users\/2"}],"replies":[{"embeddable":true,"href":"https:\/\/www.infokuryr.cz\/n\/wp-json\/wp\/v2\/comments?post=101027"}],"version-history":[{"count":0,"href":"https:\/\/www.infokuryr.cz\/n\/wp-json\/wp\/v2\/posts\/101027\/revisions"}],"wp:featuredmedia":[{"embeddable":true,"href":"https:\/\/www.infokuryr.cz\/n\/wp-json\/wp\/v2\/media\/97301"}],"wp:attachment":[{"href":"https:\/\/www.infokuryr.cz\/n\/wp-json\/wp\/v2\/media?parent=101027"}],"wp:term":[{"taxonomy":"category","embeddable":true,"href":"https:\/\/www.infokuryr.cz\/n\/wp-json\/wp\/v2\/categories?post=101027"},{"taxonomy":"post_tag","embeddable":true,"href":"https:\/\/www.infokuryr.cz\/n\/wp-json\/wp\/v2\/tags?post=101027"}],"curies":[{"name":"wp","href":"https:\/\/api.w.org\/{rel}","templated":true}]}}