{"id":101008,"date":"2026-03-05T00:16:45","date_gmt":"2026-03-04T23:16:45","guid":{"rendered":"https:\/\/www.infokuryr.cz\/n\/?p=101008"},"modified":"2026-03-04T13:21:15","modified_gmt":"2026-03-04T12:21:15","slug":"o-co-jde-ve-sporu-mezi-afghanistanem-a-pakistanem-a-ma-s-tim-neco-spolecneho-valka-s-iranem","status":"publish","type":"post","link":"https:\/\/www.infokuryr.cz\/n\/2026\/03\/05\/o-co-jde-ve-sporu-mezi-afghanistanem-a-pakistanem-a-ma-s-tim-neco-spolecneho-valka-s-iranem\/","title":{"rendered":"O co jde ve sporu mezi Afgh\u00e1nist\u00e1nem a P\u00e1kist\u00e1nem a m\u00e1 s t\u00edm n\u011bco spole\u010dn\u00e9ho v\u00e1lka s \u00cdr\u00e1nem?"},"content":{"rendered":"<div id=\"fb-root\"><\/div>\n<p><strong><span dir=\"auto\">Evropsk\u00e1 m\u00e9dia si toho z velk\u00e9 \u010d\u00e1sti nev\u0161imla, ale mezi Afgh\u00e1nist\u00e1nem a P\u00e1kist\u00e1nem vypukla v\u00e1lka. O co v konfliktu mezi ob\u011bma zem\u011bmi jde? A existuje n\u011bjak\u00e1 souvislost s v\u00e1lkou v \u00cdr\u00e1nu?<\/span><\/strong><\/p>\n<p><span dir=\"auto\">Vzhledem k tomu, \u017ee evropsk\u00e1 m\u00e9dia v\u011bnovala v\u00e1lce mezi Afgh\u00e1nist\u00e1nem a P\u00e1kist\u00e1nem, kter\u00e1 vypukla jen den p\u0159ed v\u00e1lkou s \u00cdr\u00e1nem, jen m\u00e1lo informac\u00ed, p\u0159ekl\u00e1d\u00e1m zde \u010dl\u00e1nek <\/span><a href=\"https:\/\/tass.ru\/opinions\/26629497\"><u><span dir=\"auto\">p\u00e1kist\u00e1nsk\u00e9ho<\/span><\/u><\/a><span dir=\"auto\">\u00a0zpravodaje agentury TASS, kter\u00fd vysv\u011btluje pozad\u00ed a poukazuje na mo\u017en\u00e9 souvislosti s v\u00e1lkou s \u00cdr\u00e1nem.<\/span><\/p>\n<p><em><strong><span dir=\"auto\">Za\u010d\u00e1tek p\u0159ekladu:<\/span><\/strong><\/em><\/p>\n<h2 class=\"wp-block-heading\"><span dir=\"auto\">\u201eOtev\u0159en\u00e1 v\u00e1lka\u201c Isl\u00e1m\u00e1b\u00e1du a K\u00e1bulu na Durandov\u011b linii: n\u00e1hoda, nebo p\u0159esn\u00fd v\u00fdpo\u010det?<\/span><\/h2>\n<p><strong><span dir=\"auto\">Ilja Ryschow, p\u00e1kist\u00e1nsk\u00fd zpravodaj agentury TASS, o d\u016fvodech eskalace dlouholet\u00e9ho konfliktu mezi P\u00e1kist\u00e1nem a Afgh\u00e1nist\u00e1nem v geopolitickou katastrofu v srdci Asie.<\/span><\/strong><\/p>\n<p><span dir=\"auto\">Stovky lid\u00ed jsou mrtv\u00e9 a zran\u011bn\u00e9, ob\u011bti pravd\u011bpodobn\u011b nejhor\u0161\u00ed f\u00e1ze eskaluj\u00edc\u00ed krize mezi Afgh\u00e1nist\u00e1nem a P\u00e1kist\u00e1nem. To, co bylo ned\u00e1vno pops\u00e1no jako pohrani\u010dn\u00ed \u0161arv\u00e1tka, se vyvinulo v t\u00e9m\u011b\u0159 plnohodnotnou v\u00e1lku mezi sousedy.<\/span><\/p>\n<p><span dir=\"auto\">Toto je druh\u00fd velk\u00fd ozbrojen\u00fd st\u0159et za posledn\u00ed \u010dty\u0159i m\u011bs\u00edce. Tentokr\u00e1t je v s\u00e1zce stejn\u011b hodn\u011b jako p\u0159edt\u00edm.<\/span><\/p>\n<h3 class=\"wp-block-heading\"><span dir=\"auto\">D\u011blic\u00ed \u010d\u00e1ra, kter\u00e1 rozd\u011bluje lidi<\/span><\/h3>\n<p><span dir=\"auto\">Vojensk\u00e1 operace proti afgh\u00e1nsk\u00e9mu T\u00e1lib\u00e1nu s n\u00e1zvem \u201eGhazab lil Haq\u201c (v urd\u0161tin\u011b \u201eSpravedliv\u00e9 pobou\u0159en\u00ed\u201c) byla poprv\u00e9 zm\u00edn\u011bna v p\u00e1kist\u00e1nsk\u00e9 st\u00e1tn\u00ed televizi kolem 3:00 r\u00e1no 27. \u00fanora. O n\u011bkolik minut pozd\u011bji vydal p\u00e1kist\u00e1nsk\u00fd ministr obrany Khawaja Asif prohl\u00e1\u0161en\u00ed, kter\u00e9 zn\u011blo jako verdikt nad roky napjat\u00fdch vztah\u016f s Afgh\u00e1nist\u00e1nem: \u201eNa\u0161e trp\u011blivost do\u0161la. Nyn\u00ed je mezi n\u00e1mi a v\u00e1mi otev\u0159en\u00e1 v\u00e1lka.\u201c<\/span><\/p>\n<p><span dir=\"auto\">Eskalace p\u0159ekro\u010dila hranici. P\u00e1kist\u00e1nsk\u00e1 letadla zah\u00e1jila \u00fatoky na K\u00e1bul a provincie Kandah\u00e1r, Nangarh\u00e1r a Pakt\u00edk\u00e1.<\/span><\/p>\n<p><span dir=\"auto\">Abychom pochopili p\u016fvod sou\u010dasn\u00e9 krize, mus\u00edme se ohl\u00e9dnout v\u00edce ne\u017e stolet\u00ed zp\u011bt. Hranice mezi Afgh\u00e1nist\u00e1nem a P\u00e1kist\u00e1nem vede pod\u00e9l tzv. Durandovy linie, poz\u016fstatku druh\u00e9 anglo-afgh\u00e1nsk\u00e9 v\u00e1lky z let 1878\u20131881. V roce 1893 afgh\u00e1nsk\u00fd em\u00edr Abdur Rahm\u00e1n a britsko-indick\u00fd diplomat Henry Mortimer Durand rozd\u011blili \u00fazem\u00ed historick\u00e9 oblasti Pa\u0161tunist\u00e1n prost\u0159ednictv\u00edm dohody.<\/span><\/p>\n<p><span dir=\"auto\">Po z\u00edsk\u00e1n\u00ed nez\u00e1vislosti P\u00e1kist\u00e1nu v roce 1947 Afgh\u00e1nist\u00e1n odm\u00edtl tuto hranici uznat. Jeho parlament ji ozna\u010dil za \u201evnucenou\u201c a v roce 1949 zru\u0161il v\u0161echny souvisej\u00edc\u00ed smlouvy. P\u00e1kist\u00e1n v\u0161ak trv\u00e1 na ofici\u00e1ln\u00edm statusu Durandovy linie.<\/span><\/p>\n<p><span dir=\"auto\">Ob\u011b zem\u011b jsou tak t\u00e9m\u011b\u0159 80 let odd\u011bleny neozna\u010denou a spornou lini\u00ed dlouhou 2 600 kilometr\u016f.<\/span><\/p>\n<p><span dir=\"auto\">Za t\u00edmto sporem se skr\u00fdv\u00e1 osud milion\u016f lid\u00ed. Pa\u0161tunov\u00e9, kte\u0159\u00ed \u017eij\u00ed na obou stran\u00e1ch hranice, tvo\u0159\u00ed zhruba polovinu afgh\u00e1nsk\u00e9 populace (kolem 25 milion\u016f) a nejm\u00e9n\u011b 15 procent p\u00e1kist\u00e1nsk\u00e9 populace (kolem 40 milion\u016f). My\u0161lenka vytvo\u0159en\u00ed nez\u00e1visl\u00e9ho Pa\u0161tunst\u00e1nu se opakovan\u011b objevuje v politick\u00e9 diskusi, co\u017e d\u00e1le zhor\u0161uje ji\u017e tak napjat\u00e9 vztahy.<\/span><\/p>\n<h3 class=\"wp-block-heading\"><span dir=\"auto\">P\u0159\u00e1tel\u00e9, nebo soupe\u0159i?<\/span><\/h3>\n<p><span dir=\"auto\">Historie vztah\u016f mezi ob\u011bma zem\u011bmi je proto pln\u00e1 rozpor\u016f. V roce 1947 Afgh\u00e1nist\u00e1n odm\u00edtl p\u00e1kist\u00e1nsk\u00e9 p\u0159istoupen\u00ed k OSN a po\u017eadoval revizi hranic. Pot\u00e9, co K\u00e1bulu se nepoda\u0159ilo tohoto c\u00edle dos\u00e1hnout, podpo\u0159il pa\u0161tunsk\u00e9 bojovn\u00edky za nez\u00e1vislost v P\u00e1kist\u00e1nu, co\u017e vedlo k p\u0159eru\u0161en\u00ed diplomatick\u00fdch vztah\u016f v roce 1961. Obnoven\u00ed byly provedeny o dva roky pozd\u011bji.<\/span><\/p>\n<p><span dir=\"auto\">Zat\u00edmco vztahy mezi ob\u011bma zem\u011bmi byly zpo\u010d\u00e1tku po z\u00edsk\u00e1n\u00ed nez\u00e1vislosti P\u00e1kist\u00e1nu kv\u016fli \u00fazemn\u00edmu sporu otev\u0159en\u011b zaplaveny konflikty, konfrontace pozd\u011bji ustoupila slo\u017eit\u011bj\u0161\u00edmu mocensk\u00e9mu boji. S vypuknut\u00edm vojensk\u00e9ho konfliktu v Afgh\u00e1nist\u00e1nu v roce 1979 m\u011bl Isl\u00e1m\u00e1b\u00e1d mo\u017enost nejen sporit se o hranice, ale tak\u00e9 skute\u010dn\u011b ovliv\u0148ovat ud\u00e1losti za Durandovou lini\u00ed. B\u011bhem tohoto obdob\u00ed jednotky mud\u017eahed\u00edn\u016f cvi\u010dily v P\u00e1kist\u00e1nu a uprchly tam miliony afgh\u00e1nsk\u00fdch uprchl\u00edk\u016f. Kdy\u017e T\u00e1lib\u00e1n v z\u00e1\u0159\u00ed 1996 dobyl K\u00e1bul a vyhl\u00e1sil Isl\u00e1msk\u00fd emir\u00e1t Afgh\u00e1nist\u00e1n, Isl\u00e1m\u00e1b\u00e1d byl mezi n\u011bkolika m\u00e1lo zem\u011bmi, kter\u00e9 uznaly jejich vl\u00e1du.<\/span><\/p>\n<p><span dir=\"auto\">Po \u00fatoc\u00edch z 11. z\u00e1\u0159\u00ed 2001 se P\u00e1kist\u00e1n stal spojencem USA ve \u201ev\u00e1lce proti terorismu\u201c, nap\u0159\u00edklad d\u00edky podpo\u0159e operace Trval\u00e1 svoboda proti T\u00e1lib\u00e1nu v Afgh\u00e1nist\u00e1nu. Jak se v\u0161ak pozd\u011bji uk\u00e1zalo, P\u00e1kist\u00e1n slou\u017eil jako bezpe\u010dn\u00e9 \u00fato\u010di\u0161t\u011b pro v\u016fdce al-K\u00e1idy a Us\u00e1ma bin L\u00e1din byl v roce 2011 zabit americk\u00fdmi speci\u00e1ln\u00edmi jednotkami nikoli v horsk\u00fdch jeskyn\u00edch Afgh\u00e1nist\u00e1nu, ale v p\u00e1kist\u00e1nsk\u00e9m m\u011bst\u011b Abbottabad.<\/span><\/p>\n<p><span dir=\"auto\">Po n\u00e1vratu Talibanu k moci v srpnu 2021 byl jedn\u00edm z prvn\u00edch zahrani\u010dn\u00edch n\u00e1v\u0161t\u011bvn\u00edk\u016f K\u00e1bulu \u0161\u00e9f p\u00e1kist\u00e1nsk\u00e9 zpravodajsk\u00e9 slu\u017eby ISI, gener\u00e1l Faiz Hamid. Sjednotili se sta\u0159\u00ed spojenci? Idylick\u00e1 situace v\u0161ak netrvala dlouho.<\/span><\/p>\n<h3 class=\"wp-block-heading\"><span dir=\"auto\">\u201eIndick\u00e1 kolonie\u201c: nejv\u011bt\u0161\u00ed strach Isl\u00e1m\u00e1b\u00e1du<\/span><\/h3>\n<p><span dir=\"auto\">Hlavn\u00edm bodem sv\u00e1ru ve vztaz\u00edch mezi Isl\u00e1m\u00e1b\u00e1dem a K\u00e1bulem se tentokr\u00e1t staly aktivity hnut\u00ed Tehrik-e-Taliban Pakistan (zn\u00e1m\u00e9ho tak\u00e9 jako Fitna al-Khawarij nebo p\u00e1kist\u00e1nsk\u00e9 hnut\u00ed Taliban). Tito militanti bojuj\u00ed proti p\u00e1kist\u00e1nsk\u00e9 vl\u00e1d\u011b ji\u017e po cel\u00e1 desetilet\u00ed a na\u0161li \u00fato\u010di\u0161t\u011b v Afgh\u00e1nist\u00e1nu. K\u00e1bul odm\u00edt\u00e1 vydat sv\u00e9 v\u016fdce nebo omezit jejich aktivity. Isl\u00e1m\u00e1b\u00e1d vzn\u00e1\u0161\u00ed p\u0159esn\u011b tento po\u017eadavek od roku 2021 \u2013 zat\u00edm bez \u00fasp\u011bchu.<\/span><\/p>\n<p><span dir=\"auto\">V roce 2025 se v\u0161ak nap\u011bt\u00ed mezi ob\u011bma zem\u011bmi vystup\u0148ovalo mnohem dramati\u010dt\u011bji. Za\u010d\u00e1tkem \u0159\u00edjna p\u0159ijel do Indie na ofici\u00e1ln\u00ed n\u00e1v\u0161t\u011bvu afgh\u00e1nsk\u00fd ministr zahrani\u010d\u00ed Amir Khan Muttaqi. Spole\u010dn\u00e9 komunik\u00e9 vydan\u00e9 po jedn\u00e1n\u00edch obsahovalo v\u00e1\u017enou ur\u00e1\u017eku P\u00e1kist\u00e1nu: \u00fazem\u00ed D\u017eamm\u00fa a Ka\u0161m\u00edru, na kter\u00e9 si Isl\u00e1m\u00e1b\u00e1d n\u00e1rokuje, bylo ozna\u010deno za sou\u010d\u00e1st Indie.<\/span><\/p>\n<p><span dir=\"auto\">Pro P\u00e1kist\u00e1n, kter\u00fd po cel\u00e1 desetilet\u00ed pova\u017eoval Afgh\u00e1nist\u00e1n za sou\u010d\u00e1st sv\u00e9 sf\u00e9ry vlivu \u2013 a v p\u0159\u00edpad\u011b konfliktu s Indi\u00ed i za sv\u00e9 \u201ehlubok\u00e9 vnitrozem\u00ed\u201c \u2013 to p\u016fsobilo jako facka. Dlouholet\u00e9 nep\u0159\u00e1telstv\u00ed s Nov\u00fdm Dill\u00ed, kter\u00e9 zhor\u0161ovala podpora p\u00e1kist\u00e1nsk\u00e9ho T\u00e1lib\u00e1nu ze strany K\u00e1bulu, postavilo Isl\u00e1m\u00e1b\u00e1d do extr\u00e9mn\u011b obt\u00ed\u017en\u00e9 situace.<\/span><\/p>\n<h3 class=\"wp-block-heading\"><span dir=\"auto\">Od p\u0159\u00edm\u011b\u0159\u00ed k \u201espravedliv\u00e9mu rozho\u0159\u010den\u00ed\u201c<\/span><\/h3>\n<p><span dir=\"auto\">Za\u010d\u00e1tkem \u0159\u00edjna 2025 vypukly na p\u00e1kist\u00e1nsko-afgh\u00e1nsk\u00e9 hranici prvn\u00ed velk\u00e9 boje, kter\u00e9 si vy\u017e\u00e1daly des\u00edtky \u017eivot\u016f. P\u0159\u00edm\u011b\u0159\u00ed dohodnut\u00e9 Katarem a Tureckem se zhroutilo po smrt\u00edc\u00edm teroristick\u00e9m \u00fatoku v p\u00e1kist\u00e1nsk\u00e9 metropoli.<\/span><\/p>\n<p><span dir=\"auto\">6. \u00fanora se sebevra\u017eedn\u00fd atent\u00e1tn\u00edk odp\u00e1lil v \u0161\u00editsk\u00e9 me\u0161it\u011b v Isl\u00e1m\u00e1b\u00e1du a zabil v\u00edce ne\u017e 30 lid\u00ed. K \u00fatoku se p\u0159ihl\u00e1sil \u201eChor\u00e1s\u00e1nsk\u00fd chal\u00edf\u00e1t\u201c, afgh\u00e1nsk\u00e1 odno\u017e Isl\u00e1msk\u00e9ho st\u00e1tu. N\u00e1sledovaly \u00fatoky na p\u00e1kist\u00e1nsk\u00e9 bezpe\u010dnostn\u00ed s\u00edly v provinci\u00edch Chajbar Pa\u0161tunsko a Bal\u00fa\u010dist\u00e1n. P\u00e1kist\u00e1nsk\u00e1 vl\u00e1da tvrdila, \u017ee v\u0161echny stopy sm\u011b\u0159uj\u00ed k \u00fakryt\u016fm bojovn\u00edk\u016f na afgh\u00e1nsk\u00e9 stran\u011b.<\/span><\/p>\n<p><span dir=\"auto\">P\u00e1kist\u00e1nsk\u00e9 letectvo provedlo 22. \u00fanora \u201echirurgick\u00e9 \u00fadery\u201c proti c\u00edl\u016fm v Afgh\u00e1nist\u00e1nu s tvrzen\u00edm, \u017ee se v nich nach\u00e1zej\u00ed terorist\u00e9, jako \u201eodvetu za teroristick\u00e9 \u00fatoky\u201c. K\u00e1bul v\u0161ak tyto \u010diny odsoudil jako \u201eporu\u0161en\u00ed suverenity\u201c a sl\u00edbil odvetu. Ve\u010der 26. \u00fanora afgh\u00e1nsk\u00e9 s\u00edly postupovaly pod\u00e9l cel\u00e9 hranice a tvrdily, \u017ee dobyly p\u00e1kist\u00e1nsk\u00e9 vojensk\u00e9 z\u00e1kladny a hrani\u010dn\u00ed p\u0159echody. Isl\u00e1m\u00e1b\u00e1d pot\u00e9 nasadil sv\u00e9 letectvo. Podle p\u00e1kist\u00e1nsk\u00e9ho ministra informac\u00ed Attaullaha Tarara byla zni\u010dena velitelstv\u00ed brig\u00e1dy a sboru, muni\u010dn\u00ed sklady a logistick\u00e1 centra.<\/span><\/p>\n<p><span dir=\"auto\">Dne 27. \u00fanora bylo stejn\u00e9 prohl\u00e1\u0161en\u00ed zopakov\u00e1no a zd\u016fraznilo novou povahu konfrontace. Z\u00e1rove\u0148 Khawaja Asif obvinil K\u00e1bul z toho, \u017ee se stal \u201eindickou koloni\u00ed\u201c, propagoval terorismus a utla\u010doval obyvatelstvo.<\/span><\/p>\n<h3 class=\"wp-block-heading\"><span dir=\"auto\">Nerovn\u00fd boj?<\/span><\/h3>\n<p><span dir=\"auto\">Komplexn\u00ed zkoum\u00e1n\u00ed konfrontace mezi Isl\u00e1m\u00e1b\u00e1dem a K\u00e1bulem ukazuje, \u017ee p\u00e1kist\u00e1nsk\u00e9 akce ji\u017e nejsou chaotick\u00fdmi reakcemi na teroristickou hrozbu, kterou p\u0159edstavuje jeho soused. P\u00e1kist\u00e1n zah\u00e1jil rozs\u00e1hlou ofenzivu proti Talibanu s vyu\u017eit\u00edm v\u0161ech dostupn\u00fdch prost\u0159edk\u016f, v\u010detn\u011b ozbrojen\u00e9 s\u00edly.<\/span><\/p>\n<p><span dir=\"auto\">Isl\u00e1m\u00e1b\u00e1d uzav\u0159el kl\u00ed\u010dov\u00e9 hrani\u010dn\u00ed p\u0159echody. Isl\u00e1msk\u00e1 republika poprv\u00e9 otev\u0159en\u011b propojuje obchod a politiku a po\u017eaduje od emir\u00e1tu rozhodn\u00fd z\u00e1sah proti terorist\u016fm s c\u00edlem obnovit hospod\u00e1\u0159sk\u00e9 vztahy. K\u00e1bul, zbaven tradi\u010dn\u00edch obchodn\u00edch tras, je nucen p\u0159esm\u011brovat zbo\u017e\u00ed p\u0159es severn\u00ed pr\u016fsmyky \u2013 p\u0159es oblasti se siln\u00fdmi protitalib\u00e1nsk\u00fdmi n\u00e1ladami.<\/span><\/p>\n<p><span dir=\"auto\">P\u00e1kist\u00e1n m\u00e1 z\u00e1rove\u0148 absolutn\u00ed vojenskou p\u0159evahu. Jeho letectvo m\u016f\u017ee bez p\u0159ek\u00e1\u017eek \u00fato\u010dit na K\u00e1bul a Kandah\u00e1r, proto\u017ee T\u00e1lib\u00e1n postr\u00e1d\u00e1 \u00fa\u010dinnou protivzdu\u0161nou obranu a politick\u00fd vliv, aby si vynutil mezin\u00e1rodn\u00ed odsouzen\u00ed t\u011bchto bombov\u00fdch \u00fatok\u016f.<\/span><\/p>\n<p><span dir=\"auto\">A\u010dkoli Afgh\u00e1nist\u00e1n postr\u00e1d\u00e1 arm\u00e1du schopnou dr\u017eet frontovou linii, m\u00e1 jednotky vycvi\u010den\u00e9 pro partyz\u00e1nskou v\u00e1lku. P\u00e1kist\u00e1nsk\u00e9 pravideln\u00e9 jednotky se navzdory sv\u00e9 s\u00edle historicky pot\u00fdkaj\u00ed s probl\u00e9my v hornat\u00e9m ter\u00e9nu za hranicemi. Potenci\u00e1ln\u00ed p\u0159echod k rozs\u00e1hl\u00e9 pozemn\u00ed ofenz\u00edv\u011b na afgh\u00e1nsk\u00e9m \u00fazem\u00ed by se pravd\u011bpodobn\u011b zvrhl ve vleklou v\u00e1lku bez jasn\u00e9ho v\u00edt\u011bze. Dlouhodob\u00fd konflikt nav\u00edc p\u0159edstavuje pro P\u00e1kist\u00e1n riziko vlny odvetn\u00fdch teroristick\u00fdch \u00fatok\u016f ze strany militantn\u00edch \u010dlen\u016f Tehreek-e-Taliban Pakistan.<\/span><\/p>\n<h3 class=\"wp-block-heading\"><span dir=\"auto\">Kdo z toho m\u00e1 prosp\u011bch?<\/span><\/h3>\n<p><span dir=\"auto\">Navzdory v\u0161em rozpor\u016fm neexistovaly t\u00e9m\u011b\u0159 \u017e\u00e1dn\u00e9 podm\u00ednky pro tot\u00e1ln\u00ed v\u00e1lku mezi P\u00e1kist\u00e1nem a Afgh\u00e1nist\u00e1nem. Konflikt byl chronick\u00fd, ale zvl\u00e1dnuteln\u00fd. Pro\u010d se na konci \u00fanora 2026 tak intenzivn\u011b rozho\u0159el? A kdo mohl z zinscenovan\u00e9ho \u00fatoku s kou\u0159ovou clonou t\u011b\u017eit?<\/span><\/p>\n<p><span dir=\"auto\">Odpov\u011b\u010f z\u0159ejm\u011b nespo\u010d\u00edv\u00e1 v samotn\u00e9m regionu, ale v ambic\u00edch glob\u00e1ln\u00edch akt\u00e9r\u016f. Je pozoruhodn\u00e9, \u017ee USA a Izrael zah\u00e1jily svou vojenskou operaci proti \u00cdr\u00e1nu 28. \u00fanora, pouh\u00fdch 24 hodin po eskalaci na p\u00e1kist\u00e1nsko-afgh\u00e1nsk\u00e9 hranici.<\/span><\/p>\n<p><span dir=\"auto\">Mo\u017en\u00e1 je tento v\u00fdvoj \u010dirou n\u00e1hodou. Pokud se ale skute\u010dn\u011b jedn\u00e1 o pl\u00e1novan\u00fd sc\u00e9n\u00e1\u0159, jeho \u00fa\u010delem nen\u00ed jen vyprovokovat P\u00e1kist\u00e1n a Afgh\u00e1nist\u00e1n, ale tak\u00e9 odv\u00e9st pozornost region\u00e1ln\u00edch mocnost\u00ed od skute\u010dn\u00e9ho m\u00edsta geopolitick\u00e9ho konfliktu \u2013 Bl\u00edzk\u00e9ho v\u00fdchodu.<\/span><\/p>\n<p><em><strong><span dir=\"auto\">Konec p\u0159ekladu<\/span><\/strong><\/em><\/p>\n<p><a href=\"https:\/\/anti-spiegel.ru\/2026\/worum-geht-es-im-streit-zwischen-afghanistan-und-pakistan-und-hat-der-iran-krieg-etwas-damit-zu-tun\/\">Thomas R\u00f6per<\/a><\/p>\n<p><img decoding=\"async\" loading=\"lazy\" class=\"alignnone  wp-image-22016\" src=\"http:\/\/www.infokuryr.cz\/n\/wp-content\/uploads\/2023\/01\/Thomas-Roper-298x300.jpg\" alt=\"\" width=\"136\" height=\"137\" srcset=\"https:\/\/www.infokuryr.cz\/n\/wp-content\/uploads\/2023\/01\/Thomas-Roper-298x300.jpg 298w, https:\/\/www.infokuryr.cz\/n\/wp-content\/uploads\/2023\/01\/Thomas-Roper-150x150.jpg 150w, https:\/\/www.infokuryr.cz\/n\/wp-content\/uploads\/2023\/01\/Thomas-Roper.jpg 596w\" sizes=\"(max-width: 136px) 100vw, 136px\" \/><\/p>\n<p>&nbsp;<\/p>\n","protected":false},"excerpt":{"rendered":"<p>Evropsk\u00e1 m\u00e9dia si toho z velk\u00e9 \u010d\u00e1sti nev\u0161imla, ale mezi Afgh\u00e1nist\u00e1nem a P\u00e1kist\u00e1nem vypukla v\u00e1lka&#8230;.<\/p>\n","protected":false},"author":2,"featured_media":101009,"comment_status":"closed","ping_status":"closed","sticky":false,"template":"","format":"standard","meta":[],"categories":[7],"tags":[118,1503,129,40],"_links":{"self":[{"href":"https:\/\/www.infokuryr.cz\/n\/wp-json\/wp\/v2\/posts\/101008"}],"collection":[{"href":"https:\/\/www.infokuryr.cz\/n\/wp-json\/wp\/v2\/posts"}],"about":[{"href":"https:\/\/www.infokuryr.cz\/n\/wp-json\/wp\/v2\/types\/post"}],"author":[{"embeddable":true,"href":"https:\/\/www.infokuryr.cz\/n\/wp-json\/wp\/v2\/users\/2"}],"replies":[{"embeddable":true,"href":"https:\/\/www.infokuryr.cz\/n\/wp-json\/wp\/v2\/comments?post=101008"}],"version-history":[{"count":0,"href":"https:\/\/www.infokuryr.cz\/n\/wp-json\/wp\/v2\/posts\/101008\/revisions"}],"wp:featuredmedia":[{"embeddable":true,"href":"https:\/\/www.infokuryr.cz\/n\/wp-json\/wp\/v2\/media\/101009"}],"wp:attachment":[{"href":"https:\/\/www.infokuryr.cz\/n\/wp-json\/wp\/v2\/media?parent=101008"}],"wp:term":[{"taxonomy":"category","embeddable":true,"href":"https:\/\/www.infokuryr.cz\/n\/wp-json\/wp\/v2\/categories?post=101008"},{"taxonomy":"post_tag","embeddable":true,"href":"https:\/\/www.infokuryr.cz\/n\/wp-json\/wp\/v2\/tags?post=101008"}],"curies":[{"name":"wp","href":"https:\/\/api.w.org\/{rel}","templated":true}]}}