{"id":100974,"date":"2026-03-04T05:13:46","date_gmt":"2026-03-04T04:13:46","guid":{"rendered":"https:\/\/www.infokuryr.cz\/n\/?p=100974"},"modified":"2026-03-04T05:13:46","modified_gmt":"2026-03-04T04:13:46","slug":"americka-zakladna-v-kuvajtu-kde-bylo-zabito-sest-vojaku-nemela-opevneni","status":"publish","type":"post","link":"https:\/\/www.infokuryr.cz\/n\/2026\/03\/04\/americka-zakladna-v-kuvajtu-kde-bylo-zabito-sest-vojaku-nemela-opevneni\/","title":{"rendered":"Americk\u00e1 z\u00e1kladna v Kuvajtu, kde bylo zabito \u0161est voj\u00e1k\u016f, nem\u011bla opevn\u011bn\u00ed"},"content":{"rendered":"<div id=\"fb-root\"><\/div>\n<h3>Vojensk\u00e9 za\u0159\u00edzen\u00ed \u00fadajn\u011b nem\u011blo dostate\u010dnou ochranu p\u0159ed leteck\u00fdmi \u00fatoky, p\u0159esto\u017ee Pentagon tvrdil opak<\/h3>\n<p><span dir=\"auto\">\u0160est americk\u00fdch voj\u00e1k\u016f bylo v ned\u011bli zabito p\u0159i \u00edr\u00e1nsk\u00e9m \u00fatoku na vojenskou z\u00e1kladnu v Kuvajtu, potvrdil americk\u00fd ministr v\u00e1lky Pete Hegseth. Zat\u00edmco \u0161\u00e9f Pentagonu tvrdil, \u017ee obranu z\u00e1kladny prorazila jedin\u00e1 munice, zpr\u00e1vy v m\u00e9di\u00edch nazna\u010dovaly, \u017ee z\u00e1kladna postr\u00e1dala jak\u00e9koli \u0159\u00e1dn\u00e9 opevn\u011bn\u00ed ani protiletadlov\u00e9 prost\u0159edky.<\/span><\/p>\n<p><span dir=\"auto\">Americk\u00e1 arm\u00e1da p\u016fvodn\u011b uvedla, \u017ee v taktick\u00e9m opera\u010dn\u00edm st\u0159edisku v p\u0159\u00edstavu \u0160uajba byli zabiti t\u0159i voj\u00e1ci, Hegseth v\u0161ak v \u00fater\u00fd p\u0159ipustil, \u017ee se po\u010det ob\u011bt\u00ed zdvojn\u00e1sobil.<\/span><\/p>\n<p><em><span dir=\"auto\">\u201eOb\u010das se m\u016f\u017ee st\u00e1t, \u017ee se v\u00e1m [munice], bohu\u017eel \u0159\u00edk\u00e1me st\u0159\u00edkaj\u00edc\u00ed munice, kter\u00e1 si proraz\u00ed cestu skrz. A v tomto konkr\u00e9tn\u00edm p\u0159\u00edpad\u011b zas\u00e1hla opevn\u011bn\u00e9 taktick\u00e9 opera\u010dn\u00ed st\u0159edisko, ale tohle jsou siln\u00e9 zbran\u011b,\u201c<\/span><\/em><span dir=\"auto\">\u00a0\u0159ekl Hegseth na tiskov\u00e9 konferenci v Pentagonu.<\/span><\/p>\n<p><span dir=\"auto\">T\u0159i anonymn\u00ed ameri\u010dt\u00ed vojen\u0161t\u00ed p\u0159edstavitel\u00e9, kte\u0159\u00ed incident p\u0159\u00edmo znali, v\u0161ak televizi CBS News sd\u011blili, \u017ee opera\u010dn\u00ed st\u0159edisko bylo provizorn\u00ed kancel\u00e1\u0159\u00ed sest\u00e1vaj\u00edc\u00ed z trojit\u011b \u0161irok\u00e9ho p\u0159\u00edv\u011bsu \u2013 co\u017e je b\u011b\u017en\u00e9 pro americk\u00e9 vojensk\u00e9 z\u00e1kladny v zahrani\u010d\u00ed.<\/span><\/p>\n<p><span dir=\"auto\">Jedin\u00fdm opevn\u011bn\u00edm na m\u00edst\u011b byly podle zdroj\u016f takzvan\u00e9 T-zdi, prefabrikovan\u00e9 \u017eelezobetonov\u00e9 bari\u00e9ry vysok\u00e9 a\u017e 3,6 metru. Takov\u00e9 bari\u00e9ry americk\u00e1 arm\u00e1da hojn\u011b pou\u017e\u00edv\u00e1 k v\u00fdstavb\u011b obvodov\u00fdch zd\u00ed sv\u00fdch za\u0159\u00edzen\u00ed. I kdy\u017e poskytuj\u00ed ochranu p\u0159ed \u0161rapnely, palbou z ru\u010dn\u00edch paln\u00fdch zbran\u00ed a raketami, nepom\u00e1haj\u00ed proti leteck\u00fdm \u00fatok\u016fm.<\/span><\/p>\n<p><span dir=\"auto\">Zdroje uv\u00e1d\u011bj\u00ed, \u017ee za\u0159\u00edzen\u00ed pravd\u011bpodobn\u011b zas\u00e1hl kamikadze dron, kter\u00fd z\u0159ejm\u011b p\u0159\u00edmo zas\u00e1hl opera\u010dn\u00ed st\u0159edisko, co\u017e zp\u016fsobilo velk\u00fd po\u017e\u00e1r. N\u011bkter\u00e9 z nich tak\u00e9 tvrdily, \u017ee za\u0159\u00edzen\u00ed v p\u0159\u00edstavu nem\u011blo prost\u0159edky k zachycen\u00ed dron\u016f nebo jin\u00e9 munice.\u00a0<\/span><\/p>\n<p><em><span dir=\"auto\">\u201eV podstat\u011b jsme nem\u011bli \u017e\u00e1dnou schopnost porazit drony,\u201c<\/span><\/em><span dir=\"auto\">\u00a0uvedl jeden ze zdroj\u016f.<\/span><\/p>\n<p><span dir=\"auto\">Dva zdroje d\u00e1le sd\u011blily rozhlasov\u00e9 stanici, \u017ee si nepamatuj\u00ed, \u017ee by sly\u0161ely varovn\u00e9 sir\u00e9ny spojen\u00e9 se syst\u00e9my ur\u010den\u00fdmi k detekci p\u0159il\u00e9taj\u00edc\u00edch projektil\u016f. Alarmy se v dnech p\u0159ed smrt\u00edc\u00edm \u00fatokem opakovan\u011b spou\u0161t\u011bly a v n\u011bkter\u00fdch p\u0159\u00edpadech se drony v dob\u011b, kdy sir\u00e9na zazn\u011bla, ji\u017e nach\u00e1zely uvnit\u0159 z\u00e1kladny, uvedly zdroje.\u00a0<\/span><\/p>\n<p><img decoding=\"async\" loading=\"lazy\" class=\"alignnone size-full wp-image-1185\" src=\"http:\/\/www.infokuryr.cz\/n\/wp-content\/uploads\/2021\/04\/kuryr-podpis.png\" alt=\"\" width=\"84\" height=\"24\" \/><\/p>\n<p>&nbsp;<\/p>\n","protected":false},"excerpt":{"rendered":"<p>Vojensk\u00e9 za\u0159\u00edzen\u00ed \u00fadajn\u011b nem\u011blo dostate\u010dnou ochranu p\u0159ed leteck\u00fdmi \u00fatoky, p\u0159esto\u017ee Pentagon tvrdil opak \u0160est americk\u00fdch&#8230;<\/p>\n","protected":false},"author":2,"featured_media":100975,"comment_status":"closed","ping_status":"closed","sticky":false,"template":"","format":"standard","meta":[],"categories":[7],"tags":[6503,37,1737],"_links":{"self":[{"href":"https:\/\/www.infokuryr.cz\/n\/wp-json\/wp\/v2\/posts\/100974"}],"collection":[{"href":"https:\/\/www.infokuryr.cz\/n\/wp-json\/wp\/v2\/posts"}],"about":[{"href":"https:\/\/www.infokuryr.cz\/n\/wp-json\/wp\/v2\/types\/post"}],"author":[{"embeddable":true,"href":"https:\/\/www.infokuryr.cz\/n\/wp-json\/wp\/v2\/users\/2"}],"replies":[{"embeddable":true,"href":"https:\/\/www.infokuryr.cz\/n\/wp-json\/wp\/v2\/comments?post=100974"}],"version-history":[{"count":0,"href":"https:\/\/www.infokuryr.cz\/n\/wp-json\/wp\/v2\/posts\/100974\/revisions"}],"wp:featuredmedia":[{"embeddable":true,"href":"https:\/\/www.infokuryr.cz\/n\/wp-json\/wp\/v2\/media\/100975"}],"wp:attachment":[{"href":"https:\/\/www.infokuryr.cz\/n\/wp-json\/wp\/v2\/media?parent=100974"}],"wp:term":[{"taxonomy":"category","embeddable":true,"href":"https:\/\/www.infokuryr.cz\/n\/wp-json\/wp\/v2\/categories?post=100974"},{"taxonomy":"post_tag","embeddable":true,"href":"https:\/\/www.infokuryr.cz\/n\/wp-json\/wp\/v2\/tags?post=100974"}],"curies":[{"name":"wp","href":"https:\/\/api.w.org\/{rel}","templated":true}]}}