{"id":10097,"date":"2022-04-30T04:29:31","date_gmt":"2022-04-30T02:29:31","guid":{"rendered":"http:\/\/www.infokuryr.cz\/n\/?p=10097"},"modified":"2022-04-30T04:29:31","modified_gmt":"2022-04-30T02:29:31","slug":"poradce-prezidenta-zelenskeho-priznal-ze-ukrajinsti-vojaci-posilaji-pribuznym-zpravy-z-fronty-ze-valka-je-ztracena","status":"publish","type":"post","link":"https:\/\/www.infokuryr.cz\/n\/2022\/04\/30\/poradce-prezidenta-zelenskeho-priznal-ze-ukrajinsti-vojaci-posilaji-pribuznym-zpravy-z-fronty-ze-valka-je-ztracena\/","title":{"rendered":"Poradce prezidenta Zelensk\u00e9ho p\u0159iznal, \u017ee ukrajin\u0161t\u00ed voj\u00e1ci pos\u00edlaj\u00ed p\u0159\u00edbuzn\u00fdm zpr\u00e1vy z fronty, \u017ee v\u00e1lka je ztracena!"},"content":{"rendered":"<div id=\"fb-root\"><\/div>\n<h4>\u00a0Poradce prezidenta Zelensk\u00e9ho p\u0159iznal, \u017ee ukrajin\u0161t\u00ed voj\u00e1ci pos\u00edlaj\u00ed p\u0159\u00edbuzn\u00fdm zpr\u00e1vy z fronty, \u017ee v\u00e1lka je ztracena! Arestovi\u010d v rozhovoru p\u0159iznal, \u017ee Kyjev v z\u00e1jmu udr\u017een\u00ed mor\u00e1lky arm\u00e1dy pou\u017e\u00edv\u00e1 psychologick\u00e9 operace a jako p\u0159\u00edklad uvedl medi\u00e1ln\u00ed obraz obr\u00e1nc\u016f Mariupolu, kte\u0159\u00ed jsou Kyjevem vykreslov\u00e1ni jako hrdinov\u00e9, ale ve skute\u010dnosti jejich situace je podle Arestovi\u010de u\u017e definitivn\u011b zpe\u010det\u011bna a beznad\u011bjn\u00e1! A \u010cesk\u00e1 republika bude v nejbli\u017e\u0161\u00edch dnech z\u0159ejm\u011b odst\u0159i\u017eena od rusk\u00e9ho plynu, na\u0161\u00ed redakci to potvrdil rusk\u00fd zdroj s odvol\u00e1n\u00edm na Kreml! Pod\u011bkujte Fialovi a jeho vl\u00e1d\u011b!<\/h4>\n<p>Poradce prezidenta Volodymyra Zelensk\u00e9ho odp\u00e1lil ve \u010dtvrtek v po\u0159adu Marka Fejgina naprostou informa\u010dn\u00ed bombu. Hlavn\u00ed propagandista Kyjeva Alexej Arestovi\u010d toti\u017e uvedl, \u017ee\u00a0<strong>spousta ukrajinsk\u00fdch voj\u00e1k\u016f za\u010dala propadat beznad\u011bji a za\u010dali zasyp\u00e1vat sv\u00e9 p\u0159\u00edbuzn\u00e9 zpr\u00e1vami p\u0159es soci\u00e1ln\u00ed s\u00edt\u011b a mobiln\u00ed telefony, \u017ee v\u00e1lka s Ruskem je ztracen\u00e1.<\/strong>\u00a0Spole\u010dn\u011b s t\u00edm ukrajin\u0161t\u00ed voj\u00e1ci publikuj\u00ed na s\u00edt\u00edch i informace o zahrani\u010dn\u00edch bojovn\u00edc\u00edch, \u010deho\u017e podle Arestovi\u010de hned vyu\u017e\u00edv\u00e1 Rusko, aby psychologicky \u00fapln\u011b rozvr\u00e1tilo ukrajinskou arm\u00e1du.<\/p>\n<p>&nbsp;<\/p>\n<div id=\"rumble_v10bjdt\">\n<div id=\"vid_v10bjdt\" class=\"rumble_v10bjdt-Rumble-cls\">\n<div class=\"bigPlayUI ctp\">\n<div class=\"bigPlayUIInner ctp\"><div class='videoWrapper'>\r\n\t            <iframe src='https:\/\/rumble.com\/embed\/pj.v10bjdt\/' frameborder='0' allowfullscreen><\/iframe>\r\n\t        <\/div><\/div>\n<\/div>\n<\/div>\n<\/div>\n<p>&nbsp;<\/p>\n<p>Arestovi\u010d vysv\u011btlil, \u017ee Kyjev je nucen pou\u017e\u00edvat psychologick\u00e9 operace, to znamen\u00e1 zahlcovat z\u00e1padn\u00ed m\u00e9dia dezinformacemi o v\u00edt\u011bzn\u00fdch operac\u00edch ukrajinsk\u00e9 arm\u00e1dy, o hrdinn\u00fdch \u010dinech ukrajinsk\u00fdch voj\u00e1k\u016f a jako p\u0159\u00edklad uvedl obr\u00e1nce v Mariupolu, kte\u0159\u00ed se ukr\u00fdvaj\u00ed v protiatomov\u00fdch bunkrech v podzem\u00ed hutn\u00edho komplexu Azovstal. Tito voj\u00e1ci nad\u00e1le jako napadaj\u00ed Ruskou arm\u00e1du, i kdy\u017e ve skute\u010dnosti pode Arestovi\u010de je jejich situace ji\u017e beznad\u011bjn\u00e1 a Putinovi nezp\u016fsobuj\u00ed u\u017e \u017e\u00e1dn\u00e9 \u0161kody. Ale pro pot\u0159eby PsyOp propagandy Kyjeva jsou velice t\u00edm p\u00e1dem u\u017eite\u010dn\u00ed. Mark Fejgin jenom nev\u011b\u0159\u00edcn\u011b na tento v\u00fdrok pokr\u010dil bradu.<\/p>\n<h6><span style=\"font-size: 18pt;\">Hlavn\u00ed propagandista Kyjeva prozradil, \u017ee ukrajin\u0161t\u00ed voj\u00e1ci ji\u017e maj\u00ed v\u00e1lku s Ruskem za ztracenou<\/span><\/h6>\n<p><strong>Toto d\u016fv\u011brn\u00e9 p\u0159izn\u00e1n\u00ed skute\u010dn\u00e9 situace na front\u011b p\u0159\u00edmo z \u00fast hlavn\u00edho propagandisty Kyjeva pouze dokresluje kritickou situaci ukrajinsk\u00e9 arm\u00e1dy.<\/strong>\u00a0Ta je na hony vzd\u00e1len\u00e1 tomu, co o n\u00ed 24 hodin denn\u011b vys\u00edlaj\u00ed z\u00e1padn\u00ed a jmenovit\u011b \u010desk\u00e1 m\u00e9dia, servery mainstreamu a televize. V\u0161echno, co v \u010cR sly\u0161\u00edte a vid\u00edte v ofici\u00e1ln\u00edch velk\u00fdch m\u00e9di\u00edch, je ve skute\u010dnost PsyOp opat\u0159en\u00ed, tedy psychologick\u00e1 operace na p\u0159eprogramov\u00e1n\u00ed my\u0161len\u00ed obyvatelstva. Pr\u00e1v\u011b proto musela Fialova vl\u00e1da zablokovat alternativn\u00ed weby, proto\u017ee ty by efektivn\u011b ni\u010dily a rozb\u00edjely tuto psychologickou operaci na Z\u00e1pad\u011b a mezi \u0161irokou ve\u0159ejnost\u00ed.<\/p>\n<figure id=\"attachment_51498\" class=\"wp-caption aligncenter\" style=\"width: 895px;\"><a href=\"https:\/\/aeronet.news\/wp-content\/uploads\/AlexejArestovichUAflag.jpg\"><img decoding=\"async\" loading=\"lazy\" class=\"wp-image-51498 \" src=\"https:\/\/aeronet.news\/wp-content\/uploads\/AlexejArestovichUAflag.jpg\" sizes=\"(max-width: 926px) 100vw, 926px\" srcset=\"https:\/\/aeronet.news\/wp-content\/uploads\/AlexejArestovichUAflag.jpg 926w, https:\/\/aeronet.news\/wp-content\/uploads\/AlexejArestovichUAflag-300x163.jpg 300w, https:\/\/aeronet.news\/wp-content\/uploads\/AlexejArestovichUAflag-768x417.jpg 768w, https:\/\/aeronet.news\/wp-content\/uploads\/AlexejArestovichUAflag-700x380.jpg 700w, https:\/\/aeronet.news\/wp-content\/uploads\/AlexejArestovichUAflag-657x357.jpg 657w, https:\/\/aeronet.news\/wp-content\/uploads\/AlexejArestovichUAflag-889x483.jpg 889w\" alt=\"\" width=\"895\" height=\"486\" \/><\/a><figcaption class=\"wp-caption-text\">Alexej Arestovi\u010d, poradce prezidenta Zelensk\u00e9ho a hlavn\u00ed propagandista v\u00e1le\u010dn\u00e9ho \u00fasil\u00ed Ukrajiny<\/figcaption><\/figure>\n<p>Blokac\u00ed se \u010d\u00e1ste\u010dn\u011b, i kdy\u017e jen velmi nepatrn\u011b, sn\u00ed\u017eil dosah alternativy, minim\u00e1ln\u011b u n\u00e1s na Aeronetu jsme nejen zp\u00e1tky na p\u016fvodn\u00edch \u010d\u00edslech na\u0161\u00ed star\u00e9 n\u00e1v\u0161t\u011bvnosti, ale nav\u00edc jsme z\u00edskali dal\u0161\u00edch t\u00e9m\u011b\u0159 30% nov\u00fdch \u010dten\u00e1\u0159\u016f. Zablokov\u00e1n\u00ed n\u00e1m tak zajistilo obrovskou a nev\u00eddanou reklamu, jakou jsme dosud neza\u017eili od po\u010d\u00e1tku provozu na\u0161eho serveru v roce 2014. Znovu se uk\u00e1zalo, \u017ee negativn\u00ed reklama je nejsiln\u011bj\u0161\u00edm reklamn\u00edm zesilova\u010dem na\u0161eho dosahu. Ka\u017edop\u00e1dn\u011b to ale nelze ch\u00e1pat tak, \u017ee blokov\u00e1n\u00ed je v po\u0159\u00e1dku. To ani omylem, ale pouze to znamen\u00e1, \u017ee blokov\u00e1n\u00ed a zakazov\u00e1n\u00ed paradoxn\u011b p\u0159itahuje z\u00e1jem ve\u0159ejnosti jako supermagnet.<\/p>\n<h6><span style=\"font-size: 18pt;\">Rusko odst\u0159ihne \u010cR od plynu v kr\u00e1tk\u00e9 dob\u011b, Petr Fiala to ve Var\u0161av\u011b pohnojil. Noty z Washingtonu jsou holt noty z Washingtonu<\/span><\/h6>\n<p>Fialovu vl\u00e1du \u010dek\u00e1 v nejbli\u017e\u0161\u00ed dob\u011b boj o p\u0159e\u017eit\u00ed, proto\u017ee na\u0161e redakce dnes v p\u00e1tek dostala exkluzivn\u00ed informaci od rusk\u00fdch novin\u00e1\u0159\u016f s odkazem na zdroje v Kremlu. \u010cesk\u00e1 republika v nejbli\u017e\u0161\u00edch dnech z\u0159ejm\u011b p\u0159ijde o dod\u00e1vky rusk\u00e9ho plynu, a to v d\u016fsledku dne\u0161n\u00edho v\u00fdroku\u00a0<strong>[<a href=\"https:\/\/href.li\/?https:\/\/ria.ru\/20220429\/chekhiya-1786166408.html\" target=\"_blank\" rel=\"nofollow noopener\">1<\/a>]<\/strong>\u00a0premi\u00e9ra Petra Fialy ve Var\u0161av\u011b, kde prohl\u00e1sil, \u017ee \u010cR nebude Rusku za plyn platit v rublech. Informaci na\u0161\u00ed redakci potvrdil rusk\u00fd novin\u00e1\u0159sk\u00fd zdroj bl\u00edzk\u00fd Kremlu.\u00a0<strong>Pokud dojde k zastaven\u00ed dod\u00e1vek, tak \u010desk\u00e1 vl\u00e1da to pr\u00fd ve spolupr\u00e1ci s Polskem vy\u0159e\u0161\u00ed jinak, a to dod\u00e1vkami 3,6x dra\u017e\u0161\u00edho americk\u00e9ho zkapaln\u011bn\u00e9ho plynu<\/strong>, kter\u00fd ale po zapo\u010dten\u00ed mar\u017e\u00ed a transfer\u016f bude a\u017e 5x dra\u017e\u0161\u00ed, ne\u017e sou\u010dasn\u00e9 koncov\u00e9 platby dom\u00e1cnost\u00ed. Nejv\u011bt\u0161\u00ed dopad to bude m\u00edt na pr\u016fmysl a rovn\u011b\u017e potravin\u00e1\u0159stv\u00ed.<\/p>\n<figure id=\"attachment_51242\" class=\"wp-caption aligncenter\" style=\"width: 518px;\"><a href=\"https:\/\/aeronet.news\/wp-content\/uploads\/FialaTopis.jpg\"><img decoding=\"async\" loading=\"lazy\" class=\"wp-image-51242 \" src=\"https:\/\/aeronet.news\/wp-content\/uploads\/FialaTopis.jpg\" sizes=\"(max-width: 720px) 100vw, 720px\" srcset=\"https:\/\/aeronet.news\/wp-content\/uploads\/FialaTopis.jpg 720w, https:\/\/aeronet.news\/wp-content\/uploads\/FialaTopis-239x300.jpg 239w, https:\/\/aeronet.news\/wp-content\/uploads\/FialaTopis-700x880.jpg 700w, https:\/\/aeronet.news\/wp-content\/uploads\/FialaTopis-284x357.jpg 284w, https:\/\/aeronet.news\/wp-content\/uploads\/FialaTopis-384x483.jpg 384w\" alt=\"\" width=\"518\" height=\"651\" \/><\/a><figcaption class=\"wp-caption-text\">Toto u\u017e brzy nebude jen vtipn\u00e1 kol\u00e1\u017e, brzy to bude realita v \u010cR<\/figcaption><\/figure>\n<p>Neochota Fialovy vl\u00e1dy platit za rusk\u00fd plyn rublem vych\u00e1z\u00ed z pokyn\u016f americk\u00e9ho velvyslanectv\u00ed, kter\u00e9 \u00fakoluje Fialovu vl\u00e1du p\u0159\u00edslu\u0161n\u00fdmi direktivami, kter\u00e9 proud\u00ed do Strakovy akademie zpoza oce\u00e1nu.\u00a0<strong>Pokud by Praha za\u010dala platit rublem za plyn, za\u010dala by se t\u00edm pod\u00edlet na budov\u00e1n\u00ed rusk\u00e9ho petrorublu a naopak na oslabov\u00e1n\u00ed americk\u00e9ho petrodolaru. Je to naprosto jednoduch\u00e9.<\/strong>\u00a0Dlouhodob\u00fd v\u00fdpadek rusk\u00e9ho plynu ale bude m\u00edt kritick\u00fd dopad na \u010desk\u00fd pr\u016fmysl, kter\u00fd si nebude moci dovolit udr\u017eet rozsah v\u00fdroby a produkce podlo\u017een\u00e9 drah\u00fdm LNG plynem z USA.<\/p>\n<p>R\u00e1mcov\u011b bude ten plyn dra\u017e\u0161\u00ed 5x jen v ide\u00e1ln\u00edm p\u0159\u00edpad\u011b za p\u0159\u00edzniv\u00fdch podm\u00ednek v l\u00e9t\u011b, ale jakmile za\u010dne podzim a plyn bude po\u017eadov\u00e1n i dom\u00e1cnostmi na topen\u00ed, cena za plyn pro pr\u016fmysl vylet\u00ed do takov\u00fdch n\u00e1sobk\u016f, \u017ee to podniky neustoj\u00ed a budou muset kr\u00e1tit v\u00fdrobu, proto\u017ee v ekonomice plat\u00ed, \u017ee do koncov\u00e9 ceny produktu m\u016f\u017eete prom\u00edtnout jen takov\u00e9 n\u00e1klady, kter\u00e9 nezni\u010d\u00ed va\u0161i konkurenceschopnost.<\/p>\n<h6><span style=\"font-size: 18pt;\">Podniky v \u010cR americk\u00e9 ceny za americk\u00fd LNG plyn dlouhodob\u011b neustoj\u00ed<\/span><\/h6>\n<p>A prom\u00edtnout do ceny potravin, pe\u010diva, textiln\u00edho pr\u016fmyslu, chemick\u00e9ho pr\u016fmyslu a zejm\u00e9na stroj\u00edrensk\u00e9ho a automobilov\u00e9ho pr\u016fmyslu plynov\u00e9 n\u00e1klady, kter\u00e9 budou 10x, 20x nebo i v\u00edcekr\u00e1t vy\u0161\u0161\u00ed ne\u017e v p\u0159\u00edpad\u011b rusk\u00e9ho plynu, zkr\u00e1tka povede ke kr\u00e1cen\u00ed sm\u011bn a posl\u00e9ze k propou\u0161t\u011bn\u00ed zam\u011bstnanc\u016f.\u00a0<strong>Za toto v\u0161echno brzy budou moci \u010de\u0161t\u00ed zam\u011bstnanci pod\u011bkovat diletant\u016fm z \u010desk\u00e9 vl\u00e1dy v \u010dele s fialov\u00fdm\u00a0<em>Harry Potterem<\/em>.<\/strong>\u00a0Lid\u00e9 budou prokl\u00ednat Fialovu vl\u00e1du od r\u00e1na do ve\u010dera a rodiny \u010dlen\u016f vl\u00e1dy dostanou bezpe\u010dnostn\u00ed ochranky, o tom se ji\u017e dokonce neform\u00e1ln\u011b jednalo v okruhu vl\u00e1dy minul\u00fd t\u00fdden. Za\u010d\u00ednaj\u00ed m\u00edt strach. Postupn\u011b se toti\u017e za\u010dne ukazovat, \u017ee vl\u00e1da bude d\u011blat americkou politiku proti z\u00e1jm\u016fm \u010desk\u00e9ho lidu a \u010desk\u00fdch dom\u00e1cnost\u00ed tak okat\u011b, a\u017e to za\u010dne lidem vadit ve chv\u00edli, kdy se to za\u010dne dot\u00fdkat jejich pen\u011b\u017eenek.<\/p>\n<figure id=\"attachment_51499\" class=\"wp-caption aligncenter\" style=\"width: 689px;\"><a href=\"https:\/\/aeronet.news\/wp-content\/uploads\/MarkFeygin.jpg\"><img decoding=\"async\" loading=\"lazy\" class=\"wp-image-51499 \" src=\"https:\/\/aeronet.news\/wp-content\/uploads\/MarkFeygin-1024x576.jpg\" sizes=\"(max-width: 700px) 100vw, 700px\" srcset=\"https:\/\/aeronet.news\/wp-content\/uploads\/MarkFeygin-1024x576.jpg 1024w, https:\/\/aeronet.news\/wp-content\/uploads\/MarkFeygin-300x169.jpg 300w, https:\/\/aeronet.news\/wp-content\/uploads\/MarkFeygin-768x432.jpg 768w, https:\/\/aeronet.news\/wp-content\/uploads\/MarkFeygin-700x394.jpg 700w, https:\/\/aeronet.news\/wp-content\/uploads\/MarkFeygin-635x357.jpg 635w, https:\/\/aeronet.news\/wp-content\/uploads\/MarkFeygin-859x483.jpg 859w, https:\/\/aeronet.news\/wp-content\/uploads\/MarkFeygin.jpg 1280w\" alt=\"\" width=\"689\" height=\"388\" \/><\/a><figcaption class=\"wp-caption-text\">Mark Fejgin, b\u00fdval\u00fd rusk\u00fd poslanec a b\u00fdval\u00fd pr\u00e1vn\u00edk Pussy Riot<\/figcaption><\/figure>\n<p>Rusk\u00fd rubl nad\u00e1le posiluje a v americk\u00e9m FEDu z toho vznik\u00e1 neb\u00fdval\u00e1 panika, proto\u017ee Rusko za\u010dalo tvrd\u011b budovat sv\u016fj plynov\u00fd a rovn\u011b\u017e ropn\u00fd petrorubl a n\u011bkter\u00e9 evropsk\u00e9 zem\u011b ji\u017e na to p\u0159istoupily, proto\u017ee plynov\u00fd spor\u00e1k je bli\u017e\u0161\u00ed ne\u017e americk\u00e1 vlajka, pota\u017emo \u0159e\u010deno. V tomto ohledu se ji\u017e za\u0159\u00eddili Italov\u00e9, ale pokud jde o st\u00e1ty Trojmo\u0159\u00ed, v nich nebude dovoleno nakupovat od Ruska nic, a za rubly u\u017e tuplem ne. Proto ochota platit za plyn rubly je lakmusov\u00fdm pap\u00edrkem americk\u00e9 st\u00e1tn\u00ed moci v Evrop\u011b.\u00a0<strong>Zem\u011b, kter\u00e9 ost\u0159e rubl odm\u00edtaj\u00ed, jsou pln\u011b \u0159\u00edzeny a v podru\u010d\u00ed americk\u00e9 zahrani\u010dn\u00ed administrativy.<\/strong>\u00a0Proto je t\u0159eba si uv\u011bdomit, \u017ee sou\u010dasn\u00e1 \u010desk\u00e1 vl\u00e1da u\u017e by se vlastn\u011b nem\u011bla ozna\u010dovat za \u010deskou, ale za protektor\u00e1tn\u00ed, tedy za vl\u00e1du americk\u00e9ho protektor\u00e1tu nad \u010desk\u00fdmi a moravsk\u00fdmi zem\u011bmi.<\/p>\n<h6><span style=\"font-size: 18pt;\">Polsko chyst\u00e1 invazi na z\u00e1padn\u00ed Ukrajinu pod rou\u0161kou m\u00edrov\u00e9 mise a ochrany proti rusk\u00e9 agresi<\/span><\/h6>\n<p>Polsko se podle rusk\u00fdch zdroj\u016f sna\u017e\u00ed naj\u00edt spojence pro pl\u00e1n okupace z\u00e1padn\u00ed Ukrajiny. Zat\u00edm nikdo nechce Var\u0161avu v tomto pl\u00e1nu podpo\u0159it, ale Petr Fiala je v Polsku a\u017e p\u0159\u00edli\u0161 \u010dasto, proto je pot\u0159eba Fialu kontrolovat a sledovat, jestli n\u00e1hodou nedojedn\u00e1v\u00e1 spolu\u00fa\u010dast \u010desk\u00e9 arm\u00e1dy na tzv. polsk\u00e9 m\u00edrov\u00e9 misi na z\u00e1padn\u00ed Ukrajin\u011b. Rusk\u00e1 zahrani\u010dn\u00ed rozv\u011bdka SVR v\u010dera p\u0159inesla informaci, \u017ee Polsko intenzivn\u011b p\u0159ipravuje tento sc\u00e9n\u00e1\u0159, kter\u00fd by vedl de facto k rozd\u011blen\u00ed Ukrajiny.\u00a0<strong>Zpravodajsk\u00e9 informace SVR, kter\u00e9 Rusko z\u00edskalo, nazna\u010duj\u00ed [<a href=\"https:\/\/href.li\/?https:\/\/www.rt.com\/russia\/554671-poland-ukraine-spy-split\/\" target=\"_blank\" rel=\"nofollow noopener\">2<\/a>], \u017ee Polsko a USA pracuj\u00ed na pl\u00e1nu Var\u0161avy z\u00edskat zp\u011bt kontrolu nad ukrajinsk\u00fdmi oblastmi, kter\u00e9 Var\u0161ava pova\u017euje za \u201c<em>historicky pat\u0159\u00edc\u00ed k Polsku<\/em>\u201c<\/strong>, uvedl \u0161\u00e9f moskevsk\u00e9 Slu\u017eby zahrani\u010dn\u00ed rozv\u011bdky (SVR) Sergej Nary\u0161kin. P\u0159esn\u011b o tomto mo\u017en\u00e9m sc\u00e9n\u00e1\u0159i o rozd\u011blen\u00ed Ukrajiny jsem psal tady na Aeronetu ji\u017e p\u0159ed n\u011bkolika t\u00fddny. A nyn\u00ed tedy na\u0161e informace potvrzuje i \u0161\u00e9f rusk\u00e9 rozv\u011bdky.<\/p>\n<figure id=\"attachment_51497\" class=\"wp-caption aligncenter\" style=\"width: 686px;\"><a href=\"https:\/\/aeronet.news\/wp-content\/uploads\/SergejNaryshkin.jpg\"><img decoding=\"async\" loading=\"lazy\" class=\"wp-image-51497 \" src=\"https:\/\/aeronet.news\/wp-content\/uploads\/SergejNaryshkin-1024x640.jpg\" sizes=\"(max-width: 700px) 100vw, 700px\" srcset=\"https:\/\/aeronet.news\/wp-content\/uploads\/SergejNaryshkin-1024x640.jpg 1024w, https:\/\/aeronet.news\/wp-content\/uploads\/SergejNaryshkin-300x188.jpg 300w, https:\/\/aeronet.news\/wp-content\/uploads\/SergejNaryshkin-768x480.jpg 768w, https:\/\/aeronet.news\/wp-content\/uploads\/SergejNaryshkin-700x438.jpg 700w, https:\/\/aeronet.news\/wp-content\/uploads\/SergejNaryshkin-571x357.jpg 571w, https:\/\/aeronet.news\/wp-content\/uploads\/SergejNaryshkin-773x483.jpg 773w, https:\/\/aeronet.news\/wp-content\/uploads\/SergejNaryshkin.jpg 1280w\" alt=\"\" width=\"686\" height=\"429\" \/><\/a><figcaption class=\"wp-caption-text\">Sergej Nary\u0161kin, \u0159editel rusk\u00e9 zahrani\u010dn\u00ed rozv\u011bdky SVR<\/figcaption><\/figure>\n<p>Podle \u00fadajn\u00e9ho pl\u00e1nu budou v prvn\u00ed f\u00e1zi tohoto \u201c<em>znovusjednocen\u00ed<\/em>\u201d na z\u00e1padn\u00ed Ukrajin\u011b rozm\u00edst\u011bny polsk\u00e9 \u201c<em>m\u00edrov\u00e9 jednotky<\/em>\u201d pod z\u00e1minkou \u201c<em>ochrany p\u0159ed ruskou agres\u00ed<\/em>\u201c, nast\u00ednil Nary\u0161kin ve \u010dtvrte\u010dn\u00edm prohl\u00e1\u0161en\u00ed. Podrobnosti operace jsou nyn\u00ed projedn\u00e1v\u00e1ny mezi Var\u0161avou a vl\u00e1dou USA, tvrdil a dodal, \u017ee operace m\u00e1 b\u00fdt provedena bez mand\u00e1tu NATO a \u00fa\u010dastnit se j\u00ed maj\u00ed pouze dobrovolnick\u00e9 st\u00e1ty. Ve h\u0159e jsou podle informac\u00ed \u010cesk\u00e1 republika, Slovensko, Slovinsko a Pobaltsk\u00e9 st\u00e1ty. Var\u0161av\u011b se ale zat\u00edm nepoda\u0159ilo naj\u00edt \u017e\u00e1dn\u00e9 zem\u011b, kter\u00e9 by se k n\u00ed p\u0159ipojily, dodal.\u00a0<strong>Polsk\u00e9 \u00fa\u0159ady to v\u0161ak neznepokojuje, proto\u017ee cht\u011bj\u00ed minimalizovat po\u010det \u201c<em>zbyte\u010dn\u00fdch sv\u011bdk\u016f<\/em>\u201d sv\u00fdch akc\u00ed, uvedl Nary\u0161kin.<\/strong>\u00a0Na\u0161\u00ed redakci proto znepokojuj\u00ed p\u0159\u00edli\u0161 \u010dast\u00e9 Fialovy n\u00e1v\u0161t\u011bvy v Polsku a s polsk\u00fdmi politiky. To nen\u00ed jenom tak.<\/p>\n<p>-VK- \u0160\u00e9fredaktor AE News<\/p>\n<p><a href=\"https:\/\/aeronet.news\/video-poradce-prezidenta-zelenskeho-priznal-ze-ukrajinsti-vojaci-posilaji-pribuznym-zpravy-z-fronty-ze-valka-je-ztracena-arestovic-v-rozhovoru-priznal-ze-kyjev-v-zajmu-udrzeni-moralky-armady\/\">ZDROJ<\/a><\/p>\n<p>&nbsp;<\/p>\n","protected":false},"excerpt":{"rendered":"<p>\u00a0Poradce prezidenta Zelensk\u00e9ho p\u0159iznal, \u017ee ukrajin\u0161t\u00ed voj\u00e1ci pos\u00edlaj\u00ed p\u0159\u00edbuzn\u00fdm zpr\u00e1vy z fronty, \u017ee v\u00e1lka je&#8230;<\/p>\n","protected":false},"author":2,"featured_media":10098,"comment_status":"closed","ping_status":"closed","sticky":false,"template":"","format":"standard","meta":[],"categories":[7],"tags":[31,22,26,37,40],"_links":{"self":[{"href":"https:\/\/www.infokuryr.cz\/n\/wp-json\/wp\/v2\/posts\/10097"}],"collection":[{"href":"https:\/\/www.infokuryr.cz\/n\/wp-json\/wp\/v2\/posts"}],"about":[{"href":"https:\/\/www.infokuryr.cz\/n\/wp-json\/wp\/v2\/types\/post"}],"author":[{"embeddable":true,"href":"https:\/\/www.infokuryr.cz\/n\/wp-json\/wp\/v2\/users\/2"}],"replies":[{"embeddable":true,"href":"https:\/\/www.infokuryr.cz\/n\/wp-json\/wp\/v2\/comments?post=10097"}],"version-history":[{"count":0,"href":"https:\/\/www.infokuryr.cz\/n\/wp-json\/wp\/v2\/posts\/10097\/revisions"}],"wp:featuredmedia":[{"embeddable":true,"href":"https:\/\/www.infokuryr.cz\/n\/wp-json\/wp\/v2\/media\/10098"}],"wp:attachment":[{"href":"https:\/\/www.infokuryr.cz\/n\/wp-json\/wp\/v2\/media?parent=10097"}],"wp:term":[{"taxonomy":"category","embeddable":true,"href":"https:\/\/www.infokuryr.cz\/n\/wp-json\/wp\/v2\/categories?post=10097"},{"taxonomy":"post_tag","embeddable":true,"href":"https:\/\/www.infokuryr.cz\/n\/wp-json\/wp\/v2\/tags?post=10097"}],"curies":[{"name":"wp","href":"https:\/\/api.w.org\/{rel}","templated":true}]}}