{"id":100967,"date":"2026-03-04T05:05:34","date_gmt":"2026-03-04T04:05:34","guid":{"rendered":"https:\/\/www.infokuryr.cz\/n\/?p=100967"},"modified":"2026-03-04T05:05:34","modified_gmt":"2026-03-04T04:05:34","slug":"valka-s-iranem-muze-eu-primet-k-ruskemu-plynu-klicovemu-dodavateli","status":"publish","type":"post","link":"https:\/\/www.infokuryr.cz\/n\/2026\/03\/04\/valka-s-iranem-muze-eu-primet-k-ruskemu-plynu-klicovemu-dodavateli\/","title":{"rendered":"V\u00e1lka s \u00cdr\u00e1nem m\u016f\u017ee EU p\u0159im\u011bt k rusk\u00e9mu plynu \u2013 kl\u00ed\u010dov\u00e9mu dodavateli"},"content":{"rendered":"<div id=\"fb-root\"><\/div>\n<h3>Norsk\u00fd ministr energetiky uvedl, \u017ee \u0161ok v dod\u00e1vk\u00e1ch na Bl\u00edzk\u00e9m v\u00fdchod\u011b by mohl o\u017eivit debatu o dovozu z Moskvy<\/h3>\n<p><span dir=\"auto\">Norsk\u00fd ministr energetiky Terje Aasland \u00fadajn\u011b nazna\u010dil, \u017ee konflikt na Bl\u00edzk\u00e9m v\u00fdchod\u011b by mohl donutit EU, aby p\u0159\u00ed\u0161t\u00ed rok zru\u0161ila sv\u00e9 pl\u00e1ny na opu\u0161t\u011bn\u00ed rusk\u00e9ho zemn\u00edho plynu.<\/span><\/p>\n<p><span dir=\"auto\">Evropsk\u00e9 ceny plynu tento t\u00fdden vzrostly o 75 % a dos\u00e1hly t\u0159\u00edlet\u00e9ho maxima, ukazuj\u00ed obchodn\u00ed \u00fadaje. K tomuto n\u00e1r\u016fstu doch\u00e1z\u00ed v souvislosti s americko-izraelskou kampan\u00ed proti \u00cdr\u00e1nu a odvetn\u00fdmi \u00fadery Teher\u00e1nu na cel\u00e9m Bl\u00edzk\u00e9m v\u00fdchod\u011b.<\/span><\/p>\n<p><span dir=\"auto\">\u00datoky donutily tankery p\u0159epravuj\u00edc\u00ed zkapaln\u011bn\u00fd zemn\u00ed plyn (LNG) z velk\u00e9 \u010d\u00e1sti zastavit tranzit Hormuzsk\u00fdm pr\u016flivem a v pond\u011bl\u00ed zp\u016fsobily, \u017ee druh\u00fd nejv\u011bt\u0161\u00ed v\u00fdvozce LNG na sv\u011bt\u011b Katar zastavil v\u00fdrobu.<\/span><\/p>\n<p><em><span dir=\"auto\">\u201eVzhledem k sou\u010dasn\u00e9 geopolitick\u00e9 situaci se domn\u00edv\u00e1m, \u017ee debata [o obnoven\u00ed dovozu rusk\u00e9ho plynu] bude o\u017eivena,\u201c<\/span><\/em><span dir=\"auto\">\u00a0\u0159ekl Aasland v \u00fater\u00fd na tiskov\u00e9 konferenci v Oslu, citoval ho agentura Reuters.<\/span><\/p>\n<p><span dir=\"auto\">Poznamenal, \u017ee Norsko, nejv\u011bt\u0161\u00ed dodavatel plynu z plynovod\u016f do EU, ji\u017e\u00a0<\/span><em><span dir=\"auto\">\u201et\u011b\u017e\u00ed na plnou kapacitu\u201c.<\/span><\/em><span dir=\"auto\">\u00a0\u017d\u00e1dn\u00e1 dal\u0161\u00ed produkce se podle n\u011bj nenach\u00e1z\u00ed, uvedl s odvol\u00e1n\u00edm na agenturu Bloomberg.<\/span><\/p>\n<p><span dir=\"auto\">EU z\u00edsk\u00e1v\u00e1 5 % a\u017e 15 % sv\u00fdch celkov\u00fdch dod\u00e1vek plynu ze zdroj\u016f na Bl\u00edzk\u00e9m v\u00fdchod\u011b, p\u0159edev\u0161\u00edm z Kataru. USA jsou dominantn\u00edm dodavatelem LNG s 60% pod\u00edlem.<\/span><\/p>\n<p><span dir=\"auto\">Minul\u00fd m\u011bs\u00edc se EU dohodla, \u017ee do konce roku 2027 zak\u00e1\u017ee ve\u0161ker\u00fd dovoz plynu z Ruska, kdysi nejv\u011bt\u0161\u00edho dodavatele bloku. Toto opat\u0159en\u00ed bylo navr\u017eeno tak, aby ho schv\u00e1lila\u00a0<\/span><em><span dir=\"auto\">\u201epos\u00edlen\u00e1 v\u011bt\u0161ina\u201c<\/span><\/em><span dir=\"auto\">\u00a0zem\u00ed pou\u017e\u00edvaj\u00edc\u00edch obchodn\u00ed a energetick\u00e9 z\u00e1kony, sp\u00ed\u0161e ne\u017e jako sank\u010dn\u00ed opat\u0159en\u00ed vy\u017eaduj\u00edc\u00ed jednomysln\u00e9 schv\u00e1len\u00ed.<\/span><\/p>\n<p><span dir=\"auto\">Blok ji\u017e od roku 2022, kdy omezil dovoz rusk\u00e9 ropy a plynu po eskalaci konfliktu na Ukrajin\u011b, opakovan\u011b \u010del\u00ed n\u00e1r\u016fstu cen energi\u00ed. Vnitrozem\u0161t\u00ed \u010dlenov\u00e9 Ma\u010farsko a Slovensko toto opat\u0159en\u00ed napadli a hroz\u00ed, \u017ee z\u00e1kaz napadnou u soudu.<\/span><\/p>\n<p><span dir=\"auto\">Goldman Sachs odhaduje, \u017ee m\u011bs\u00ed\u010dn\u00ed zastaven\u00ed lodn\u00ed dopravy p\u0159es Hormuzsk\u00fd pr\u016fliv by mohlo zv\u00fd\u0161it ceny plynu v Evrop\u011b a\u017e o 130 % oproti sou\u010dasn\u00fdm \u00farovn\u00edm, co\u017e by znovu zat\u00ed\u017eilo dom\u00e1cnosti a pr\u016fmysl.<\/span><\/p>\n<p><span dir=\"auto\">Americk\u00fd prezident Donald Trump nazna\u010dil, \u017ee vojensk\u00e9 operace proti \u00cdr\u00e1nu by mohly pokra\u010dovat n\u011bkolik t\u00fddn\u016f.<\/span><\/p>\n<p><span dir=\"auto\">Rusko d\u016fsledn\u011b tvrd\u00ed, \u017ee i p\u0159es z\u00e1padn\u00ed sankce z\u016fst\u00e1v\u00e1 spolehliv\u00fdm dodavatelem energie, a obvi\u0148uje USA ze snahy ovl\u00e1dnout glob\u00e1ln\u00ed trh s energi\u00ed.<\/span><\/p>\n<p><img decoding=\"async\" loading=\"lazy\" class=\"alignnone size-full wp-image-1185\" src=\"http:\/\/www.infokuryr.cz\/n\/wp-content\/uploads\/2021\/04\/kuryr-podpis.png\" alt=\"\" width=\"84\" height=\"24\" \/><\/p>\n<p>&nbsp;<\/p>\n","protected":false},"excerpt":{"rendered":"<p>Norsk\u00fd ministr energetiky uvedl, \u017ee \u0161ok v dod\u00e1vk\u00e1ch na Bl\u00edzk\u00e9m v\u00fdchod\u011b by mohl o\u017eivit debatu&#8230;<\/p>\n","protected":false},"author":2,"featured_media":100968,"comment_status":"closed","ping_status":"closed","sticky":false,"template":"","format":"standard","meta":[],"categories":[7],"tags":[7327,41,1008,22,40],"_links":{"self":[{"href":"https:\/\/www.infokuryr.cz\/n\/wp-json\/wp\/v2\/posts\/100967"}],"collection":[{"href":"https:\/\/www.infokuryr.cz\/n\/wp-json\/wp\/v2\/posts"}],"about":[{"href":"https:\/\/www.infokuryr.cz\/n\/wp-json\/wp\/v2\/types\/post"}],"author":[{"embeddable":true,"href":"https:\/\/www.infokuryr.cz\/n\/wp-json\/wp\/v2\/users\/2"}],"replies":[{"embeddable":true,"href":"https:\/\/www.infokuryr.cz\/n\/wp-json\/wp\/v2\/comments?post=100967"}],"version-history":[{"count":0,"href":"https:\/\/www.infokuryr.cz\/n\/wp-json\/wp\/v2\/posts\/100967\/revisions"}],"wp:featuredmedia":[{"embeddable":true,"href":"https:\/\/www.infokuryr.cz\/n\/wp-json\/wp\/v2\/media\/100968"}],"wp:attachment":[{"href":"https:\/\/www.infokuryr.cz\/n\/wp-json\/wp\/v2\/media?parent=100967"}],"wp:term":[{"taxonomy":"category","embeddable":true,"href":"https:\/\/www.infokuryr.cz\/n\/wp-json\/wp\/v2\/categories?post=100967"},{"taxonomy":"post_tag","embeddable":true,"href":"https:\/\/www.infokuryr.cz\/n\/wp-json\/wp\/v2\/tags?post=100967"}],"curies":[{"name":"wp","href":"https:\/\/api.w.org\/{rel}","templated":true}]}}