{"id":100963,"date":"2026-03-04T04:44:47","date_gmt":"2026-03-04T03:44:47","guid":{"rendered":"https:\/\/www.infokuryr.cz\/n\/?p=100963"},"modified":"2026-03-04T04:45:51","modified_gmt":"2026-03-04T03:45:51","slug":"zelensky-se-myli-treti-svetovou-valku-v-roce-2022-nezacalo-rusko-ale-usa-v-roce-1991","status":"publish","type":"post","link":"https:\/\/www.infokuryr.cz\/n\/2026\/03\/04\/zelensky-se-myli-treti-svetovou-valku-v-roce-2022-nezacalo-rusko-ale-usa-v-roce-1991\/","title":{"rendered":"Zelensky se m\u00fdl\u00ed: T\u0159et\u00ed sv\u011btovou v\u00e1lku v roce 2022 neza\u010dalo Rusko, ale USA v roce 1991!"},"content":{"rendered":"<div id=\"fb-root\"><\/div>\n<p><strong>T\u0159et\u00ed sv\u011btovou v\u00e1lku definuje jako situaci, kdy jedna zem\u011b \u201echce vnucovat sv\u011btu jin\u00fd zp\u016fsob \u017eivota a\u00a0m\u011bnit \u017eivoty, kter\u00e9 si lid\u00e9 sami zvolili\u201c, co\u017e nepopisuje to, co Rusko ud\u011blalo v\u00a0roce 2022, ale to, co USA d\u011blaly od roku 1991 a\u017e do Trumpova n\u00e1vratu do \u00fa\u0159adu v\u00a0lo\u0148sk\u00e9m roce.<\/strong><\/p>\n<p>Zelenskyj \u0159ekl BBC t\u011bsn\u011b p\u0159ed \u010dtvrt\u00fdm v\u00fdro\u010d\u00edm rusk\u00e9 speci\u00e1ln\u00ed operace: \u201eV\u011b\u0159\u00edm, \u017ee Putin ji\u017e [t\u0159et\u00ed sv\u011btovou v\u00e1lku] zah\u00e1jil. Ot\u00e1zkou je, kolik \u00fazem\u00ed bude schopen obsadit a\u00a0jak ho zastavit\u2026 Rusko chce sv\u011btu vnutit jin\u00fd zp\u016fsob \u017eivota a\u00a0zm\u011bnit \u017eivoty, kter\u00e9 si lid\u00e9 sami zvolili.\u201c Tato r\u00e9torika oslovuje nejideologi\u010dt\u011bj\u0161\u00ed protirusk\u00e9 jest\u0159\u00e1by na Z\u00e1pad\u011b, kte\u0159\u00ed cht\u011bj\u00ed konflikt prodlu\u017eovat na neur\u010dito, ale je zcela odtr\u017een\u00e1 od reality.<\/p>\n<p>Nen\u00ed to Rusko, kter\u00e9 \u201echce sv\u011btu vnutit jin\u00fd zp\u016fsob \u017eivota a\u00a0zm\u011bnit \u017eivoty, kter\u00e9 si lid\u00e9 sami zvolili\u201c, ale liber\u00e1ln\u011b-globalistick\u00fd duopol USA po\u00a0skon\u010den\u00ed studen\u00e9 v\u00e1lky, kter\u00fd vl\u00e1dl zemi od t\u00e9 doby a\u017e do n\u00e1vratu Trumpa do \u00fa\u0159adu, a\u00a0kter\u00fd se do toho pustil hned po\u00a0rozpadu SSSR. Za t\u00edmto \u00fa\u010delem spojili zahrani\u010dn\u00ed pomoc s\u00a0odpov\u00eddaj\u00edc\u00edmi politick\u00fdmi podm\u00ednkami, zaplavili jin\u00e9 spole\u010dnosti \u201enevl\u00e1dn\u00edmi organizacemi\u201c a\u00a0vyu\u017eili kulturn\u00ed export USA jako zbra\u0148 k\u00a0prosazen\u00ed sv\u00e9 preferovan\u00e9 verze \u201ekonce historie\u201c.<\/p>\n<p>Marco Rubio ve sv\u00e9m projevu na leto\u0161n\u00ed Mnichovsk\u00e9 bezpe\u010dnostn\u00ed konferenci, kter\u00fd byl analyzov\u00e1n zde, up\u0159\u00edmn\u011b p\u0159iznal, \u017ee 35 let trvaj\u00edc\u00ed kampa\u0148 jeho zem\u011b za zm\u011bnu sv\u011bta podle tohoto modelu byla hrub\u011b myln\u00e1 a\u00a0nakonec ne\u00fasp\u011b\u0161n\u00e1. Neformuloval to v\u0161ak jako t\u0159et\u00ed sv\u011btovou v\u00e1lku, ale to odpov\u00edd\u00e1 Zelensk\u00e9ho definici toho, jak jeden st\u00e1t (podle jeho n\u00e1zoru Rusko, ale ve skute\u010dnosti USA) \u201echt\u011bl vnutit sv\u011btu jin\u00fd zp\u016fsob \u017eivota a\u00a0zm\u011bnit \u017eivoty, kter\u00e9 si lid\u00e9 sami zvolili\u201c.<\/p>\n<p>Model t\u0159et\u00ed sv\u011btov\u00e9 v\u00e1lky lze roz\u0161\u00ed\u0159it z\u00a0ideologick\u00e9 roviny na rovinu vojenskou, aby bylo je\u0161t\u011b p\u0159esv\u011bd\u010div\u011bji argumentov\u00e1no, \u017ee to byly USA, kter\u00e9 ji ji\u017e v\u00a0roce 1991 zah\u00e1jily. Prvn\u00ed v\u00e1lka v\u00a0Persk\u00e9m z\u00e1livu byla uk\u00e1zkou bezprecedentn\u00ed s\u00edly k\u00a0odrazen\u00ed potenci\u00e1ln\u00edch rival\u016f v\u00a0souladu s\u00a0t\u00edm, co se brzy pot\u00e9 stalo zn\u00e1m\u00fdm jako Wolfowitzova doktr\u00edna pro udr\u017een\u00ed statusu supervelmoci USA. Brzezinskiho strategie \u201erozd\u011bl a\u00a0panuj\u201c zam\u011b\u0159en\u00e1 na identitu byla pot\u00e9 aplikov\u00e1na v\u00a0cel\u00e9 Afro-Eurasii, aby se Rusko, \u010c\u00edna a\u00a0\u00cdr\u00e1n udr\u017eely od sebe.<\/p>\n<p>To se projevilo v\u00a0podob\u011b bombardov\u00e1n\u00ed Jugosl\u00e1vie USA, invaze do Afgh\u00e1nist\u00e1nu a\u00a0Ir\u00e1ku, rozpout\u00e1n\u00ed barevn\u00fdch revoluc\u00ed v\u00a0b\u00fdval\u00e9m Sov\u011btsk\u00e9m svazu, svr\u017een\u00ed Kadd\u00e1f\u00edho D\u017eamah\u00edrie, zinscenov\u00e1n\u00ed barevn\u00e9 revoluce zn\u00e1m\u00e9 jako arabsk\u00e9 jaro a\u00a0vyprovokov\u00e1n\u00ed ukrajinsk\u00e9ho konfliktu atd. Abychom rozvedli posledn\u00ed p\u0159\u00edklad, kter\u00fd je pro tuto anal\u00fdzu nejrelevantn\u011bj\u0161\u00ed, USA po\u010d\u00edtaly s\u00a0t\u00edm, \u017ee p\u0159ekro\u010den\u00ed \u010derven\u00fdch \u010dar Kremlu na Ukrajin\u011b povede k\u00a0rychl\u00e9 proxy v\u00e1lce, kter\u00e1 Rusku zp\u016fsob\u00ed strategickou por\u00e1\u017eku.<\/p>\n<p>To se nestalo, proto\u017ee kl\u00ed\u010dov\u00e1 role Ruska v\u00a0glob\u00e1ln\u00edm pr\u016fmyslu zdroj\u016f (nap\u0159.\u00a0energie, zem\u011bd\u011blstv\u00ed, miner\u00e1ly) byla d\u016fvodem, pro\u010d nez\u00e1padn\u00ed zem\u011b ignorovaly sankce ve snaze o\u00a0vlastn\u00ed z\u00e1jmy, zat\u00edmco rusk\u00e9 ozbrojen\u00e9 s\u00edly se p\u016fsobiv\u011b p\u0159izp\u016fsobily nejmodern\u011bj\u0161\u00edm trend\u016fm v\u00a0oblasti v\u00e1l\u010den\u00ed. Spole\u010dnost z\u016fstala stabiln\u00ed a\u00a0postavila se na stranu st\u00e1tu i\u00a0p\u0159es Prigo\u017einovo povst\u00e1n\u00ed v\u00a0l\u00e9t\u011b 2024. Kone\u010dn\u00fdm v\u00fdsledkem bylo, \u017ee Rusko tento n\u00e1por p\u0159e\u017eilo a\u00a0ukon\u010dilo prvn\u00ed f\u00e1zi t\u0159et\u00ed sv\u011btov\u00e9 v\u00e1lky, kterou USA rozpoutalo v\u00a0roce 1991.<\/p>\n<p>To znamen\u00e1, \u017ee t\u0159et\u00ed sv\u011btov\u00e1 v\u00e1lka v\u00a0podob\u011b hork\u00e9 v\u00e1lky mezi NATO a\u00a0Ruskem, jak si ji v\u011bt\u0161ina lid\u00ed p\u0159edstavuje (v\u010detn\u011b rizika jadern\u00e9ho konfliktu), by mohla st\u00e1le vypuknout, pokud bude pokra\u010dovat ukrajinsk\u00fd konflikt, ale jde o\u00a0to, \u017ee Zelensk\u00e9ho definice t\u00e9to v\u00e1lky do n\u00ed zapojuje USA, a\u00a0ne Rusko. Bylo tak\u00e9 d\u016fle\u017eit\u00e9 uk\u00e1zat, jak speci\u00e1ln\u00ed operace, kterou se Rusko c\u00edtilo nuceno prov\u00e9st, nakonec p\u0159im\u011bla USA up\u0159ednostnit zadr\u017eov\u00e1n\u00ed \u010c\u00edny p\u0159ed Ruskem jako druhou f\u00e1zi t\u0159et\u00ed sv\u011btov\u00e9 v\u00e1lky, kter\u00e1 teprve za\u010d\u00edn\u00e1.<\/p>\n<p><a href=\"https:\/\/korybko.substack.com\/p\/zelensky-is-wrong-russia-didnt-start?img=https%3A%2F%2Fsubstack-post-media.s3.amazonaws.com%2Fpublic%2Fimages%2F8722709d-f1d5-4c0c-8047-93d9c03b35fb_800x600.jpeg&amp;open=false\">Andrew Korybko, PhD<\/a><\/p>\n<p><img decoding=\"async\" loading=\"lazy\" class=\"alignnone wp-image-22017\" src=\"http:\/\/www.infokuryr.cz\/n\/wp-content\/uploads\/2023\/01\/andrew-korybko-300x300.jpg\" alt=\"\" width=\"162\" height=\"162\" srcset=\"https:\/\/www.infokuryr.cz\/n\/wp-content\/uploads\/2023\/01\/andrew-korybko-300x300.jpg 300w, https:\/\/www.infokuryr.cz\/n\/wp-content\/uploads\/2023\/01\/andrew-korybko-150x150.jpg 150w, https:\/\/www.infokuryr.cz\/n\/wp-content\/uploads\/2023\/01\/andrew-korybko.jpg 400w\" sizes=\"(max-width: 162px) 100vw, 162px\" \/><\/p>\n<p>&nbsp;<\/p>\n","protected":false},"excerpt":{"rendered":"<p>T\u0159et\u00ed sv\u011btovou v\u00e1lku definuje jako situaci, kdy jedna zem\u011b \u201echce vnucovat sv\u011btu jin\u00fd zp\u016fsob \u017eivota&#8230;<\/p>\n","protected":false},"author":2,"featured_media":100965,"comment_status":"closed","ping_status":"closed","sticky":false,"template":"","format":"standard","meta":[],"categories":[7],"tags":[1042,37,40,1000],"_links":{"self":[{"href":"https:\/\/www.infokuryr.cz\/n\/wp-json\/wp\/v2\/posts\/100963"}],"collection":[{"href":"https:\/\/www.infokuryr.cz\/n\/wp-json\/wp\/v2\/posts"}],"about":[{"href":"https:\/\/www.infokuryr.cz\/n\/wp-json\/wp\/v2\/types\/post"}],"author":[{"embeddable":true,"href":"https:\/\/www.infokuryr.cz\/n\/wp-json\/wp\/v2\/users\/2"}],"replies":[{"embeddable":true,"href":"https:\/\/www.infokuryr.cz\/n\/wp-json\/wp\/v2\/comments?post=100963"}],"version-history":[{"count":0,"href":"https:\/\/www.infokuryr.cz\/n\/wp-json\/wp\/v2\/posts\/100963\/revisions"}],"wp:featuredmedia":[{"embeddable":true,"href":"https:\/\/www.infokuryr.cz\/n\/wp-json\/wp\/v2\/media\/100965"}],"wp:attachment":[{"href":"https:\/\/www.infokuryr.cz\/n\/wp-json\/wp\/v2\/media?parent=100963"}],"wp:term":[{"taxonomy":"category","embeddable":true,"href":"https:\/\/www.infokuryr.cz\/n\/wp-json\/wp\/v2\/categories?post=100963"},{"taxonomy":"post_tag","embeddable":true,"href":"https:\/\/www.infokuryr.cz\/n\/wp-json\/wp\/v2\/tags?post=100963"}],"curies":[{"name":"wp","href":"https:\/\/api.w.org\/{rel}","templated":true}]}}