{"id":10093,"date":"2022-04-30T01:05:03","date_gmt":"2022-04-29T23:05:03","guid":{"rendered":"http:\/\/www.infokuryr.cz\/n\/?p=10093"},"modified":"2022-04-29T19:15:47","modified_gmt":"2022-04-29T17:15:47","slug":"covidovym-vakcinam-muze-trvat-rok-nebo-i-vice-nez-zabiji-sve-obeti","status":"publish","type":"post","link":"https:\/\/www.infokuryr.cz\/n\/2022\/04\/30\/covidovym-vakcinam-muze-trvat-rok-nebo-i-vice-nez-zabiji-sve-obeti\/","title":{"rendered":"Covidov\u00fdm \u201evakc\u00edn\u00e1m\u201c m\u016f\u017ee trvat rok (nebo i v\u00edce), ne\u017e zabij\u00ed sv\u00e9 ob\u011bti"},"content":{"rendered":"<div id=\"fb-root\"><\/div>\n<p><span>Objevil se d\u016fkaz, kter\u00fd ukazuje, \u017ee smrt na \u201evakc\u00ednu\u201c proti koronaviru zp\u016fsobuj\u00edc\u00edho onemocn\u011bn\u00ed COVID-19 nen\u00ed v\u017edy okam\u017eit\u00e1.<\/span><\/p>\n<p><span>Dr.\u00a0Avindra Nath, l\u00e9ka\u0159 z National Health Service (NHS) ve Velk\u00e9 Brit\u00e1nii, kter\u00fd se star\u00e1 o pacienty po\u0161kozen\u00e9 o\u010dkov\u00e1n\u00edm, \u0159ekl, \u017ee osobn\u011b zn\u00e1 d\u0159\u00edve zdrav\u00e9ho 61let\u00e9ho mu\u017ee, kter\u00fd zem\u0159el asi rok pot\u00e9, co byl o\u010dkov\u00e1n.<\/span><\/p>\n<p><span>B\u011bhem n\u011bkolika dn\u00ed po o\u010dkov\u00e1n\u00ed se u mu\u017ee vyvinula t\u011b\u017ek\u00e1 neuropatie (po\u0161kozen\u00ed perifern\u00edch nerv\u016f).\u00a0No a v pr\u016fb\u011bhu n\u00e1sleduj\u00edc\u00edho roku se v jeho t\u011ble postupn\u011b za\u010daly vytv\u00e1\u0159et krevn\u00ed sra\u017eeniny, a\u017e nakonec dostal masivn\u00ed mozkovou p\u0159\u00edhodu a zem\u0159el.<\/span><\/p>\n<p><span>NHS o tomto p\u0159\u00edpad\u011b v\u00ed, ale st\u00e1le ho odm\u00edt\u00e1 uznat \u2013 nebo kter\u00fdkoli jin\u00fd podobn\u00fd p\u0159\u00edpad.<\/span><\/p>\n<p><em><span>\u201ePatolog potvrdil, \u017ee smrt zp\u016fsobila vakc\u00edna,\u201c\u00a0<\/span><\/em><span>\u00a0uvedl Steve Kirsch.<\/span><\/p>\n<p><em><span>\u201eTento mu\u017e byl p\u0159ed o\u010dkov\u00e1n\u00edm naprosto zdrav\u00fd.\u00a0Jeho zdravotn\u00ed stav se zm\u011bnil jen o n\u011bkolik dn\u00ed pozd\u011bji se symptomy odpov\u00eddaj\u00edc\u00edmi vakcinov\u00e9mu po\u0161kozen\u00ed.\u00a0Krevn\u00ed sra\u017eeniny p\u0159i pitv\u011b jsou jedine\u010dn\u00e9 pro lidi nao\u010dkovan\u00e9 proti covidu, p\u0159i\u010dem\u017e v p\u0159edchoz\u00edch letech se nevyskytovaly.\u201c<\/span><\/em><\/p>\n<h2><span>Lid\u00e9 odev\u0161ad \u0159\u00edkaj\u00ed, \u017ee jejich pln\u011b o\u010dkovan\u00ed p\u0159\u00e1tel\u00e9 a rodinn\u00ed p\u0159\u00edslu\u0161n\u00edci najednou um\u00edraj\u00ed<\/span><\/h2>\n<p><span>Je pravd\u011bpodobn\u00e9, \u017ee NHS nikdy neozn\u00e1m\u00ed tuto smrt ve\u0159ejn\u011b.\u00a0Vl\u00e1dn\u00ed syst\u00e9m \u201ezdravotn\u00ed p\u00e9\u010de\u201c pravd\u011bpodobn\u011b nikdy nep\u0159izn\u00e1, \u017ee covidov\u00e9 vakc\u00edny zp\u016fsobuj\u00ed v\u016fbec n\u011bjak\u00e9 zdravotn\u00ed probl\u00e9my.<\/span><\/p>\n<p><span>P\u0159iznat se k tomu by znamenalo p\u0159iznat, \u017ee vakc\u00edny nem\u011bly b\u00fdt v prvn\u00ed \u0159ad\u011b nikdy uvoln\u011bny, proto\u017ee jsou nebezpe\u010dn\u00e9 a ne\u00fa\u010dinn\u00e9 p\u0159i prevenci Covid-19 \u2013 i kdy\u017e m\u016f\u017ee chv\u00edli trvat, ne\u017e se projev\u00ed ne\u017e\u00e1douc\u00ed \u00fa\u010dinky.<\/span><\/p>\n<p><span>\u201ePodstata je tato: \u201eokno smrti\u201c pro vakc\u00ednu nejsou dny ani t\u00fddny (i kdy\u017e samoz\u0159ejm\u011b nast\u00e1vaj\u00ed i akutn\u00ed \u00famrt\u00ed).\u00a0Je to nejm\u00e9n\u011b rok a mo\u017en\u00e1 i v\u00edc,\u201c \u0159ekl Kirsch.\u00a0(Souvisej\u00edc\u00ed:\u00a0<\/span><a href=\"https:\/\/www.badatel.net\/vysetrovanie-prinieslo-dokazy-ze-covidove-vakciny-sposobuju-v-aids\/\"><span>COVID \u201evakc\u00edny\u201c zp\u016fsobuj\u00ed AIDS<\/span><\/a><span>\u00a0)<\/span><\/p>\n<p><em><span>\u201eTak\u017ee to, \u017ee jste dostali vakc\u00ednu a jste st\u00e1le na\u017eivu io 3 m\u011bs\u00edce pozd\u011bji, je\u0161t\u011b neznamen\u00e1, \u017ee jste za vodou.\u201c<\/span><\/em><\/p>\n<p><span>Kirsch po\u017e\u00e1dal sv\u00e9 \u010dten\u00e1\u0159e, aby nahl\u00e1sili v\u0161echny p\u0159\u00edpady, o kter\u00fdch v\u011bd\u00ed, \u017ee osoba zem\u0159ela na n\u00e1sledky vakc\u00edny v\u00edce ne\u017e rok po o\u010dkov\u00e1n\u00ed.<\/span><\/p>\n<p><span>N\u00e1sleduje n\u011bkolik jejich p\u0159\u00edb\u011bh\u016f:<\/span><\/p>\n<p><strong><span>P\u0159\u00edb\u011bh \u010d.1<\/span><\/strong><\/p>\n<p><span>Jedna osoba napsala, \u017ee zn\u00e1 nejm\u00e9n\u011b \u010dty\u0159i mu\u017ee, v\u0161ichni ve v\u011bku 40 a\u017e 50 let, kte\u0159\u00ed n\u00e1hle zem\u0159eli v ur\u010dit\u00e9m okam\u017eiku po o\u010dkov\u00e1n\u00ed.<\/span><\/p>\n<p><strong><span>P\u0159\u00edb\u011bh \u010d.2<\/span><\/strong><\/p>\n<p><span>Jin\u00e1 osoba napsala, \u017ee jej\u00ed jedna\u010dty\u0159icetilet\u00fd syn byl d\u0159\u00edve v dobr\u00e9m zdravotn\u00edm stavu, ale po o\u010dkov\u00e1n\u00ed n\u00e1hle zem\u0159el na srde\u010dn\u00ed z\u00e1stavu.<\/span><\/p>\n<p><em><span>\u201eZa posledn\u00ed rok m\u011bl dv\u011b d\u00e1vky Pfizeru,\u201c\u00a0<\/span><\/em><span>\u00a0napsala matka.\u00a0<\/span><em><span>\u201eZpr\u00e1va patologa nazna\u010dila, \u017ee jeho srdce bylo v\u00fdrazn\u011b zv\u011bt\u0161eno.\u201c<\/span><\/em><\/p>\n<p><strong><span>P\u0159\u00edb\u011bh \u010d.3<\/span><\/strong><\/p>\n<p><span>Jin\u00e1 \u017eena jm\u00e9nem Margaret napsala, \u017ee jej\u00ed pln\u011b nao\u010dkovan\u00e1 p\u0159\u00edtelkyn\u011b, kter\u00e1 m\u011bla 43 let, zem\u0159ela 15. dubna 2022. P\u0159\u00edtelkyni na\u0161li mrtvou v jej\u00ed posteli av pitevn\u00ed zpr\u00e1v\u011b se uv\u00e1d\u00ed, \u017ee to zp\u016fsobil infarkt.<\/span><\/p>\n<p><em><span>\u201eP\u0159ibrala a m\u011bla vysok\u00fd krevn\u00ed tlak,\u201c\u00a0<\/span><\/em><span>\u00a0vysv\u011btlila Margaret.\u00a0<\/span><em><span>\u201eKdy vid\u00edte t\u0159ia\u010dty\u0159icetilet\u00e9 um\u00edrat ve sp\u00e1nku na infarkt?\u201c<\/span><\/em><\/p>\n<p><strong><span>P\u0159\u00edb\u011bh \u010d.4<\/span><\/strong><\/p>\n<p><span>N\u011bkdo jin\u00fd napsal, \u017ee j\u00ed d\u0159\u00edve zdrav\u00fd 60let\u00fd bratranec utrp\u011bl po covidov\u00e9m o\u010dkov\u00e1n\u00ed s\u00e9rii mal\u00fdch mozkov\u00fdch p\u0159\u00edhod.\u00a0N\u011bkolik dal\u0161\u00edch \u010dlen\u016f rodiny, tak\u00e9 o\u010dkov\u00e1n\u00ed, utrp\u011blo je\u0161t\u011b hor\u0161\u00ed n\u00e1sledky.<\/span><\/p>\n<p><em><span>\u201eMoje teta m\u011bla zni\u010den\u00e9 zdrav\u00ed v d\u016fsledku mrtvice a z\u00e1n\u011btu tepen a musela prodat sv\u016fj d\u016fm,\u201c\u00a0<\/span><\/em><span>\u00a0napsala tato osoba.\u00a0<\/span><em><span>\u201eA m\u016fj zdrav\u00fd 85let\u00fd str\u00fdc po t\u0159et\u00ed d\u00e1vce padl mrtv\u00fd b\u011bhem n\u00e1v\u0161t\u011bvy sv\u00e9 rodiny.\u201c<\/span><\/em><\/p>\n<p><strong><span>P\u0159\u00edb\u011bh \u010d.5<\/span><\/strong><\/p>\n<p><em><span>\u201ePartner m\u00e9 m\u00e1my m\u011bl kognitivn\u00ed poruchu mozku a zem\u0159el v nemocnici t\u0159i t\u00fddny pot\u00e9, co neochotn\u011b dostal druhou d\u00e1vku vakc\u00edny.<\/span><\/em><\/p>\n<p><em><span>U jin\u00e9ho p\u0159\u00edbuzn\u00e9ho se n\u00e1hle rozvinulo 4. stadium rakoviny slinivky b\u0159i\u0161n\u00ed, zat\u00edmco snoubenec m\u00e9 p\u0159\u00edtelkyn\u011b trp\u011bl z\u00e1chvaty, kter\u00e9 jeho l\u00e9ka\u0159 p\u0159ipisoval \u00fazkosti ze svatby.\u201c<\/span><\/em><\/p>\n<h2><span>Z\u00e1v\u011br<\/span><\/h2>\n<p><em><span>\\&#8220;Nikdo si tyto ud\u00e1losti ned\u00e1v\u00e1 do souvislosti, ale je to docela z\u0159ejm\u00e9,\\&#8220;<\/span><\/em><span>\u00a0uzav\u0159el o v\u0161ech incidentech tent\u00fd\u017e koment\u00e1tor.<\/span><\/p>\n<p><em><span>\u201eNikdy jsme v rodin\u011b nem\u011bli tolik nemoc\u00ed.\u00a0Nikdo z p\u0159\u00edbuzn\u00fdch nem\u011bl covid, ale po o\u010dkov\u00e1n\u00ed ho p\u00e1r z nich dostalo.\u201c<\/span><\/em><\/p>\n<p><span>Autor: Ethan Huff, Zdroj:\u00a0<\/span><a href=\"https:\/\/www.naturalnews.com\/2022-04-28-covid-vaccines-take-year-kill-off-victims.html\" target=\"_blank\" rel=\"noopener\"><span>naturalnews.com<\/span><\/a><span>\u00a0<\/span><\/p>\n<p>&nbsp;<\/p>\n","protected":false},"excerpt":{"rendered":"<p>Objevil se d\u016fkaz, kter\u00fd ukazuje, \u017ee smrt na \u201evakc\u00ednu\u201c proti koronaviru zp\u016fsobuj\u00edc\u00edho onemocn\u011bn\u00ed COVID-19 nen\u00ed&#8230;<\/p>\n","protected":false},"author":2,"featured_media":7750,"comment_status":"closed","ping_status":"closed","sticky":false,"template":"","format":"standard","meta":[],"categories":[7],"tags":[23,213,474,651],"_links":{"self":[{"href":"https:\/\/www.infokuryr.cz\/n\/wp-json\/wp\/v2\/posts\/10093"}],"collection":[{"href":"https:\/\/www.infokuryr.cz\/n\/wp-json\/wp\/v2\/posts"}],"about":[{"href":"https:\/\/www.infokuryr.cz\/n\/wp-json\/wp\/v2\/types\/post"}],"author":[{"embeddable":true,"href":"https:\/\/www.infokuryr.cz\/n\/wp-json\/wp\/v2\/users\/2"}],"replies":[{"embeddable":true,"href":"https:\/\/www.infokuryr.cz\/n\/wp-json\/wp\/v2\/comments?post=10093"}],"version-history":[{"count":0,"href":"https:\/\/www.infokuryr.cz\/n\/wp-json\/wp\/v2\/posts\/10093\/revisions"}],"wp:featuredmedia":[{"embeddable":true,"href":"https:\/\/www.infokuryr.cz\/n\/wp-json\/wp\/v2\/media\/7750"}],"wp:attachment":[{"href":"https:\/\/www.infokuryr.cz\/n\/wp-json\/wp\/v2\/media?parent=10093"}],"wp:term":[{"taxonomy":"category","embeddable":true,"href":"https:\/\/www.infokuryr.cz\/n\/wp-json\/wp\/v2\/categories?post=10093"},{"taxonomy":"post_tag","embeddable":true,"href":"https:\/\/www.infokuryr.cz\/n\/wp-json\/wp\/v2\/tags?post=10093"}],"curies":[{"name":"wp","href":"https:\/\/api.w.org\/{rel}","templated":true}]}}