{"id":100904,"date":"2026-03-04T00:13:03","date_gmt":"2026-03-03T23:13:03","guid":{"rendered":"https:\/\/www.infokuryr.cz\/n\/?p=100904"},"modified":"2026-03-03T12:36:32","modified_gmt":"2026-03-03T11:36:32","slug":"spanelsko-se-postavilo-proti-usa-letiste-v-zemi-nebudou-pouzita-k-utokum-na-iran","status":"publish","type":"post","link":"https:\/\/www.infokuryr.cz\/n\/2026\/03\/04\/spanelsko-se-postavilo-proti-usa-letiste-v-zemi-nebudou-pouzita-k-utokum-na-iran\/","title":{"rendered":"\u0160pan\u011blsko se postavilo proti USA: leti\u0161t\u011b v zemi nebudou pou\u017eita k \u00fatok\u016fm na \u00cdr\u00e1n"},"content":{"rendered":"<div id=\"fb-root\"><\/div>\n<p class=\"lead\"><strong><span dir=\"auto\">\u0160pan\u011blsko zak\u00e1zalo Spojen\u00fdm st\u00e1t\u016fm vyu\u017e\u00edvat jejich vojensk\u00e9 z\u00e1kladny k \u00fatoku na \u00cdr\u00e1n, \u010d\u00edm\u017e donutilo americk\u00e9 v\u00e1le\u010dn\u00e9 letouny opustit zemi, informovala m\u00edstn\u00ed m\u00e9dia.<\/span><\/strong><\/p>\n<p><strong><span dir=\"auto\">Odm\u00edtnut\u00ed Madridu<\/span><\/strong><span dir=\"auto\">\u00a0poskytnout vojenskou podporu \u00fatoku na \u00cdr\u00e1n vedlo Pentagon ke sta\u017een\u00ed tuctu tankovac\u00edch letadel KC-135 um\u00edst\u011bn\u00fdch na leteck\u00e9 z\u00e1kladn\u011b Mor\u00f3n de la Frontera v Seville a v men\u0161\u00ed m\u00ed\u0159e na leteck\u00e9 z\u00e1kladn\u011b Rota v C\u00e1dizu\u00a0, kter\u00e9 slou\u017eily k dopl\u0148ov\u00e1n\u00ed paliva do st\u00edhac\u00edch bombard\u00e9r\u016f ve vzduchu, uvedla \u0161pan\u011blsk\u00e1 ministryn\u011b obrany Margarita Roblesov\u00e1.<\/span><\/p>\n<p><span dir=\"auto\">\u0160pan\u011blsk\u00fd ministr zahrani\u010d\u00ed\u00a0<\/span><strong><span dir=\"auto\">Jos\u00e9 Manuel Albar\u00e9<\/span><\/strong><span dir=\"auto\">\u00a0prohl\u00e1sil, \u017ee jeho zem\u011b nedovol\u00ed, aby jej\u00ed vojensk\u00e9 z\u00e1kladny, kter\u00e9 spole\u010dn\u011b spravuj\u00ed USA a \u0160pan\u011blsko, ale spadaj\u00ed pod \u0161pan\u011blskou suverenitu, byly pou\u017eity k \u00fatok\u016fm na \u00cdr\u00e1n.<\/span><\/p>\n<p><em><span dir=\"auto\">\u201eKa\u017ed\u00e1 zem\u011b \u010din\u00ed sv\u00e1 vlastn\u00ed zahrani\u010dn\u011bpolitick\u00e1 rozhodnut\u00ed. \u0160pan\u011blsko m\u00e1 velmi jasn\u00fd postoj: hlas Evropy v t\u00e9to dob\u011b mus\u00ed b\u00fdt hlasem rovnov\u00e1hy a um\u00edrn\u011bnosti, zam\u011b\u0159en\u00fd na deeskalaci a n\u00e1vrat k jednac\u00edmu stolu.\u201c<\/span><span class=\"after-quote\"><span dir=\"auto\"> \u2013 prohl\u00e1sil ministr.<\/span><\/span><\/em><\/p>\n<p><span dir=\"auto\">Odsoudil tak\u00e9 \u201ezcela neopr\u00e1vn\u011bn\u00e9\u201c \u00fatoky \u00cdr\u00e1nu na zem\u011b Persk\u00e9ho z\u00e1livu a zejm\u00e9na na Kypr, \u010dlensk\u00fd st\u00e1t EU, kter\u00fd v sou\u010dasnosti zast\u00e1v\u00e1 rotuj\u00edc\u00ed p\u0159edsednictv\u00ed, kter\u00e9mu vyj\u00e1d\u0159il \u201eplnou podporu a solidaritu\u201c.<\/span><\/p>\n<p><span dir=\"auto\">Pro p\u0159ipomenut\u00ed, 28. \u00fanora zah\u00e1jily USA a Izrael vojenskou kampa\u0148 proti \u00cdr\u00e1nu. Teher\u00e1n reagoval masivn\u00edmi raketov\u00fdmi \u00fadery na izraelsk\u00e9 \u00fazem\u00ed a americk\u00e9 vojensk\u00e9 z\u00e1kladny v regionu. \u0160pan\u011blsk\u00fd premi\u00e9r\u00a0<\/span><strong><span dir=\"auto\">Pedro S\u00e1nchez<\/span><\/strong><span dir=\"auto\">\u00a0odsoudil americk\u00e9 a izraelsk\u00e9 akce proti \u00cdr\u00e1nu a ozna\u010dil je za neopr\u00e1vn\u011bn\u00e9.<\/span><\/p>\n<p><img decoding=\"async\" loading=\"lazy\" class=\"alignnone size-full wp-image-1185\" src=\"http:\/\/www.infokuryr.cz\/n\/wp-content\/uploads\/2021\/04\/kuryr-podpis.png\" alt=\"\" width=\"84\" height=\"24\" \/><\/p>\n<p>&nbsp;<\/p>\n","protected":false},"excerpt":{"rendered":"<p>\u0160pan\u011blsko zak\u00e1zalo Spojen\u00fdm st\u00e1t\u016fm vyu\u017e\u00edvat jejich vojensk\u00e9 z\u00e1kladny k \u00fatoku na \u00cdr\u00e1n, \u010d\u00edm\u017e donutilo americk\u00e9&#8230;<\/p>\n","protected":false},"author":2,"featured_media":100905,"comment_status":"closed","ping_status":"closed","sticky":false,"template":"","format":"standard","meta":[],"categories":[7],"tags":[457,806,440,37,720],"_links":{"self":[{"href":"https:\/\/www.infokuryr.cz\/n\/wp-json\/wp\/v2\/posts\/100904"}],"collection":[{"href":"https:\/\/www.infokuryr.cz\/n\/wp-json\/wp\/v2\/posts"}],"about":[{"href":"https:\/\/www.infokuryr.cz\/n\/wp-json\/wp\/v2\/types\/post"}],"author":[{"embeddable":true,"href":"https:\/\/www.infokuryr.cz\/n\/wp-json\/wp\/v2\/users\/2"}],"replies":[{"embeddable":true,"href":"https:\/\/www.infokuryr.cz\/n\/wp-json\/wp\/v2\/comments?post=100904"}],"version-history":[{"count":0,"href":"https:\/\/www.infokuryr.cz\/n\/wp-json\/wp\/v2\/posts\/100904\/revisions"}],"wp:featuredmedia":[{"embeddable":true,"href":"https:\/\/www.infokuryr.cz\/n\/wp-json\/wp\/v2\/media\/100905"}],"wp:attachment":[{"href":"https:\/\/www.infokuryr.cz\/n\/wp-json\/wp\/v2\/media?parent=100904"}],"wp:term":[{"taxonomy":"category","embeddable":true,"href":"https:\/\/www.infokuryr.cz\/n\/wp-json\/wp\/v2\/categories?post=100904"},{"taxonomy":"post_tag","embeddable":true,"href":"https:\/\/www.infokuryr.cz\/n\/wp-json\/wp\/v2\/tags?post=100904"}],"curies":[{"name":"wp","href":"https:\/\/api.w.org\/{rel}","templated":true}]}}