{"id":100902,"date":"2026-03-04T00:12:47","date_gmt":"2026-03-03T23:12:47","guid":{"rendered":"https:\/\/www.infokuryr.cz\/n\/?p=100902"},"modified":"2026-03-03T12:27:47","modified_gmt":"2026-03-03T11:27:47","slug":"vrazdy-skolacek-sjednotily-iran-a-po-cele-zemi-demonstrovaly-tisice-lidi","status":"publish","type":"post","link":"https:\/\/www.infokuryr.cz\/n\/2026\/03\/04\/vrazdy-skolacek-sjednotily-iran-a-po-cele-zemi-demonstrovaly-tisice-lidi\/","title":{"rendered":"Vra\u017edy \u0161kola\u010dek sjednotily \u00cdr\u00e1n a po cel\u00e9 zemi demonstrovaly tis\u00edce lid\u00ed"},"content":{"rendered":"<div id=\"fb-root\"><\/div>\n<p class=\"lead\"><strong><span dir=\"auto\">V \u00cdr\u00e1nu v sou\u010dasn\u00e9 dob\u011b prob\u00edh\u00e1 hromadn\u00fd poh\u0159eb \u0161kola\u010dek zabit\u00fdch p\u0159i leteck\u00e9m \u00fatoku na vzd\u011bl\u00e1vac\u00ed instituci v okrese Minab v provincii Hormozgan. Podle \u00edr\u00e1nsk\u00fdch m\u00e9di\u00ed se desetitis\u00edce lid\u00ed p\u0159i\u0161ly z\u00fa\u010dastnit posledn\u00edho poh\u0159bu.<\/span><\/strong><\/p>\n<p><iframe loading=\"lazy\" src=\"https:\/\/t.me\/TehranNewsroom\/1671?embed=1&amp;tme_mode=1\" width=\"600\" height=\"350\" data-mce-fragment=\"1\"><\/iframe><\/p>\n<p><span dir=\"auto\">K \u00fatoku na z\u00e1kladn\u00ed \u0161kolu Shajare Tayyebeh do\u0161lo prvn\u00ed den americko-izraelsk\u00e9 agrese 28. \u00fanora. V dob\u011b \u00fatoku se uvnit\u0159 \u0161koly nach\u00e1zel velk\u00fd po\u010det studentek ve v\u011bku 7 a\u017e 12 let. V d\u016fsledku toho byla budova zcela zni\u010dena.<\/span><\/p>\n<h4><span dir=\"auto\">Prvn\u00ed zpr\u00e1vy uv\u00e1d\u011bly \u00famrt\u00ed 165 \u0161kola\u010dek. \u00cdr\u00e1nsk\u00e1 m\u00e9dia nyn\u00ed hl\u00e1s\u00ed<span style=\"color: #ff0000;\"> 183 ob\u011bt\u00ed.<\/span><\/span><\/h4>\n<p>\u010cesk\u00e1 televize a rozhlas za na\u0161e poplatky o tomto hyenizmu ml\u010d\u00ed jak hrob!<\/p>\n<p><img decoding=\"async\" loading=\"lazy\" class=\"alignnone size-full wp-image-1185\" src=\"http:\/\/www.infokuryr.cz\/n\/wp-content\/uploads\/2021\/04\/kuryr-podpis.png\" alt=\"\" width=\"84\" height=\"24\" \/><\/p>\n<p>&nbsp;<\/p>\n<p>&nbsp;<\/p>\n","protected":false},"excerpt":{"rendered":"<p>V \u00cdr\u00e1nu v sou\u010dasn\u00e9 dob\u011b prob\u00edh\u00e1 hromadn\u00fd poh\u0159eb \u0161kola\u010dek zabit\u00fdch p\u0159i leteck\u00e9m \u00fatoku na vzd\u011bl\u00e1vac\u00ed&#8230;<\/p>\n","protected":false},"author":2,"featured_media":100903,"comment_status":"closed","ping_status":"closed","sticky":false,"template":"","format":"standard","meta":[],"categories":[7],"tags":[1611,38,1487,4586],"_links":{"self":[{"href":"https:\/\/www.infokuryr.cz\/n\/wp-json\/wp\/v2\/posts\/100902"}],"collection":[{"href":"https:\/\/www.infokuryr.cz\/n\/wp-json\/wp\/v2\/posts"}],"about":[{"href":"https:\/\/www.infokuryr.cz\/n\/wp-json\/wp\/v2\/types\/post"}],"author":[{"embeddable":true,"href":"https:\/\/www.infokuryr.cz\/n\/wp-json\/wp\/v2\/users\/2"}],"replies":[{"embeddable":true,"href":"https:\/\/www.infokuryr.cz\/n\/wp-json\/wp\/v2\/comments?post=100902"}],"version-history":[{"count":0,"href":"https:\/\/www.infokuryr.cz\/n\/wp-json\/wp\/v2\/posts\/100902\/revisions"}],"wp:featuredmedia":[{"embeddable":true,"href":"https:\/\/www.infokuryr.cz\/n\/wp-json\/wp\/v2\/media\/100903"}],"wp:attachment":[{"href":"https:\/\/www.infokuryr.cz\/n\/wp-json\/wp\/v2\/media?parent=100902"}],"wp:term":[{"taxonomy":"category","embeddable":true,"href":"https:\/\/www.infokuryr.cz\/n\/wp-json\/wp\/v2\/categories?post=100902"},{"taxonomy":"post_tag","embeddable":true,"href":"https:\/\/www.infokuryr.cz\/n\/wp-json\/wp\/v2\/tags?post=100902"}],"curies":[{"name":"wp","href":"https:\/\/api.w.org\/{rel}","templated":true}]}}