{"id":1009,"date":"2021-04-21T08:02:10","date_gmt":"2021-04-21T06:02:10","guid":{"rendered":"http:\/\/www.infokuryr.cz\/n\/?p=1009"},"modified":"2021-04-21T08:02:10","modified_gmt":"2021-04-21T06:02:10","slug":"municni-sklady-vrbetice-autenticke-svedectvi","status":"publish","type":"post","link":"https:\/\/www.infokuryr.cz\/n\/2021\/04\/21\/municni-sklady-vrbetice-autenticke-svedectvi\/","title":{"rendered":"Muni\u010dn\u00ed sklady Vrb\u011btice. Autentick\u00e9 sv\u011bdectv\u00ed"},"content":{"rendered":"<div id=\"fb-root\"><\/div>\n<p><strong>Muni\u010dn\u00ed sklady Vrb\u011btice. Jako\u017eto rod\u00e1k z t\u00e9to obce Vlachovice &#8211; Vrb\u011btice, bych r\u00e1d n\u011bco napsal k tomuto t\u00e9matu, kter\u00e9 se mne osobn\u011b dot\u00fdk\u00e1 a je\u017e jsem za\u017eil. M\u00e1m zde velk\u00e9 spektrum p\u0159\u00e1tel a mnoz\u00ed z v\u00e1s jste odk\u00e1z\u00e1ni pouze na m\u00e9dia. P\u0159ijm\u011bte tedy sv\u011bdectv\u00ed \u010dlov\u011bka p\u0159\u00edmo odtud. Nejprve malinko historie. Samotn\u00e1 zbrojovka vznik\u00e1 p\u0159ed II. sv\u011btovou v\u00e1lkou pod n\u00e1zvem Detona, spolu s n\u00ed vznikaj\u00ed p\u0159ilehl\u00e9 kas\u00e1rna a rozsahem nejv\u011bt\u0161\u00ed muni\u010dn\u00ed sklady v \u010ceskoslovensku. D\u00edky tomu se rozr\u016fst\u00e1 m\u011bsto Slavi\u010d\u00edn, je zde vybudov\u00e1na p\u0159\u00edm\u00e1 silnice, tak\u017ee u\u017e se nemus\u00ed jezdit p\u0159es Divnice a a v samotn\u00e9m Slavi\u010d\u00edn\u011b vznik\u00e1 V\u00fdzkumn\u00fd technick\u00fd \u00fastav v\u00fdzbroje a munice &#8211; zkratka VTUVM.<\/p>\n<p><\/strong>V devades\u00e1t\u00fdch letech je zbrojovka vytunelov\u00e1na a st\u00e1v\u00e1 se z n\u00ed m\u011bsto duch\u016f &#8211; obrovsk\u00fd are\u00e1l protkan\u00fd kilometry silnic a pr\u00e1zdn\u00fdch budov. V roce 2006 opou\u0161t\u00ed arm\u00e1da p\u0159ilehl\u00e9 kas\u00e1rna a co h\u016f\u0159 i do t\u00e9 doby st\u0159e\u017een\u00e9 muni\u010dn\u00ed sklady. V \u0159\u00edjnu 2014 se okol\u00edm nesou po dobu n\u011bkolika hodin obrovsk\u00e9 detonace. Pracuji s lidmi a o okol\u00ed zbrojovky jsem se aktivn\u011b zaj\u00edmal ji\u017e n\u011bkolik let, hned po tom, co se stala p\u0159\u00edstupnou.<\/p>\n<p>Sb\u00edral jsem tedy informace jak od lid\u00ed, tak i vlastn\u00edm pr\u016fzkumem. Realita toho roku byla takov\u00e1, \u017ee speci\u00e1ln\u00ed budovy, kde se d\u011blala nebezpe\u010dn\u00e1 munice, jsou na spadnut\u00ed, (v p\u0159edn\u00ed \u010d\u00e1sti \u010d\u00e1sti zbrojovky prob\u00edhala m\u00edrumilovn\u00e1 civiln\u00ed v\u00fdroba, nap\u0159. brzdov\u00fdch hadic do \u0160kodovek) ploty okolo sklad\u016f jsou zni\u010den\u00e9 a pronajat\u00e9 sklady, kde je\u0161t\u011b bylo n\u011bco nebezpe\u010dn\u00e9ho, byly obehn\u00e1ny vlastn\u00edm plotem.<\/p>\n<p>Samotn\u00fd are\u00e1l sklad\u016f se skl\u00e1dal z technick\u00e9ho prostoru za prvn\u00ed br\u00e1nou &#8211; nej\u010dast\u011bji vid\u011bn\u00e9 foto na internetu &#8211; velitelsk\u00e9 budovy, gar\u00e1\u017ee t\u011b\u017ek\u00fdch vozidel, autod\u00edlna, trafostanice, po\u017e\u00e1rn\u00ed stanice, depo lokomotivy. Budto opu\u0161t\u011bno nebo pronajato soukrom\u00e9mu sektoru. Za druhou br\u00e1nou se \u010dlov\u011bk dostal p\u0159\u00edmo do prostor\u016f muni\u010dn\u00edch sklad\u016f, obehnan\u00fdch dvojit\u00fdm plotem. V tomto roce tento plot byl na mnoha m\u00edstech zni\u010den.<\/p>\n<p>V tomto roce byly muni\u010dn\u00ed sklady pronajaty v\u00edce firm\u00e1m a tak \u010dlov\u011bk potkal d\u0159ev\u011bn\u00fd sklad, ve kter\u00e9m jist\u00e1 firma skladovala sprchov\u00e9 kouty, aby o p\u00e1r set metr\u016f d\u00e1le potkal betonov\u00fd sklad, obehnan\u00fd zvl\u00e1\u0161t plotem, ve kter\u00e9m byla ostr\u00e1 munice kdov\u00edkoho. P\u00e1r let p\u0159ed v\u00fdbuchem mi jist\u00fd \u010dlov\u011bk prozradil, \u017ee v jednom skladu vid\u011bl leteck\u00e9 motory. Nev\u011b\u0159il jsem tomu. Po v\u00fdbuchu jsem si na n\u011bj vzpomenul.. Ale zp\u011bt do \u0159\u00edjna 2014.<\/p>\n<p>Po v\u00fdbu\u0161\u00edch jsou poh\u0159e\u0161ov\u00e1ni dva lid\u00e9, m\u00e9dia p\u00ed\u0161\u00ed o podivn\u00e9 n\u00e1v\u0161t\u011bve dvou lid\u00ed ciz\u00ed n\u00e1rodnosti chv\u00edli p\u0159ed v\u00fdbuchem. Dnes se na novink\u00e1ch do\u010d\u00edt\u00e1m, \u017ee dva lid\u00e9 m\u011bli nav\u0161t\u00edvit muni\u010dn\u00ed sklady (\u00fadajn\u00ed agenti) ale podle Imexu tam nikdy nedorazili. Divn\u00e9, v roce 2014 tam dle m\u00e9di\u00ed byli. \u0160\u00e9f Imexu po v\u00fdbu\u0161\u00edch odl\u00e9t\u00e1 s prezidentem Zemanem vl\u00e1dn\u00edm letadlem do \u010c\u00edny. Evidentn\u011b si tedy pod\u00e1v\u00e1 ruce s nejvy\u0161\u0161\u00edmi p\u0159edstaviteli \u010desk\u00e9 moci.<\/p>\n<p>Tomio Okamura se nech\u00e1v\u00e1 v ochrann\u00e9m obleku fotit p\u0159ed extr\u00e9mn\u011b nebezpe\u010dn\u00fdmi muni\u010dn\u00edmi sklady aby jako p\u0159edstavitel moci uk\u00e1zal, jak pro\u0161et\u0159\u00ed m\u00edsto \u010dinu a db\u00e1 o na\u0161i bezpe\u010dnost. \u0160koda, velk\u00e1 \u0161koda, \u017ee se nechal zav\u00e9st p\u0159ed podzemn\u00ed sklady t\u0159askav\u00e9ho materi\u00e1lu b\u00fdval\u00e9 zbrojovky, v \u00fapln\u011b jin\u00e9m \u00fadol\u00ed, kter\u00e9 byly naposledy pln\u00e9 v devades\u00e1t\u00fdch letech p\u0159ed vytunelov\u00e1n\u00edm. Nu co\u017e, hrdina p\u0159ed n\u00e1rodem, blbe\u010dek p\u0159ed znal\u00fdmi..<\/p>\n<p>Tyto okolnosti \u010dlov\u011bka nutili uva\u017eovat tak, \u017ee se zde akor\u00e1t zametla n\u011bjak\u00e1 \u0161melina. Byl jsem tehdy dokonce povol\u00e1n, abych se dostavil s Karosou C 734 z \u010cSAD Slavi\u010d\u00edn ve ve\u010dern\u00edch hodin\u00e1ch do obce Haluzice, kde byla na\u0159\u00edzena evakuace. Projel jsem asi 3 bezpe\u010dnostn\u00ed hl\u00eddky. \u010cekal jsem informace, co se d\u011bje &#8211; j\u00e1 v\u011bd\u011bl jen to, \u017ee m\u00e1m jet do Haluzic, nabrat lidi a jet za druh\u00fdm autobusem do Luha\u010dovic.<\/p>\n<p>Ka\u017ed\u00e1 hl\u00eddka se ptala m\u011b, co se d\u011bje..nikdo je o ni\u010dem neinformoval, akor\u00e1t je poslali ud\u011blat uz\u00e1v\u011bru a nikdo nev\u011bd\u011bl, jestli ho\u0159\u00ed dal\u0161\u00ed sklad nebo co vlastn\u011b je. S potem na \u010dele jsem dojel do Haluzic. Skoro v\u0161ichni u\u017e byly pry\u010d sv\u00fdmi auty a p\u00e1r zbyl\u00fdch lid\u00ed se vlezlo do hasi\u010dsk\u00e9ho Crosswayie. m\u011b tedy nebylo pot\u0159eba. Pot\u0159eboval jsem se oto\u010dit, vzhledem k poloze, kde jsem st\u00e1l, to v\u0161ak u\u017e bylo mo\u017en\u00e9 jen za Haluzicemi v k\u0159i\u017eovatce Haluzice &#8211; Lipov\u00e1- Lou\u010dka.<\/p>\n<p>Hl\u00eddka za Haluzicemi m\u011b nejprve necht\u011bla pustit, nakonec na vlastn\u00ed nebezpe\u010d\u00ed jsem t\u011bch p\u00e1r set metr\u016f mohl projet. Brzy jsme byli evakuov\u00e1ni i z Vlachovic &#8211; Vrb\u011btic. D\u016fvod &#8211; zasekl\u00fd gran\u00e1t ve st\u0159e\u0161e muni\u010dn\u00edho skladu. Zdroje, \u0159ekn\u011bme konspirace,nemohu to dolo\u017eit, uv\u00e1d\u011bli, \u017ee se na\u0161lo t\u0159et\u00ed odpalovac\u00ed za\u0159\u00edzen\u00ed v dal\u0161\u00edm skladu Imexu..<\/p>\n<p>Po kontrole policie v prosinci exploduje dal\u0161\u00ed sklad. Pak se po dal\u0161\u00ed kontrole dokonce najdou rakety dlouh\u00e9ho doletu (ano, vzpomenul jsem si na toho \u010dlov\u011bka, co mluvil o leteck\u00fdch motorech..ty rakety jsou poh\u00e1n\u011bny pr\u00e1v\u011b jimy) o kter\u00fdch nikdo zodpov\u011bdn\u00fd nev\u011bd\u011bl (jak je to mo\u017en\u00e9?), byly tam je\u0161t\u011b od dob Sov\u011btsk\u00e9ho svazu a u\u017e byly po expiraci &#8211; tedy extr\u00e9mn\u011b nebezpe\u010dn\u00e9. To v\u0161e \u010dlov\u011bka jen utvrd\u00ed o velk\u00e9m \u0161lendri\u00e1nu.<\/p>\n<p>Dlouh\u00e9 vy\u0161et\u0159ov\u00e1n\u00ed policie, osobn\u00ed rozhovor s jedn\u00edm hasi\u010dem, kter\u00fd mi potvrdil, \u017ee se jedn\u00e1 o zlatou \u017e\u00edlu pro bezpe\u010dnostn\u00ed slo\u017eky, m\u011b utvrdily v tom, \u017ee se jedn\u00e1 o n\u011bjakou \u0161melinu. Dnes tu m\u00e1me dva elitn\u00ed agenty z Ruska, kte\u0159\u00ed za to mohou. Nechci \u0159\u00edkat, \u017ee ne a nechci ani \u0159\u00edkat, \u017ee ano. Nem\u00e1m na to dostatek informac\u00ed ale k informac\u00edm od vl\u00e1dy jsem skeptick\u00fd.<\/p>\n<p>A siln\u00e9 \u0159e\u010di na\u0161\u00ed vl\u00e1dy m\u011b d\u011bs\u00ed &#8211; Rusko je \u0161ir\u00e1 zem a jak se \u0159\u00edk\u00e1 &#8211; &#8222;ich mnogo&#8220;. Na\u0161e vl\u00e1da m\u00e1 pronajat\u00e9 st\u00edha\u010dky, kter\u00e9 mohou slou\u017eit pouze k ostraze hranic, nikoliv k boji, jak je uvedeno ve smlouv\u011b a na\u0161e arm\u00e1da je mal\u00e1. Spol\u00e9hat se na arm\u00e1dy okolo, d\u00edky NATO, mi p\u0159ijde po zku\u0161enostech s Mnichovskou dohodou skute\u010dn\u011b naivn\u00ed. Ostatn\u011b, i N\u011bmecko rozpoutalo v\u00e1lku tak, \u017ee nasadilo lidi v polsk\u00fdch uniform\u00e1ch. My si tu d\u00e1me rusk\u00e9 agenty.<\/p>\n<p>Elitn\u00ed zabij\u00e1ky, kte\u0159\u00ed nedok\u00e1\u017eou p\u0159ekonat rozpadl\u00fd plot aby vnikly do soukrom\u00e9ho muni\u010dn\u00edho skladu ale fal\u0161uj\u00ed doklady a sna\u017e\u00ed se tam dostat ofici\u00e1ln\u011b. A je\u0161t\u011b aby pod dohledem ostatn\u00edch pracovn\u00edk\u016f um\u00edstovali \u010dasovan\u00e9 n\u00e1lo\u017ee. A to je\u0161t\u011b tak blb\u011b, \u017ee ta prvn\u00ed bouchne ne v Bulharsku ale hned druh\u00fd den v \u010cesku. Nev\u00edm, co si o tom myslet. Ale v\u00edm, \u017ee n\u00e1zor si chci ud\u011blat, a\u017e bude zve\u0159ejn\u011bno o mnoho v\u00edce informac\u00ed, ne\u017e je te\u010f.<\/p>\n<p><em>Jakub Pavl\u016fsek<\/em><br \/>\n<em>zdroj: FB Jakuba Pavl\u016fska<\/em><strong><br \/>\n<\/strong><\/p>\n<p>&nbsp;<\/p>\n","protected":false},"excerpt":{"rendered":"<p>Muni\u010dn\u00ed sklady Vrb\u011btice. Jako\u017eto rod\u00e1k z t\u00e9to obce Vlachovice &#8211; Vrb\u011btice, bych r\u00e1d n\u011bco napsal&#8230;<\/p>\n","protected":false},"author":2,"featured_media":944,"comment_status":"closed","ping_status":"closed","sticky":false,"template":"","format":"standard","meta":[],"categories":[6],"tags":[29,145,73],"_links":{"self":[{"href":"https:\/\/www.infokuryr.cz\/n\/wp-json\/wp\/v2\/posts\/1009"}],"collection":[{"href":"https:\/\/www.infokuryr.cz\/n\/wp-json\/wp\/v2\/posts"}],"about":[{"href":"https:\/\/www.infokuryr.cz\/n\/wp-json\/wp\/v2\/types\/post"}],"author":[{"embeddable":true,"href":"https:\/\/www.infokuryr.cz\/n\/wp-json\/wp\/v2\/users\/2"}],"replies":[{"embeddable":true,"href":"https:\/\/www.infokuryr.cz\/n\/wp-json\/wp\/v2\/comments?post=1009"}],"version-history":[{"count":0,"href":"https:\/\/www.infokuryr.cz\/n\/wp-json\/wp\/v2\/posts\/1009\/revisions"}],"wp:featuredmedia":[{"embeddable":true,"href":"https:\/\/www.infokuryr.cz\/n\/wp-json\/wp\/v2\/media\/944"}],"wp:attachment":[{"href":"https:\/\/www.infokuryr.cz\/n\/wp-json\/wp\/v2\/media?parent=1009"}],"wp:term":[{"taxonomy":"category","embeddable":true,"href":"https:\/\/www.infokuryr.cz\/n\/wp-json\/wp\/v2\/categories?post=1009"},{"taxonomy":"post_tag","embeddable":true,"href":"https:\/\/www.infokuryr.cz\/n\/wp-json\/wp\/v2\/tags?post=1009"}],"curies":[{"name":"wp","href":"https:\/\/api.w.org\/{rel}","templated":true}]}}