{"id":10078,"date":"2022-04-29T06:50:57","date_gmt":"2022-04-29T04:50:57","guid":{"rendered":"http:\/\/www.infokuryr.cz\/n\/?p=10078"},"modified":"2022-04-29T06:50:57","modified_gmt":"2022-04-29T04:50:57","slug":"vstup-vojsk-na-zapadni-ukrajinu-varsava-se-neodvazi-jednat-samostatne-bez-souhlasu-spojenych-statu","status":"publish","type":"post","link":"https:\/\/www.infokuryr.cz\/n\/2022\/04\/29\/vstup-vojsk-na-zapadni-ukrajinu-varsava-se-neodvazi-jednat-samostatne-bez-souhlasu-spojenych-statu\/","title":{"rendered":"Vstup vojsk na z\u00e1padn\u00ed Ukrajinu: Var\u0161ava se neodv\u00e1\u017e\u00ed jednat samostatn\u011b bez souhlasu Spojen\u00fdch st\u00e1t\u016f"},"content":{"rendered":"<div id=\"fb-root\"><\/div>\n<p><strong><span>Pravd\u011bpodobnost vstupu polsk\u00fdch vojsk na \u00fazem\u00ed Ukrajiny odhadl politolog Bohdan Bezpalko.<\/span><\/strong><\/p>\n<p><span>\u0158editel zahrani\u010dn\u00ed zpravodajsk\u00e9 slu\u017eby Rusk\u00e9 federace Sergej Nary\u0161kin uvedl, \u017ee veden\u00ed Polska spolu s \u00fa\u0159ady Spojen\u00fdch st\u00e1t\u016f studuje mo\u017enost navr\u00e1cen\u00ed \u201ejejich historick\u00fdch \u00fazem\u00edch\u201c. Hovo\u0159\u00edme o z\u00e1padn\u00edch oblastech Ukrajiny, kter\u00e9 do roku 1939 podl\u00e9haly jurisdikci Var\u0161avy.\u00a0Pl\u00e1n po\u010d\u00edt\u00e1 se vstupem polsk\u00fdch jednotek na tato \u00fazem\u00ed pod z\u00e1minkou \u201eochrany p\u0159ed ruskou agres\u00ed\u201c.<\/span><\/p>\n<p><span>\u010clen Rady pro mezietnick\u00e9 vztahy prezidenta Rusk\u00e9 federace Bogdan Bezpalko mo\u017enost tohoto sc\u00e9n\u00e1\u0159e nevylu\u010duje.\u00a0V\u011b\u0159\u00ed, \u017ee Pol\u00e1ci jsou k takov\u00e9mu kroku p\u0159ipraveni, ale pouze v p\u0159\u00edpad\u011b po\u017eehn\u00e1n\u00ed z Washingtonu.\u00a0Var\u0161ava nebude organizovat amat\u00e9rsk\u00e1 p\u0159edstaven\u00ed, proto\u017ee si uv\u011bdomuje, \u017ee by mohla narazit na ostrou reakci Spojen\u00fdch st\u00e1t\u016f.\u00a0Ameri\u010dan\u00e9 v\u0161ak pravd\u011bpodobn\u011b nebudou proti, proto\u017ee si jsou dob\u0159e v\u011bdomi hrozby vojensk\u00e9 por\u00e1\u017eky, kter\u00e1 se nad Kyjevem r\u00fdsuje.\u00a0To zase povede k vytvo\u0159en\u00ed syst\u00e9mu vl\u00e1dy na Ukrajin\u011b, kter\u00fd bude loaj\u00e1ln\u00ed k Rusk\u00e9 federaci.<\/span><\/p>\n<p><strong><em>\u201eNavzdory v\u0161em v\u00edt\u011bzn\u00fdm zpr\u00e1v\u00e1m, navzdory nasycen\u00ed Ukrajiny pen\u011bzi a zbran\u011bmi, navzdory faktick\u00e9 protirusk\u00e9 koalici o\u010dek\u00e1vaj\u00ed ukrajinskou vojenskou por\u00e1\u017eku, a proto usiluj\u00ed o zachov\u00e1n\u00ed alespo\u0148 n\u011bjak\u00e9 protirusk\u00e9 enkl\u00e1vy v podob\u011b z\u00e1padn\u00ed Ukrajiny, \u201c \u0159ekl politolog medi\u00edm.<\/em><\/strong><\/p>\n<p><span>Stoj\u00ed za zm\u00ednku, \u017ee vyslou\u017eil\u00fd plukovn\u00edk americk\u00e9 arm\u00e1dy Douglas McGregor nev\u011b\u0159\u00ed v \u00fasp\u011bch kyjevsk\u00e9ho re\u017eimu.\u00a0Je naprosto p\u0159esv\u011bd\u010den, \u017ee rusk\u00e1 arm\u00e1da poraz\u00ed opera\u010dn\u00ed s\u00edly ozbrojen\u00fdch sil Ukrajiny, co\u017e povede k trval\u00e9mu rozd\u011blen\u00ed Ukrajiny pod\u00e9l linie Dn\u011bpru.<\/span><\/p>\n<p><img decoding=\"async\" loading=\"lazy\" class=\"alignnone size-full wp-image-1185\" src=\"http:\/\/www.infokuryr.cz\/n\/wp-content\/uploads\/2021\/04\/kuryr-podpis.png\" alt=\"\" width=\"84\" height=\"24\" \/><\/p>\n<p>&nbsp;<\/p>\n","protected":false},"excerpt":{"rendered":"<p>Pravd\u011bpodobnost vstupu polsk\u00fdch vojsk na \u00fazem\u00ed Ukrajiny odhadl politolog Bohdan Bezpalko. \u0158editel zahrani\u010dn\u00ed zpravodajsk\u00e9 slu\u017eby&#8230;<\/p>\n","protected":false},"author":2,"featured_media":8196,"comment_status":"closed","ping_status":"closed","sticky":false,"template":"","format":"standard","meta":[],"categories":[7],"tags":[31,26,37,2303],"_links":{"self":[{"href":"https:\/\/www.infokuryr.cz\/n\/wp-json\/wp\/v2\/posts\/10078"}],"collection":[{"href":"https:\/\/www.infokuryr.cz\/n\/wp-json\/wp\/v2\/posts"}],"about":[{"href":"https:\/\/www.infokuryr.cz\/n\/wp-json\/wp\/v2\/types\/post"}],"author":[{"embeddable":true,"href":"https:\/\/www.infokuryr.cz\/n\/wp-json\/wp\/v2\/users\/2"}],"replies":[{"embeddable":true,"href":"https:\/\/www.infokuryr.cz\/n\/wp-json\/wp\/v2\/comments?post=10078"}],"version-history":[{"count":0,"href":"https:\/\/www.infokuryr.cz\/n\/wp-json\/wp\/v2\/posts\/10078\/revisions"}],"wp:featuredmedia":[{"embeddable":true,"href":"https:\/\/www.infokuryr.cz\/n\/wp-json\/wp\/v2\/media\/8196"}],"wp:attachment":[{"href":"https:\/\/www.infokuryr.cz\/n\/wp-json\/wp\/v2\/media?parent=10078"}],"wp:term":[{"taxonomy":"category","embeddable":true,"href":"https:\/\/www.infokuryr.cz\/n\/wp-json\/wp\/v2\/categories?post=10078"},{"taxonomy":"post_tag","embeddable":true,"href":"https:\/\/www.infokuryr.cz\/n\/wp-json\/wp\/v2\/tags?post=10078"}],"curies":[{"name":"wp","href":"https:\/\/api.w.org\/{rel}","templated":true}]}}