{"id":100773,"date":"2026-03-02T06:42:52","date_gmt":"2026-03-02T05:42:52","guid":{"rendered":"https:\/\/www.infokuryr.cz\/n\/?p=100773"},"modified":"2026-03-02T06:42:52","modified_gmt":"2026-03-02T05:42:52","slug":"martin-jay-valecne-hry-nebo-totalni-valka-utoky-na-iran-jsou-ciste-silenstvi","status":"publish","type":"post","link":"https:\/\/www.infokuryr.cz\/n\/2026\/03\/02\/martin-jay-valecne-hry-nebo-totalni-valka-utoky-na-iran-jsou-ciste-silenstvi\/","title":{"rendered":"Martin Jay: V\u00e1le\u010dn\u00e9 hry nebo tot\u00e1ln\u00ed v\u00e1lka? \u00datoky na \u00cdr\u00e1n jsou \u010dist\u00e9 \u0161\u00edlenstv\u00ed"},"content":{"rendered":"<div id=\"fb-root\"><\/div>\n<p><strong>Varov\u00e1n\u00ed p\u0159i\u0161la, ale v\u011bt\u0161ina se rozhodla je ignorovat, proto\u017ee v\u011b\u0159ila, \u017ee Trump blafuje a pou\u017e\u00edv\u00e1 vojenskou hrozbu jako vyjedn\u00e1vac\u00ed n\u00e1stroj, co\u017e je typick\u00e9 pro tyrana, kter\u00fd m\u00e1 m\u00e1lo nebo v\u016fbec \u017e\u00e1dnou diplomatickou vervu. Jen velmi m\u00e1lo koment\u00e1tor\u016f, v\u010detn\u011b autora, mohlo skute\u010dn\u011b uv\u011b\u0159it, \u017ee Trump by byl tak hloup\u00fd, aby zah\u00e1jil v\u00e1lku s \u00cdr\u00e1nem, kdy\u017e je tolik faktor\u016f proti USA a Izraeli, co\u017e zaru\u010duje, \u017ee z n\u00ed nevzejdou dob\u0159e. Ale prorock\u00e1 slova Alastaira Crooka z p\u0159ed n\u011bkolika dny, varuj\u00edc\u00ed p\u0159ed \u201ev\u00e1lkou\u201c, budou je\u0161t\u011b dlouho v pam\u011bti. Machismo, chv\u00e1st\u00e1n\u00ed a \u017ealostn\u00e1 nejistota slab\u00fdch mu\u017e\u016f st\u0159edn\u00edho v\u011bku, kte\u0159\u00ed sami nikdy nebojovali ve v\u00e1lce a jsou odhodl\u00e1ni prosazovat sv\u00e9 vlastn\u00ed politick\u00e9 c\u00edle, zat\u00edmco pou\u017e\u00edvaj\u00ed nevzd\u011blan\u00e9 mlad\u00e9 mu\u017ee jako ber\u00e1nky na por\u00e1\u017eku, nakonec ustoupily rozumu.<\/strong><\/p>\n<p>Samoz\u0159ejm\u011b, \u017ee takzvan\u00e9 m\u00edrov\u00e9 rozhovory, kter\u00e9 USA vedly s \u00cdr\u00e1nem, byly fale\u0161n\u00e9, a tyto \u00fadery byly toho d\u016fkazem. Prvn\u00ed \u00fader Izraele, zbab\u011bl\u00fd a odporn\u00fd bombardov\u00e1n\u00ed \u0161koly, p\u0159i kter\u00e9m zahynulo p\u0159es 50 d\u011bt\u00ed, je pro Izrael typick\u00fd a mohlo to b\u00fdt t\u00edm, \u017ee Netanjahu ztratil trp\u011blivost a cht\u011bl, aby show za\u010dala. Mohlo to b\u00fdt tak\u00e9 jak\u00e9si testov\u00e1n\u00ed, zda \u00cdr\u00e1n zareaguje okam\u017eit\u011b a neprojev\u00ed \u017e\u00e1dnou shov\u00edvavost v\u016f\u010di americk\u00fdm z\u00e1kladn\u00e1m v cel\u00e9m regionu. Ale stejn\u011b jako je \u00fatok hanebnou provokac\u00ed, tak je j\u00ed i zp\u016fsob, jak\u00fdm z\u00e1padn\u00ed m\u00e9dia odm\u00edtaj\u00ed tuto ud\u00e1lost spr\u00e1vn\u011b interpretovat. Mo\u017en\u00e1 Trump\u016fv vlastn\u00ed projev o stavu Unie, ve kter\u00e9m komicky tvrdil, \u017ee \u00cdr\u00e1n se chyst\u00e1 za\u00fato\u010dit na z\u00e1padn\u00ed zem\u011b jadernou zbran\u00ed, nastavil t\u00f3n pro extr\u00e9mn\u00ed parodii.<\/p>\n<p>Nikdo krom\u011b Izraele tuto v\u00e1lku nechce. Nikdo na Z\u00e1pad\u011b tuto iniciativu nepodporuje, a tak Trump stoj\u00ed osamocen. Ale jak ub\u00edhaj\u00ed hodiny soboty a sledujeme reakci \u00cdr\u00e1nu, nevid\u00edme \u017e\u00e1dnou n\u00e1slednou reakci ze strany USA. Zd\u00e1 se, \u017ee za\u017e\u00edv\u00e1me fale\u0161nou, men\u0161\u00ed v\u00e1lku, kter\u00e1 by mohla b\u00fdt pou\u017eita jako sou\u010d\u00e1st propagandistick\u00e9 kampan\u011b k ospravedln\u011bn\u00ed pozd\u011bj\u0161\u00edho \u00fatoku ze strany USA. V\u011bt\u0161ina toho, co \u010dteme v z\u00e1padn\u00edch novin\u00e1ch, je systematick\u00e9, dlouhodob\u00e9 k\u0159t\u011bn\u00ed l\u017e\u00ed, zalo\u017een\u00e9 na 30let\u00e9m narativu, \u017ee \u201e\u00cdr\u00e1n je n\u011bkolik t\u00fddn\u016f od v\u00fdroby jadern\u00e9 bomby\u201c, a proto bychom nem\u011bli v\u011b\u0159it, \u017ee m\u00e9dia o tom budou informovat p\u0159esn\u011b.<\/p>\n<p>Kdy\u017e se Amerika v sobotu r\u00e1no probud\u00ed, budou to v\u0161ak novin\u00e1\u0159i, kte\u0159\u00ed se Trumpa zeptaj\u00ed, zda o \u00fatoku v\u011bd\u011bl nebo zda jej skute\u010dn\u011b schv\u00e1lil. Tato z\u00e1ludn\u00e1 ot\u00e1zka, na kterou nem\u016f\u017ee dob\u0159e odpov\u011bd\u011bt, n\u00e1m m\u016f\u017ee poskytnout vod\u00edtko k tomu, co se stalo, zat\u00edmco spal, i kdy\u017e americk\u00e1 ve\u0159ejnost, naivn\u00ed jak je, m\u016f\u017ee klidn\u011b uv\u011b\u0159it, \u017ee o izraelsk\u00e9m \u00fatoku na \u0161kolu nev\u011bd\u011bl. Zbytek sv\u011bta to v\u0161ak neakceptuje, zejm\u00e9na vzhledem k tomu, \u017ee v p\u00e1tek ve\u010der zve\u0159ejnil na sv\u00e9 soci\u00e1ln\u00ed s\u00edti projev, ve kter\u00e9m varoval Ameri\u010dany, \u017ee dojde ke ztr\u00e1t\u00e1m na \u017eivotech.<\/p>\n<p>Opravdu zaj\u00edmav\u00e9 je, jak se reakce Izraele a USA zpozdila, co\u017e by mohlo nazna\u010dovat, \u017ee Trump chce zcela odli\u0161n\u00fd styl jedn\u00e1n\u00ed s \u00cdr\u00e1nem ne\u017e v \u010dervnu lo\u0148sk\u00e9ho roku, kdy do\u0161lo k intenzivn\u00edmu \u00fatoku trvaj\u00edc\u00edmu v\u00edce ne\u017e 12 dn\u00ed, kter\u00fd nakonec vy\u010derpal z\u00e1soby munice jak Izraele, tak USA. Odborn\u00edci poukazuj\u00ed na to, \u017ee nov\u00e1 v\u00e1lka s \u00cdr\u00e1nem, kter\u00e1 by m\u011bla podobn\u00fd pr\u016fb\u011bh, by musela b\u00fdt zpo\u017ed\u011bna asi o t\u00fdden. Domn\u00edv\u00e1 se Trump, \u017ee del\u0161\u00ed, vlekl\u00e1 v\u00e1lka, kter\u00e1 ho dovede a\u017e k volb\u00e1m v polovin\u011b volebn\u00edho obdob\u00ed a d\u00e1le, by pro n\u011bj mohla b\u00fdt v\u00fdhodn\u00e1? A tak mnohem pomalej\u0161\u00ed a um\u00edrn\u011bn\u011bj\u0161\u00ed v\u00e1lka, kter\u00e1 byla zpo\u010d\u00e1tku pova\u017eov\u00e1na za trumf \u00cdr\u00e1nu, by mohla b\u00fdt pro Trumpa zp\u016fsobem, jak z\u016fstat v \u00fa\u0159adu a z\u00e1rove\u0148 udr\u017eet Izraelce spokojen\u00e9. Je t\u011b\u017ek\u00e9 jasn\u011b rozpoznat, jak\u00e9 jsou c\u00edle, ale m\u00e1lokdo, pokud v\u016fbec n\u011bkdo, v\u011b\u0159\u00ed, \u017ee v\u00e1lka je pro Ameriku a Ameri\u010dany.<\/p>\n<p>Jeffrey Sachs to dob\u0159e shrnul na soci\u00e1ln\u00edch m\u00e9di\u00edch. \u201eMo\u017en\u00e1 je to kv\u016fli tomu, co je v Epsteinov\u00fdch spisech&#8230; mo\u017en\u00e1 jde o vyd\u00edr\u00e1n\u00ed, mo\u017en\u00e1 o korupci&#8230; ale nejde o z\u00e1jmy Ameriky.\u201c<\/p>\n<p>Je docela mo\u017en\u00e9, \u017ee jde o v\u0161echny t\u0159i d\u016fvody. Trump se ale zjevn\u011b ocitl v pasti Izraele, proto\u017ee odm\u00edtaj\u00ed jak\u00fdkoli demokratick\u00fd proces, ignoruje mezin\u00e1rodn\u00ed pr\u00e1vo a \u0161okuj\u00edc\u00edm zp\u016fsobem pohrd\u00e1 diplomaci\u00ed v m\u00ed\u0159e, kterou si m\u00e1lokdo dok\u00e1\u017ee p\u0159edstavit. Kde je mor\u00e1ln\u00ed z\u00e1klad pro zabit\u00ed 36 mal\u00fdch d\u00edvek ve \u0161kole, kdy\u017e i s\u00e1m Trump ve sv\u00e9m rozho\u0159\u010den\u00e9m p\u0159\u00edsp\u011bvku na soci\u00e1ln\u00edch m\u00e9di\u00edch hovo\u0159\u00ed o zni\u010den\u00ed \u00edr\u00e1nsk\u00fdch raket? To nen\u00ed Trump, jak\u00e9ho zn\u00e1me. P\u0159evzal Bibi kontrolu nad Spojen\u00fdmi st\u00e1ty, se v\u0161\u00edm v\u0161udy?<\/p>\n<div class=\"podcarou\"><a href=\"https:\/\/strategic-culture.su\/news\/2026\/02\/28\/war-games-or-full-out-war-the-attacks-on-iran-are-just-pure-madness\/\" target=\"_blank\" rel=\"external noopener\">War games or full out war? The attacks on Iran are just pure madness<\/a> vy\u0161el 28.2.2026 na Strategic Culture<\/div>\n<div><\/div>\n<div><\/div>\n","protected":false},"excerpt":{"rendered":"<p>Varov\u00e1n\u00ed p\u0159i\u0161la, ale v\u011bt\u0161ina se rozhodla je ignorovat, proto\u017ee v\u011b\u0159ila, \u017ee Trump blafuje a pou\u017e\u00edv\u00e1&#8230;<\/p>\n","protected":false},"author":2,"featured_media":98793,"comment_status":"closed","ping_status":"closed","sticky":false,"template":"","format":"standard","meta":[],"categories":[7],"tags":[38,1503,37,40],"_links":{"self":[{"href":"https:\/\/www.infokuryr.cz\/n\/wp-json\/wp\/v2\/posts\/100773"}],"collection":[{"href":"https:\/\/www.infokuryr.cz\/n\/wp-json\/wp\/v2\/posts"}],"about":[{"href":"https:\/\/www.infokuryr.cz\/n\/wp-json\/wp\/v2\/types\/post"}],"author":[{"embeddable":true,"href":"https:\/\/www.infokuryr.cz\/n\/wp-json\/wp\/v2\/users\/2"}],"replies":[{"embeddable":true,"href":"https:\/\/www.infokuryr.cz\/n\/wp-json\/wp\/v2\/comments?post=100773"}],"version-history":[{"count":0,"href":"https:\/\/www.infokuryr.cz\/n\/wp-json\/wp\/v2\/posts\/100773\/revisions"}],"wp:featuredmedia":[{"embeddable":true,"href":"https:\/\/www.infokuryr.cz\/n\/wp-json\/wp\/v2\/media\/98793"}],"wp:attachment":[{"href":"https:\/\/www.infokuryr.cz\/n\/wp-json\/wp\/v2\/media?parent=100773"}],"wp:term":[{"taxonomy":"category","embeddable":true,"href":"https:\/\/www.infokuryr.cz\/n\/wp-json\/wp\/v2\/categories?post=100773"},{"taxonomy":"post_tag","embeddable":true,"href":"https:\/\/www.infokuryr.cz\/n\/wp-json\/wp\/v2\/tags?post=100773"}],"curies":[{"name":"wp","href":"https:\/\/api.w.org\/{rel}","templated":true}]}}