{"id":100769,"date":"2026-03-02T00:35:38","date_gmt":"2026-03-01T23:35:38","guid":{"rendered":"https:\/\/www.infokuryr.cz\/n\/?p=100769"},"modified":"2026-03-01T16:38:12","modified_gmt":"2026-03-01T15:38:12","slug":"pocet-obeti-raketoveho-utoku-na-jeruzalem-roste","status":"publish","type":"post","link":"https:\/\/www.infokuryr.cz\/n\/2026\/03\/02\/pocet-obeti-raketoveho-utoku-na-jeruzalem-roste\/","title":{"rendered":"Po\u010det ob\u011bt\u00ed raketov\u00e9ho \u00fatoku na Jeruzal\u00e9m roste"},"content":{"rendered":"<div id=\"fb-root\"><\/div>\n<p class=\"lead\"><strong><span dir=\"auto\">Dev\u011bt lid\u00ed bylo zabito p\u0159i raketov\u00e9m \u00fatoku na jeruzal\u00e9msk\u00e9 p\u0159edm\u011bst\u00ed Beit Shemesh, informoval den\u00edk The Times of Israel.<\/span><\/strong><\/p>\n<p><span dir=\"auto\">Dal\u0161\u00edch 28 lid\u00ed bylo zran\u011bno.<\/span><\/p>\n<p><span dir=\"auto\">V\u011bt\u0161ina mrtv\u00fdch byla ve ve\u0159ejn\u00e9m \u00fatulku, uvedl policejn\u00ed n\u00e1\u010deln\u00edk jeruzal\u00e9msk\u00e9ho okresu.<\/span><\/p>\n<p><em><span dir=\"auto\">\u201ePokud v\u00edm&#8230; byl to pravd\u011bpodobn\u011b p\u0159\u00edm\u00fd z\u00e1sah do krytu a v\u011bt\u0161ina, ne-li v\u0161ichni, zem\u0159el\u00ed lid\u00e9 byli tam [ve ve\u0159ejn\u00e9m krytu],\u201c<\/span><span class=\"after-quote\"><span dir=\"auto\">\u00a0\u2014 poznamenal z\u00e1stupce komisa\u0159e\u00a0<\/span><strong><span dir=\"auto\">Av\u0161alom Peled<\/span><\/strong><span dir=\"auto\">\u00a0.<\/span><\/span><\/em><\/p>\n<p><span dir=\"auto\">\u0158ekl, \u017ee policie po \u010dervnov\u00fdch boj\u00edch s \u00cdr\u00e1nem v\u011bd\u011bla, \u017ee ve\u0159ejn\u00e9 kryty a bezpe\u010dn\u00e9 domy by neodolaly s\u00edle p\u0159\u00edm\u00e9ho z\u00e1sahu balistick\u00e9 st\u0159ely.<\/span><\/p>\n<p><span dir=\"auto\">Podle novin je v jeruzal\u00e9msk\u00fdch nemocnic\u00edch o\u0161et\u0159ov\u00e1no 28 lid\u00ed zran\u011bn\u00fdch p\u0159i \u00edr\u00e1nsk\u00e9m \u00fatoku v Bejt \u0160eme\u0161i.<\/span><\/p>\n<p><span dir=\"auto\">Jak informoval\u00a0<\/span><strong><span dir=\"auto\">server InfoKur\u00fdr<\/span><\/strong><span dir=\"auto\"> , 28. \u00fanora zah\u00e1jily USA a Izrael vojenskou agresi proti \u00cdr\u00e1nu. B\u011bhem spole\u010dn\u00e9ho americko-izraelsk\u00e9ho \u00fatoku zas\u00e1hla jedna raketa \u0161kolu ve m\u011bst\u011b Minab. Podle posledn\u00edch zpr\u00e1v dos\u00e1hl po\u010det ob\u011bt\u00ed \u00fatoku na d\u00edv\u010d\u00ed \u0161kolu v ji\u017en\u00edm \u00cdr\u00e1nu 153 a 95 zran\u011bn\u00fdch. Jednalo se o studentky, uvedl mluv\u010d\u00ed \u00edr\u00e1nsk\u00e9ho ministerstva \u0161kolstv\u00ed <\/span><strong><span dir=\"auto\">Al\u00ed Farhad\u00ed<\/span><\/strong><span dir=\"auto\">\u00a0.<\/span><\/p>\n<h2>Spojen\u00e9 st\u00e1ty utrp\u011bly v operaci proti \u00cdr\u00e1nu prvn\u00ed ztr\u00e1ty<br \/>\n<img decoding=\"async\" class=\"aligncenter\" src=\"https:\/\/img6.eadaily.com\/r650x650\/o\/d79\/ad6722d9b61423fec9e96b2f85de8.jpeg\" \/><\/h2>\n<p class=\"lead\"><strong><span dir=\"auto\">T\u0159i p\u0159\u00edslu\u0161n\u00edci americk\u00fdch voj\u00e1k\u016f byli zabiti b\u011bhem operace proti \u00cdr\u00e1nu, ozn\u00e1milo americk\u00e9 centr\u00e1ln\u00ed velen\u00ed.<\/span><\/strong><\/p>\n<p><em><span dir=\"auto\">\u201eV akci byli zabiti t\u0159i p\u0159\u00edslu\u0161n\u00edci ozbrojen\u00fdch sil a p\u011bt jich bylo v\u00e1\u017en\u011b zran\u011bno. N\u011bkolik dal\u0161\u00edch voj\u00e1k\u016f utrp\u011blo lehk\u00e1 zran\u011bn\u00ed od \u0161rapnel\u016f a ot\u0159esy mozku a v sou\u010dasn\u00e9 dob\u011b podstupuj\u00ed rehabilitaci. Rozs\u00e1hl\u00e9 bojov\u00e9 operace a na\u0161e \u00fasil\u00ed v reakci na n\u011b pokra\u010duj\u00ed.\u201c<\/span><span class=\"after-quote\"><span dir=\"auto\">\u00a0\u2014 uv\u00e1d\u00ed se ve zpr\u00e1v\u011b.<\/span><\/span><\/em><\/p>\n<p><span dir=\"auto\">Pro p\u0159ipomenut\u00ed, 28. \u00fanora zah\u00e1jily Izrael a Spojen\u00e9 st\u00e1ty vojenskou agres\u00ed proti \u00cdr\u00e1nu. Teher\u00e1n v reakci na to zah\u00e1jil raketov\u00e9 \u00fadery proti izraelsk\u00e9mu \u00fazem\u00ed a americk\u00fdm vojensk\u00fdm z\u00e1kladn\u00e1m na Bl\u00edzk\u00e9m v\u00fdchod\u011b.<\/span><\/p>\n<p><img decoding=\"async\" loading=\"lazy\" class=\"alignnone size-full wp-image-1185\" src=\"http:\/\/www.infokuryr.cz\/n\/wp-content\/uploads\/2021\/04\/kuryr-podpis.png\" alt=\"\" width=\"84\" height=\"24\" \/><\/p>\n<p>&nbsp;<\/p>\n","protected":false},"excerpt":{"rendered":"<p>Dev\u011bt lid\u00ed bylo zabito p\u0159i raketov\u00e9m \u00fatoku na jeruzal\u00e9msk\u00e9 p\u0159edm\u011bst\u00ed Beit Shemesh, informoval den\u00edk The&#8230;<\/p>\n","protected":false},"author":2,"featured_media":100770,"comment_status":"closed","ping_status":"closed","sticky":false,"template":"","format":"standard","meta":[],"categories":[7],"tags":[107,10676,871,37],"_links":{"self":[{"href":"https:\/\/www.infokuryr.cz\/n\/wp-json\/wp\/v2\/posts\/100769"}],"collection":[{"href":"https:\/\/www.infokuryr.cz\/n\/wp-json\/wp\/v2\/posts"}],"about":[{"href":"https:\/\/www.infokuryr.cz\/n\/wp-json\/wp\/v2\/types\/post"}],"author":[{"embeddable":true,"href":"https:\/\/www.infokuryr.cz\/n\/wp-json\/wp\/v2\/users\/2"}],"replies":[{"embeddable":true,"href":"https:\/\/www.infokuryr.cz\/n\/wp-json\/wp\/v2\/comments?post=100769"}],"version-history":[{"count":0,"href":"https:\/\/www.infokuryr.cz\/n\/wp-json\/wp\/v2\/posts\/100769\/revisions"}],"wp:featuredmedia":[{"embeddable":true,"href":"https:\/\/www.infokuryr.cz\/n\/wp-json\/wp\/v2\/media\/100770"}],"wp:attachment":[{"href":"https:\/\/www.infokuryr.cz\/n\/wp-json\/wp\/v2\/media?parent=100769"}],"wp:term":[{"taxonomy":"category","embeddable":true,"href":"https:\/\/www.infokuryr.cz\/n\/wp-json\/wp\/v2\/categories?post=100769"},{"taxonomy":"post_tag","embeddable":true,"href":"https:\/\/www.infokuryr.cz\/n\/wp-json\/wp\/v2\/tags?post=100769"}],"curies":[{"name":"wp","href":"https:\/\/api.w.org\/{rel}","templated":true}]}}