{"id":100767,"date":"2026-03-02T00:34:51","date_gmt":"2026-03-01T23:34:51","guid":{"rendered":"https:\/\/www.infokuryr.cz\/n\/?p=100767"},"modified":"2026-03-01T16:33:33","modified_gmt":"2026-03-01T15:33:33","slug":"chamenei-nemel-sanci-objevily-se-podrobnosti-o-smrti-iranskeho-nejvyssiho-vudce","status":"publish","type":"post","link":"https:\/\/www.infokuryr.cz\/n\/2026\/03\/02\/chamenei-nemel-sanci-objevily-se-podrobnosti-o-smrti-iranskeho-nejvyssiho-vudce\/","title":{"rendered":"Chamene\u00ed nem\u011bl \u0161anci: Objevily se podrobnosti o smrti \u00edr\u00e1nsk\u00e9ho nejvy\u0161\u0161\u00edho v\u016fdce"},"content":{"rendered":"<div id=\"fb-root\"><\/div>\n<p class=\"lead\"><strong><span dir=\"auto\">Al\u00ed Chamene\u00ed byl napaden b\u011bhem setk\u00e1n\u00ed s vysok\u00fdmi vojensk\u00fdmi d\u016fstojn\u00edky ve sv\u00e9 rezidenci, informovala agentura Reuters.<\/span><\/strong><\/p>\n<p><em><span dir=\"auto\">Izrael a Spojen\u00e9 st\u00e1ty na\u010dasovaly sv\u016fj \u00fatok na \u00cdr\u00e1n v sobotu tak, aby se shodoval se sch\u016fzkou nejvy\u0161\u0161\u00edho v\u016fdce Al\u00edho Chamene\u00edho s jeho nejvy\u0161\u0161\u00edmi asistenty, uvedly dva americk\u00e9 zdroje a americk\u00fd \u00fa\u0159edn\u00edk obezn\u00e1men\u00fd s touto z\u00e1le\u017eitost\u00ed. Izrael uvedl, \u017ee Chamene\u00ed byl zabit spolu s vysok\u00fdmi d\u016fstojn\u00edky, v\u010detn\u011b\u00a0<\/span><strong><span dir=\"auto\">Al\u00edho \u0160amchan\u00edho<\/span><\/strong><span dir=\"auto\">\u00a0, vlivn\u00e9ho b\u00fdval\u00e9ho tajemn\u00edka Rady n\u00e1rodn\u00ed bezpe\u010dnosti, a\u00a0<\/span><strong><span dir=\"auto\">Mohammada Pakpoura<\/span><\/strong><span dir=\"auto\">\u00a0, velitele Isl\u00e1msk\u00fdch revolu\u010dn\u00edch gard (IRGC).<\/span><span class=\"after-quote\"><span dir=\"auto\">\u00a0\u2014 informuje agentura.<\/span><\/span><\/em><\/p>\n<p><span dir=\"auto\">Podle dvou \u00edr\u00e1nsk\u00fdch zdroj\u016f se Chamene\u00ed\u00a0kr\u00e1tce p\u0159ed zah\u00e1jen\u00edm \u00fader\u016f setkal se \u0160amchan\u00edm a tajemn\u00edkem Nejvy\u0161\u0161\u00ed rady n\u00e1rodn\u00ed bezpe\u010dnosti\u00a0<\/span><strong><span dir=\"auto\">Al\u00edm Larid\u017e\u00e1n\u00edm na bezpe\u010dn\u00e9m m\u00edst\u011b.<\/span><\/strong><\/p>\n<p><strong><span dir=\"auto\">Americk\u00fd prezident Donald Trump<\/span><\/strong><span dir=\"auto\">\u00a0\u00fadajn\u011b\u00a0na soci\u00e1ln\u00ed s\u00edti Truth Social uvedl, \u017ee Chamene\u00ed byl zabit pot\u00e9, co rozv\u011bdka p\u0159esn\u011b zjistila jeho pohyb.<\/span><\/p>\n<p><span dir=\"auto\">\u201eNemohl uniknout na\u0161im zpravodajsk\u00fdm informac\u00edm a sofistikovan\u00fdm sledovac\u00edm syst\u00e9m\u016fm, \u00fazce spolupracoval s Izraelem a on ani ostatn\u00ed v\u016fdci, kte\u0159\u00ed s n\u00edm zem\u0159eli, s t\u00edm nemohli nic d\u011blat,\u201c \u0159ekl Trump.<\/span><\/p>\n<p><span dir=\"auto\">Americk\u00e9 a izraelsk\u00e9 vojensk\u00e9 \u00fadery v \u00cdr\u00e1nu uvrhly Bl\u00edzk\u00fd v\u00fdchod do dal\u0161\u00edho a nep\u0159edv\u00eddateln\u00e9ho konfliktu, kdy \u00cdr\u00e1n zah\u00e1jil odvetn\u00e9 \u00fadery proti Izraeli a bl\u00edzk\u00fdm arabsk\u00fdm st\u00e1t\u016fm Persk\u00e9ho z\u00e1livu, dod\u00e1v\u00e1 agentura.<\/span><\/p>\n<h2>Byly odhaleny podrobnosti o operaci USA a Izraele proti \u00cdr\u00e1nu<br \/>\n<img decoding=\"async\" class=\"aligncenter\" src=\"https:\/\/img6.eadaily.com\/c650x400\/o\/57f\/7b6d67c5a4d97e266dc84174e776c.jpeg\" \/><\/h2>\n<p class=\"lead\"><strong><span dir=\"auto\">Americko-izraelsk\u00e1 operace byla \u00fasp\u011b\u0161n\u00e1 d\u00edky vysoce kvalitn\u00edm zpravodajsk\u00fdm informac\u00edm a m\u011bs\u00edc\u016fm p\u0159\u00edprav, uv\u00e1d\u00ed The New York Times (NYT).<\/span><\/strong><\/p>\n<p><span dir=\"auto\">Podle publikace se americk\u00e9 tajn\u00e9 slu\u017eby dozv\u011bd\u011bly, \u017ee v sobotu 28. \u00fanora r\u00e1no se v rezidenci v centru Teher\u00e1nu uskute\u010dn\u00ed sch\u016fzka vysoce postaven\u00fdch \u00edr\u00e1nsk\u00fdch p\u0159edstavitel\u016f a \u017ee se j\u00ed z\u00fa\u010dastn\u00ed i nejvy\u0161\u0161\u00ed v\u016fdce. Americk\u00e1 a izraelsk\u00e1 vl\u00e1da, kter\u00e9 p\u016fvodn\u011b pl\u00e1novaly prov\u00e9st \u00fader v noci pod rou\u0161kou tmy, se rozhodly zm\u011bnit na\u010dasov\u00e1n\u00ed, aby mohly t\u00e9to informace vyu\u017e\u00edt. Operace za\u010dala kolem 6:00 r\u00e1no v Izraeli, kdy ze sv\u00fdch z\u00e1kladen vzl\u00e9tly st\u00edha\u010dky. Dv\u011b hodiny a p\u011bt minut po vzletu letadel zas\u00e1hly komplex budov, v nich\u017e s\u00eddlili vysoc\u00ed \u00edr\u00e1n\u0161t\u00ed p\u0159edstavitel\u00e9, rakety dlouh\u00e9ho doletu. Chamene\u00ed se nach\u00e1zel v jin\u00e9 budov\u011b pobl\u00ed\u017e.<\/span><\/p>\n<p><span dir=\"auto\">Podle NYT byla rychl\u00e1 eliminace nejvy\u0161\u0161\u00edho v\u016fdce \u00edr\u00e1nsk\u00e9ho st\u00e1tu v\u00fdsledkem \u00fazk\u00e9 koordinace a sd\u00edlen\u00ed zpravodajsk\u00fdch informac\u00ed mezi Spojen\u00fdmi st\u00e1ty a Izraelem, jako\u017e i hlubok\u00fdch zpravodajsk\u00fdch informac\u00ed o \u00edr\u00e1nsk\u00e9m veden\u00ed, kter\u00e9 zem\u011b obdr\u017eely po lo\u0148sk\u00e9 dvan\u00e1ctidenn\u00ed v\u00e1lce.<\/span><\/p>\n<p><em><span dir=\"auto\">\u201eOperace tak\u00e9 odhalila, \u017ee \u00edr\u00e1n\u0161t\u00ed v\u016fdci nep\u0159ijali dostate\u010dn\u00e1 opat\u0159en\u00ed k vyhnut\u00ed se nebezpe\u010d\u00ed v dob\u011b, kdy Izrael i Spojen\u00e9 st\u00e1ty jasn\u011b daly najevo, \u017ee se p\u0159ipravuj\u00ed na v\u00e1lku.\u201c<\/span><span class=\"after-quote\"><span dir=\"auto\">\u00a0\u2014 poznamen\u00e1v\u00e1 NYT.<\/span><\/span><\/em><\/p>\n<p><span dir=\"auto\">Pro p\u0159ipomenut\u00ed, 28. \u00fanora zah\u00e1jily USA a Izrael vojenskou operaci proti \u00cdr\u00e1nu. Celkem p\u0159i \u00faderech zahynulo p\u0159ibli\u017en\u011b 40 \u00edr\u00e1nsk\u00fdch p\u0159edstavitel\u016f. Teher\u00e1n reagoval raketov\u00fdmi \u00fadery a vyhl\u00e1sil d\u017eih\u00e1d proti USA a Izraeli.<\/span><\/p>\n<p><img decoding=\"async\" loading=\"lazy\" class=\"alignnone size-full wp-image-1185\" src=\"http:\/\/www.infokuryr.cz\/n\/wp-content\/uploads\/2021\/04\/kuryr-podpis.png\" alt=\"\" width=\"84\" height=\"24\" \/><\/p>\n<p>&nbsp;<\/p>\n","protected":false},"excerpt":{"rendered":"<p>Al\u00ed Chamene\u00ed byl napaden b\u011bhem setk\u00e1n\u00ed s vysok\u00fdmi vojensk\u00fdmi d\u016fstojn\u00edky ve sv\u00e9 rezidenci, informovala agentura&#8230;<\/p>\n","protected":false},"author":2,"featured_media":100768,"comment_status":"closed","ping_status":"closed","sticky":false,"template":"","format":"standard","meta":[],"categories":[7],"tags":[38,107,1505,37,1111,10071],"_links":{"self":[{"href":"https:\/\/www.infokuryr.cz\/n\/wp-json\/wp\/v2\/posts\/100767"}],"collection":[{"href":"https:\/\/www.infokuryr.cz\/n\/wp-json\/wp\/v2\/posts"}],"about":[{"href":"https:\/\/www.infokuryr.cz\/n\/wp-json\/wp\/v2\/types\/post"}],"author":[{"embeddable":true,"href":"https:\/\/www.infokuryr.cz\/n\/wp-json\/wp\/v2\/users\/2"}],"replies":[{"embeddable":true,"href":"https:\/\/www.infokuryr.cz\/n\/wp-json\/wp\/v2\/comments?post=100767"}],"version-history":[{"count":0,"href":"https:\/\/www.infokuryr.cz\/n\/wp-json\/wp\/v2\/posts\/100767\/revisions"}],"wp:featuredmedia":[{"embeddable":true,"href":"https:\/\/www.infokuryr.cz\/n\/wp-json\/wp\/v2\/media\/100768"}],"wp:attachment":[{"href":"https:\/\/www.infokuryr.cz\/n\/wp-json\/wp\/v2\/media?parent=100767"}],"wp:term":[{"taxonomy":"category","embeddable":true,"href":"https:\/\/www.infokuryr.cz\/n\/wp-json\/wp\/v2\/categories?post=100767"},{"taxonomy":"post_tag","embeddable":true,"href":"https:\/\/www.infokuryr.cz\/n\/wp-json\/wp\/v2\/tags?post=100767"}],"curies":[{"name":"wp","href":"https:\/\/api.w.org\/{rel}","templated":true}]}}