{"id":100760,"date":"2026-03-02T00:31:25","date_gmt":"2026-03-01T23:31:25","guid":{"rendered":"https:\/\/www.infokuryr.cz\/n\/?p=100760"},"modified":"2026-03-01T16:11:48","modified_gmt":"2026-03-01T15:11:48","slug":"pravdivy-slib-4-iran-tvrde-reaguje-na-izraelsko-americkou-agresi","status":"publish","type":"post","link":"https:\/\/www.infokuryr.cz\/n\/2026\/03\/02\/pravdivy-slib-4-iran-tvrde-reaguje-na-izraelsko-americkou-agresi\/","title":{"rendered":"\u201ePravdiv\u00fd slib 4\u201c: \u00cdr\u00e1n tvrd\u011b reaguje na izraelsko-americkou agresi"},"content":{"rendered":"<div id=\"fb-root\"><\/div>\n<p><strong><span dir=\"auto\">IRGC uv\u00e1d\u00ed, \u017ee rakety a drony zam\u011b\u0159ily P\u00e1tou flotilu americk\u00e9ho n\u00e1mo\u0159nictva v Bahrajnu, stejn\u011b jako z\u00e1kladny v Kataru, Spojen\u00fdch arabsk\u00fdch emir\u00e1tech a m\u00edsta na okupovan\u00fdch palestinsk\u00fdch \u00fazem\u00edch.<\/span><\/strong><\/p>\n<p><span dir=\"auto\">Isl\u00e1msk\u00e9 revolu\u010dn\u00ed gardy (IRGC) ozn\u00e1mily, \u017ee\u00a0<\/span><a title=\"\" href=\"https:\/\/english.almayadeen.net\/news\/politics\/decisive-response-will-come-from-the-iranian-people--iranian\" target=\"_blank\" rel=\"noopener\"><span dir=\"auto\">rakety a drony<\/span><\/a><span dir=\"auto\">\u00a0zam\u011b\u0159ily velitelstv\u00ed P\u00e1t\u00e9 flotily americk\u00e9ho n\u00e1mo\u0159nictva v Bahrajnu a tak\u00e9 dal\u0161\u00ed americk\u00e9 vojensk\u00e9 z\u00e1kladny v regionu.<\/span><\/p>\n<p><span dir=\"auto\">Toto prohl\u00e1\u0161en\u00ed bylo vyd\u00e1no jako sou\u010d\u00e1st \u201eOzn\u00e1men\u00ed \u010d. 2\u201c po zah\u00e1jen\u00ed operace, kterou IRGC nazvala Operace True Promise 4.<\/span><\/p>\n<p><span dir=\"auto\">Podle IRGC byla operace zah\u00e1jena v reakci na to, co ozna\u010dila za americko-sionistickou agresi proti \u00edr\u00e1nsk\u00e9mu \u00fazem\u00ed.<\/span><\/p>\n<p><a href=\"https:\/\/x.com\/MayadeenEnglish\/status\/2027677802082746858?ref_src=twsrc%5Etfw%7Ctwcamp%5Etweetembed%7Ctwterm%5E2027677802082746858%7Ctwgr%5Edebe5dfd3aeae70318f127a6c38eb6712a3ca252%7Ctwcon%5Es1_&amp;ref_url=https%3A%2F%2Freseauinternational.net%2Ftrue-promise-4-liran-riposte-tres-severement-a-lagression-israelo-us%2F\"><img decoding=\"async\" loading=\"lazy\" class=\"wp-image-100761 aligncenter\" src=\"http:\/\/www.infokuryr.cz\/n\/wp-content\/uploads\/2026\/03\/x-192x300.jpg\" alt=\"\" width=\"440\" height=\"688\" srcset=\"https:\/\/www.infokuryr.cz\/n\/wp-content\/uploads\/2026\/03\/x-192x300.jpg 192w, https:\/\/www.infokuryr.cz\/n\/wp-content\/uploads\/2026\/03\/x.jpg 519w\" sizes=\"(max-width: 440px) 100vw, 440px\" \/><\/a><\/p>\n<p><span dir=\"auto\">Ve sv\u00e9m prohl\u00e1\u0161en\u00ed IRGC uvedla: \u201e\u00a0<\/span><em><span dir=\"auto\">Tv\u00e1\u0159\u00ed v tv\u00e1\u0159 agresi zlo\u010dinn\u00e9 americk\u00e9 arm\u00e1dy a sionistick\u00e9mu re\u017eimu vra\u017ed\u00edc\u00edmu d\u011bti, s bo\u017eskou pomoc\u00ed, za\u010dala prvn\u00ed f\u00e1ze operace True Promise 4 rozs\u00e1hl\u00fdmi \u00fatoky ozbrojen\u00fdch sil \u00cdr\u00e1nsk\u00e9 isl\u00e1msk\u00e9 republiky proti region\u00e1ln\u00edm c\u00edl\u016fm agresorsk\u00e9ho nep\u0159\u00edtele<\/span><\/em><span dir=\"auto\">\u00a0.\u201c<\/span><\/p>\n<p><span dir=\"auto\">\u201e\u00a0<\/span><em><span dir=\"auto\">Rakety a drony IRGC zam\u011b\u0159ily velitelstv\u00ed P\u00e1t\u00e9 flotily americk\u00e9ho n\u00e1mo\u0159nictva v Bahrajnu, dal\u0161\u00ed americk\u00e9 z\u00e1kladny v Kataru a Spojen\u00fdch arabsk\u00fdch emir\u00e1tech, stejn\u011b jako vojensk\u00e1 a bezpe\u010dnostn\u00ed centra v srdci okupovan\u00fdch \u00fazem\u00ed<\/span><\/em><span dir=\"auto\">\u00a0,\u201c dod\u00e1v\u00e1 se v prohl\u00e1\u0161en\u00ed.<\/span><\/p>\n<h3 class=\"wp-block-heading\"><strong><span dir=\"auto\">Prob\u00edhaj\u00edc\u00ed raketov\u00e9 a dronov\u00e9 \u00fatoky<\/span><\/strong><\/h3>\n<p><span dir=\"auto\">IRGC dodala, \u017ee operace pokra\u010duj\u00ed, a uvedla: \u201e\u00a0<\/span><em><span dir=\"auto\">Raketov\u00e9 \u00fatoky a \u00fatoky dron\u016f prov\u00e1d\u011bn\u00e9 ozbrojen\u00fdmi silami \u00cdr\u00e1nsk\u00e9 isl\u00e1msk\u00e9 republiky st\u00e1le prob\u00edhaj\u00ed a dal\u0161\u00ed informace budou poskytnuty pozd\u011bji<\/span><\/em><span dir=\"auto\">\u00a0.\u201c<\/span><\/p>\n<p><span dir=\"auto\">Toto ozn\u00e1men\u00ed nazna\u010duje eskalaci konfrontace v cel\u00e9m regionu, p\u0159i\u010dem\u017e mezi deklarovan\u00fdmi c\u00edli jsou i vojensk\u00e9 z\u00e1kladny a lokality USA na okupovan\u00fdch palestinsk\u00fdch \u00fazem\u00edch.<\/span><\/p>\n<p><span dir=\"auto\">Toto ozn\u00e1men\u00ed p\u0159ich\u00e1z\u00ed uprost\u0159ed rychle se stup\u0148uj\u00edc\u00ed region\u00e1ln\u00ed konfrontace po\u00a0<\/span><a title=\"\" href=\"https:\/\/english.almayadeen.net\/news\/politics\/-israel--launches-aggression-against-iran--in-coordination-w\/\" target=\"_blank\" rel=\"noopener\"><span dir=\"auto\">spole\u010dn\u00fdch<\/span><\/a><span dir=\"auto\">\u00a0americko-izraelsk\u00fdch \u00faderech proti \u00cdr\u00e1nu, jejich\u017e c\u00edlem byly objekty v Teher\u00e1nu a dal\u0161\u00edch m\u011bstech.\u00a0Izrael\u0161t\u00ed p\u0159edstavitel\u00e9 ozna\u010dili \u00fadery za \u201e\u00a0<\/span><em><span dir=\"auto\">preventivn\u00ed \u201c, zat\u00edmco \u00edr\u00e1nsk\u00e9 \u00fa\u0159ady je odsoudily jako \u00fatok na \u00edr\u00e1nskou suverenitu.<\/span><\/em><\/p>\n<p><span dir=\"auto\">V\u00a0<\/span><a title=\"\" href=\"https:\/\/english.almayadeen.net\/news\/politics\/iranian-retaliatory-missiles-strike-us-bases-in-gulf-region\" target=\"_blank\" rel=\"noopener\"><span dir=\"auto\">reakci<\/span><\/a><span dir=\"auto\">\u00a0na tyto \u00fatoky \u00cdr\u00e1n odp\u00e1lil n\u011bkolik vln balistick\u00fdch raket sm\u011brem k Izraeli, zam\u011b\u0159en\u00fdch na oblasti jako Haifa a Tel Aviv na okupovan\u00fdch palestinsk\u00fdch \u00fazem\u00edch.<\/span><\/p>\n<p><span dir=\"auto\">N\u00e1sledovalo naru\u0161en\u00ed region\u00e1ln\u00edho vzdu\u0161n\u00e9ho prostoru, p\u0159i\u010dem\u017e n\u011bkolik zem\u00ed pozastavilo lety nebo aktivovalo nouzov\u00e1 opat\u0159en\u00ed z obavy z dal\u0161\u00ed eskalace.<\/span><\/p>\n<h3 class=\"wp-block-heading\"><strong><span dir=\"auto\">\u010ctrn\u00e1ct americk\u00fdch z\u00e1kladen zam\u011b\u0159en\u00fdch na c\u00edl<\/span><\/strong><\/h3>\n<p><span dir=\"auto\">\u00cdr\u00e1n dosud za\u00fato\u010dil na 14 americk\u00fdch vojensk\u00fdch z\u00e1kladen v z\u00e1padn\u00ed Asii, ozn\u00e1mil v sobotu vojensk\u00fd zdroj podle tiskov\u00e9 agentury\u00a0<\/span><em><span dir=\"auto\">Tasnim<\/span><\/em><span dir=\"auto\">\u00a0.<\/span><\/p>\n<p><span dir=\"auto\">Behnam Saeeedi, tajemn\u00edk V\u00fdboru pro n\u00e1rodn\u00ed bezpe\u010dnost a zahrani\u010dn\u00ed politiku \u00cdr\u00e1nsk\u00e9 isl\u00e1msk\u00e9 poradn\u00ed rady, tak\u00e9 d\u0159\u00edve b\u011bhem dne potvrdil, \u017ee \u00edr\u00e1nsk\u00e9 ozbrojen\u00e9 s\u00edly za\u00fato\u010dily na sedm americk\u00fdch vojensk\u00fdch z\u00e1kladen v sedmi zem\u00edch.<\/span><\/p>\n<p><span dir=\"auto\">Sa\u00edd\u00ed dodal, \u017ee reakce Isl\u00e1msk\u00e9 republiky na agresi byla okam\u017eit\u00e1 a \u017ee to, co bylo dosud ud\u011bl\u00e1no, je pouze zkou\u0161ka a rozhodn\u00e1 reakce teprve p\u0159ijde.<\/span><\/p>\n<p><span dir=\"auto\">\u00cdr\u00e1n sl\u00edbil, \u017ee pokud se jedn\u00e1 o \u00fatok na Isl\u00e1mskou republiku, budou napadeny vojensk\u00e9 z\u00e1kladny Washingtonu v regionu.<\/span><\/p>\n<p><span dir=\"auto\">Spojen\u00e9 st\u00e1ty udr\u017euj\u00ed osm st\u00e1l\u00fdch vojensk\u00fdch z\u00e1kladen v z\u00e1padn\u00ed Asii, kter\u00e9 se nach\u00e1zej\u00ed v Bahrajnu, Kuvajtu, Kataru a Spojen\u00fdch arabsk\u00fdch emir\u00e1tech. Krom\u011b toho maj\u00ed p\u0159\u00edstup k tuctu dal\u0161\u00edch vojensk\u00fdch za\u0159\u00edzen\u00ed v regionu, v\u010detn\u011b t\u011bch v Egypt\u011b, Ir\u00e1ku, Jord\u00e1nsku, Om\u00e1nu, Sa\u00fadsk\u00e9 Ar\u00e1bii a S\u00fdrii.<\/span><\/p>\n<h3 class=\"wp-block-heading\"><strong><span dir=\"auto\">Zni\u010den\u00ed americk\u00e9ho radaru AN\/FPS-132 v Kataru<\/span><\/strong><\/h3>\n<p><span dir=\"auto\">Isl\u00e1msk\u00e9 revolu\u010dn\u00ed gardy (IRGC) provedly odvetn\u00e9 \u00fadery, kter\u00e9 zam\u011b\u0159ily a zni\u010dily americk\u00fd radar AN\/FPS-132 um\u00edst\u011bn\u00fd na americk\u00e9 z\u00e1kladn\u011b v Kataru.<\/span><\/p>\n<p><span dir=\"auto\">Ve sv\u00e9m prohl\u00e1\u0161en\u00ed IRGC uvedla, \u017ee radarov\u00fd syst\u00e9m pou\u017e\u00edvan\u00fd k detekci balistick\u00fdch raket m\u00e1 opera\u010dn\u00ed dosah p\u0159ibli\u017en\u011b 5 000 kilometr\u016f. Radar v\u010dasn\u00e9ho varov\u00e1n\u00ed AN\/FPS-132 je pova\u017eov\u00e1n za kl\u00ed\u010dovou sou\u010d\u00e1st infrastruktury protiraketov\u00e9 obrany Spojen\u00fdch st\u00e1t\u016f.<\/span><\/p>\n<div class=\"wp-block-image\" style=\"text-align: center;\">\n<figure class=\"aligncenter size-full is-resized\"><a class=\"single-popup\" href=\"https:\/\/i0.wp.com\/reseauinternational.net\/wp-content\/uploads\/2026\/03\/image-11.png?ssl=1\"><img decoding=\"async\" loading=\"lazy\" class=\"wp-image-515302 aligncenter\" src=\"https:\/\/i0.wp.com\/reseauinternational.net\/wp-content\/uploads\/2026\/03\/image-11.png?resize=700%2C412&amp;ssl=1\" sizes=\"auto, (max-width: 700px) 100vw, 700px\" srcset=\"https:\/\/i0.wp.com\/reseauinternational.net\/wp-content\/uploads\/2026\/03\/image-11.png?w=700&amp;ssl=1 700w, https:\/\/i0.wp.com\/reseauinternational.net\/wp-content\/uploads\/2026\/03\/image-11.png?resize=300%2C177&amp;ssl=1 300w\" alt=\"\" width=\"700\" height=\"412\" data-recalc-dims=\"1\" \/><\/a><figcaption class=\"wp-element-caption\"><em><span dir=\"auto\">Radarov\u00fd syst\u00e9m AN\/FPS-132 \u2013 Foto: soci\u00e1ln\u00ed m\u00e9dia<\/span><\/em><\/figcaption><\/figure>\n<\/div>\n<p><span dir=\"auto\">Podle ozn\u00e1men\u00ed americk\u00e9 Agentury pro spolupr\u00e1ci v oblasti obrany a bezpe\u010dnosti z roku 2013 se n\u00e1klady na syst\u00e9m odhaduj\u00ed na p\u0159ibli\u017en\u011b 1,1 miliardy dolar\u016f.<\/span><\/p>\n<p><span dir=\"auto\">\u00datok ozna\u010dila IRGC za sou\u010d\u00e1st\u00a0<\/span><a title=\"\" href=\"https:\/\/english.almayadeen.net\/news\/politics\/iranian-retaliatory-missiles-strike-us-bases-in-gulf-region\" target=\"_blank\" rel=\"noopener\"><span dir=\"auto\">\u0161ir\u0161\u00ed reakce<\/span><\/a><span dir=\"auto\">\u00a0\u00cdr\u00e1nu na spole\u010dnou agresi USA a Izraele proti zemi.<\/span><\/p>\n<p><span dir=\"auto\">Podle \u00edr\u00e1nsk\u00e9 st\u00e1tn\u00ed televize byl radar zni\u010den pomoc\u00ed dronu Shahed-136.<\/span><\/p>\n<h3 class=\"wp-block-heading\"><strong><span dir=\"auto\">Co je AN\/FPS-132?<\/span><\/strong><\/h3>\n<p><span dir=\"auto\">Raketopl\u00e1n AN\/FPS-132 v Kataru se nach\u00e1z\u00ed v komplexu katarsk\u00e9ho radaru v\u010dasn\u00e9ho varov\u00e1n\u00ed (QEWR) pobl\u00ed\u017e Al-Khoru na severu zem\u011b a je provozov\u00e1n a \u0159\u00edzen Spojen\u00fdmi st\u00e1ty.<\/span><\/p>\n<p><span dir=\"auto\">Jedn\u00e1 se o verzi radaru Block 5, jej\u00ed\u017e cena se odhaduje na 1,06 a\u017e 1,1 miliardy dolar\u016f. T\u0159i f\u00e1zovan\u00e9 ant\u00e9nn\u00ed soustavy poskytuj\u00ed 360stup\u0148ov\u00e9 pokryt\u00ed a\u017e do vzd\u00e1lenosti p\u0159ibli\u017en\u011b 4800\u20135000 km.<\/span><\/p>\n<p><span dir=\"auto\">Tento radar je d\u016fle\u017eit\u00fd, proto\u017ee funguje jako nejv\u00fdkonn\u011bj\u0161\u00ed uzel v\u010dasn\u00e9ho varov\u00e1n\u00ed p\u0159ed balistick\u00fdmi raketami v Persk\u00e9m z\u00e1livu a poskytuje data pro detekci na velk\u00e9 vzd\u00e1lenosti katarsk\u00e9mu v\u00edcevrstv\u00e9mu \u200b\u200bsyst\u00e9mu protivzdu\u0161n\u00e9 a protiraketov\u00e9 obrany (Patriot a dal\u0161\u00ed syst\u00e9my), jako\u017e i americk\u00fdm a spojeneck\u00fdm s\u00edt\u00edm.<\/span><\/p>\n<p><span dir=\"auto\">T\u00edm, \u017ee poskytuje n\u011bkolik minut nav\u00edc varov\u00e1n\u00ed a p\u0159esn\u00e9 sledov\u00e1n\u00ed odpal\u016f z \u00cdr\u00e1nu, Jemenu nebo odjinud, chr\u00e1n\u00ed americk\u00e9 s\u00edly v Al-Udeid a dal\u0161\u00edch region\u00e1ln\u00edch z\u00e1kladn\u00e1ch, zvy\u0161uje \u0161ance na zachycen\u00ed pro Spojen\u00e9 st\u00e1ty a Izrael a p\u0159isp\u00edv\u00e1 k \u0161ir\u0161\u00ed strategii pokryt\u00ed protiraketovou obranou USA, kter\u00e1 se roz\u0161i\u0159uje i na sever sm\u011brem k rusk\u00fdm raketov\u00fdm koridor\u016fm.<\/span><\/p>\n<p><em><span dir=\"auto\">Zdroj:\u00a0<\/span><a title=\"\" href=\"https:\/\/english.almayadeen.net\/news\/politics\/irgc-said-it-targeted-us-fifth-fleet-headquarters-in-bahrain\" target=\"_blank\" rel=\"noopener\"><span dir=\"auto\">Al-Mayadeen<\/span><\/a><\/em><\/p>\n<p>&nbsp;<\/p>\n","protected":false},"excerpt":{"rendered":"<p>IRGC uv\u00e1d\u00ed, \u017ee rakety a drony zam\u011b\u0159ily P\u00e1tou flotilu americk\u00e9ho n\u00e1mo\u0159nictva v Bahrajnu, stejn\u011b jako&#8230;<\/p>\n","protected":false},"author":2,"featured_media":100762,"comment_status":"closed","ping_status":"closed","sticky":false,"template":"","format":"standard","meta":[],"categories":[7],"tags":[2856,38,2188,37,40],"_links":{"self":[{"href":"https:\/\/www.infokuryr.cz\/n\/wp-json\/wp\/v2\/posts\/100760"}],"collection":[{"href":"https:\/\/www.infokuryr.cz\/n\/wp-json\/wp\/v2\/posts"}],"about":[{"href":"https:\/\/www.infokuryr.cz\/n\/wp-json\/wp\/v2\/types\/post"}],"author":[{"embeddable":true,"href":"https:\/\/www.infokuryr.cz\/n\/wp-json\/wp\/v2\/users\/2"}],"replies":[{"embeddable":true,"href":"https:\/\/www.infokuryr.cz\/n\/wp-json\/wp\/v2\/comments?post=100760"}],"version-history":[{"count":0,"href":"https:\/\/www.infokuryr.cz\/n\/wp-json\/wp\/v2\/posts\/100760\/revisions"}],"wp:featuredmedia":[{"embeddable":true,"href":"https:\/\/www.infokuryr.cz\/n\/wp-json\/wp\/v2\/media\/100762"}],"wp:attachment":[{"href":"https:\/\/www.infokuryr.cz\/n\/wp-json\/wp\/v2\/media?parent=100760"}],"wp:term":[{"taxonomy":"category","embeddable":true,"href":"https:\/\/www.infokuryr.cz\/n\/wp-json\/wp\/v2\/categories?post=100760"},{"taxonomy":"post_tag","embeddable":true,"href":"https:\/\/www.infokuryr.cz\/n\/wp-json\/wp\/v2\/tags?post=100760"}],"curies":[{"name":"wp","href":"https:\/\/api.w.org\/{rel}","templated":true}]}}