{"id":10075,"date":"2022-04-29T06:41:59","date_gmt":"2022-04-29T04:41:59","guid":{"rendered":"http:\/\/www.infokuryr.cz\/n\/?p=10075"},"modified":"2022-04-29T06:41:59","modified_gmt":"2022-04-29T04:41:59","slug":"memorandum-hergel-cim-se-take-zabyvali-tzv-sudetsti-nemci","status":"publish","type":"post","link":"https:\/\/www.infokuryr.cz\/n\/2022\/04\/29\/memorandum-hergel-cim-se-take-zabyvali-tzv-sudetsti-nemci\/","title":{"rendered":"Memorandum Hergel, \u010d\u00edm se tak\u00e9 zab\u00fdvali tzv. sudet\u0161t\u00ed N\u011bmci"},"content":{"rendered":"<div id=\"fb-root\"><\/div>\n<p><span style=\"font-size: 18pt;\"><strong>&#8222;&#8230;Germanizace p\u016fdy m\u016f\u017ee nastat jen t\u00edm zp\u016fsobem\u00a0\u017ee \u010desk\u00fd n\u00e1rod odtud fyzicky zmiz\u00ed,\u2026<\/strong><\/span><\/p>\n<p><span style=\"font-size: 18pt;\"><strong>k \u010demu\u017e m\u016f\u017ee doj\u00edt ve dvou z\u00e1kladn\u00edch form\u00e1ch,\u00a0bu\u010f vyhuben\u00edm,\u00a0\u010di vyhn\u00e1n\u00edm. (\u017d\u00e1dn\u00e1 pochybn\u00e1 humanita!)\u201c<\/strong><\/span><\/p>\n<p><span style=\"font-size: 14pt;\"><strong>\u010cesko\u2013n\u011bmeck\u00e9 \u0159e\u0161en\u00ed nezasahuje jen ot\u00e1zku \u010di anexi pohrani\u010d\u00ed, ale jde o cel\u00fd \u201esudeton\u011bmeck\u00fd prostor\u201c, nebo\u0165 \u201e\u010cech je ze sv\u00e9ho dne\u0161n\u00edho s\u00eddeln\u00edho prostoru neust\u00e1l\u00fdm a t\u011b\u017ek\u00fdm nebezpe\u010d\u00edm a ohro\u017een\u00edm ve\u0161ker\u00e9ho n\u011bmectv\u00ed<\/strong><\/span><\/p>\n<p>Dokladem n\u00e1siln\u00e9ho \u0159e\u0161en\u00ed n\u011bmecko\u2013\u010desk\u00fdch probl\u00e9m\u016f jsou \u201e<strong>Herglovy\u201c t\u00e9ze<\/strong>:<\/p>\n<ol>\n<li>a) Velkon\u011bmecko\u2013\u010desk\u00e9 \u0159e\u0161en\u00ed stejn\u011b jako sudeton\u011bmecko\u2013\u010desk\u00e9 se mus\u00ed uskute\u010dnit \u201ez\u00e1sadn\u011b a hlavn\u011b pod veden\u00edm \u0158\u00ed\u0161e jako zt\u011blesn\u011bn\u00ed velkon\u011bmeck\u00e9 sjednocovac\u00ed v\u016fle a my, sudet\u0161t\u00ed N\u011bmci, t\u00edm konec konc\u016f na \u017eivot a na smrt z\u00e1vis\u00edme na jej\u00ed s\u00edle a politice\u201c a konec konc\u016f \u201ena V\u016fdci\u201c. I kdy\u017e nelze v\u016fli sudetsk\u00fdch N\u011bmc\u016f opom\u00edjet, nejsou komponentem ur\u010duj\u00edc\u00edm. 5)<\/li>\n<li>b)\u00a0<strong>\u010cesko\u2013n\u011bmeck\u00e9 \u0159e\u0161en\u00ed nezasahuje jen ot\u00e1zku \u010di anexi pohrani\u010d\u00ed, ale jde o cel\u00fd \u201esudeton\u011bmeck\u00fd prostor\u201c, nebo\u0165 \u201e\u010cech je ze sv\u00e9ho dne\u0161n\u00edho s\u00eddeln\u00edho prostoru neust\u00e1l\u00fdm a t\u011b\u017ek\u00fdm nebezpe\u010d\u00edm a ohro\u017een\u00edm ve\u0161ker\u00e9ho n\u011bmectv\u00ed\u201c\u00a0<\/strong>\u2026 Krom\u011b toho pot\u0159ebuje n\u011bmeck\u00fd n\u00e1rod \u017eivotn\u00ed prostor a proto se \u201enesm\u00ed vzd\u00e1t ani metru tohoto prostoru ze v\u0161eho nejm\u00e9n\u011b v srdci N\u011bmecka\u2026\u201c P\u0159itom: \u201e\u017d\u00e1dn\u00e9 zaslepen\u00ed: \/<strong>je to\/ boj na \u017eivot a na smrt<\/strong>\u2026 V kone\u010dn\u00e9m d\u016fsledku nejde o nic jin\u00e9ho, ne\u017e kdo z\u016fstane, \u010cech \u010di N\u011bmec.\u201c6) Proto z titulu pr\u00e1va vy\u0161\u0161\u00ed hodnoty n\u011bmeck\u00e9ho n\u00e1roda\u2026 mus\u00ed b\u00fdt pokra\u010dov\u00e1no v tom, co na\u0161i otcov\u00e9 zapo\u010dali a p\u0159ed\u010dasn\u011b p\u0159eru\u0161ili&#8230;\u201c<strong>Vlastn\u011b nejnal\u00e9hav\u011bj\u0161\u00edm \u00fakolem n\u011bmeck\u00e9ho n\u00e1roda je\u2026 aby byla z \u010cech, Moravy a Slezska n\u011bmeck\u00e1 zem\u011b.\u201c<\/strong><\/li>\n<li>c) Tuto zemi \u201esi p\u0159ejeme jako n\u011bmeckou p\u016fdu, proto i konec existence \u010desk\u00e9 n\u00e1rodnosti na t\u00e9to p\u016fd\u011b. \u2026\u00a0<strong>germanizace p\u016fdy m\u016f\u017ee nastat jen t\u00edm zp\u016fsobem, \u017ee \u010desk\u00fd n\u00e1rod odtud fyzicky zmiz\u00ed,\u2026 k \u010demu\u017e m\u016f\u017ee doj\u00edt ve dvou z\u00e1kladn\u00edch form\u00e1ch: bu\u010f vyhuben\u00edm \u010di vyhn\u00e1n\u00edm. (\u017d\u00e1dn\u00e1 pochybn\u00e1 humanita!)\u201c 7)<\/strong><\/li>\n<li>d) Ponechme stranou Herglovo uji\u0161\u0165ov\u00e1n\u00ed, \u017ee N\u011bmci nejsou schopni \u017e\u00e1dn\u00e9ho masakru, zat\u00edmco \u201ehusit\u0161t\u00ed \u010ce\u0161i\u201c ano a ponechme \u00fasudek o tom \u010dten\u00e1\u0159i. V\u011bcn\u011b d\u016fle\u017eit\u00e1 je v\u0161ak dal\u0161\u00ed teze \u201e\u010desk\u00e9 ot\u00e1zky\u201c tj. \u0159e\u0161en\u00ed pomoc\u00ed v\u00e1lky, a to v\u00e1lky vyhlazovac\u00ed, kterou nab\u00edzej\u00ed soudob\u00e9 prost\u0159edky vojensk\u00e9 techniky, umo\u017e\u0148uj\u00edc\u00ed v\u00e9st danou v\u00e1lku pr\u00e1v\u011b\u00a0<strong>jako v\u00e1lku vyhlazovac\u00ed<\/strong>, v n\u00ed\u017e utrp\u00ed sice ob\u011b strany, v n\u00ed\u017e v\u0161ak \u201ejedinou ot\u00e1zkou z\u016fstane, kdo zde rychleji a \u00fa\u010dinn\u011bji p\u0159edejde druh\u00e9ho.\u201c8)<\/li>\n<\/ol>\n<p>\u201eMemorandum Hergl\u201c posl\u00e9ze vyhla\u0161uje, \u017ee \u010das k \u0159e\u0161en\u00ed nazr\u00e1v\u00e1.<\/p>\n<p>N\u00e1zory v n\u011bm obsa\u017een\u00e9 mohou b\u00fdt ozna\u010deny za extr\u00e9mistick\u00e9 a snad v SdP p\u016fvodn\u011b v takov\u00e9 pozici i byly. Podstatn\u00e9 v\u0161ak je, \u017ee se \u2013 a\u0165 u\u017e ze znalosti memoranda (kter\u00e9 Hergl z\u0159ejm\u011b dal SD, jej\u00edm\u017e agentem se stal) nebo jinou cestou \u2013 do sudeton\u011bmeck\u00e9 \u201ev\u00f6lkisch\u201c politiky a jej\u00edch c\u00edl\u016f postupn\u011b prosazovalo a prosad\u00ed pr\u00e1v\u011b takov\u00e9 \u0159e\u0161en\u00ed \u201e\u010desk\u00e9 ot\u00e1zky\u201c<\/p>\n<p>Prvn\u00ed takov\u00e9 a nemal\u00e9 prvky lze spat\u0159ovat v obsahu Henleinova memoranda Hitlerovi z 19. listopadu 1937. Shodu s \u201ememorandem Hergl\u201c p\u0159edstavuje ji\u017e teze, \u017ee \u201e<strong>srozum\u011bn\u00ed mezi N\u011bmci a \u010cechy je v \u010ceskoslovensku prakticky nemo\u017en\u00e9<\/strong>\u201c. Druhou je v\u00fdvod, \u017ee \u0159e\u0161en\u00ed tohoto vztahu je mo\u017en\u00e9 \u201ejen \u0158\u00ed\u0161\u00ed\u201c a \u017ee proto bude politika SdP uvedena do souladu \u201es politikou \u0159\u00ed\u0161e a jej\u00edmi faktory\u201c. K tomu se jaksi stranou p\u0159ipojuje omluva za to, \u017ee p\u0159edt\u00edm musela SdP, aby mohla leg\u00e1ln\u011b existoval v \u010deskoslovensk\u00e9m demokratick\u00e9m syst\u00e9mu, navenek jako by po\u017eadovat jen autonomii v r\u00e1mci \u010cSR, a to p\u0159esto, \u017ee si jej\u00ed veden\u00ed pr\u00fd nep\u0159\u00e1lo nic jin\u00e9ho ne\u017e za\u010dlen\u011bn\u00ed do \u0158\u00ed\u0161e. Americk\u00fd autor R. Smelser to spr\u00e1vn\u011b vykl\u00e1d\u00e1 tak, \u017ee SdP nyn\u00ed jde nejen o pohrani\u010d\u00ed, ale o za\u010dlen\u011bn\u00ed cel\u00e9ho \u010deskomoravsk\u00e9ho prostoru do \u0158\u00ed\u0161e (co\u017e je vlastn\u011b jako by t\u0159et\u00ed p\u0159itak\u00e1n\u00ed \u201eHerglovi\u201c, a\u0165 u\u017e v\u011bdom\u00e9 nebo nev\u011bdom\u00e9).9)<\/p>\n<p><em>Z\u00a0\u010dl\u00e1nku \u201eMemorandum Hergel\u201c a formov\u00e1n\u00ed strategick\u00fdch sudeton\u011bmeck\u00fdch (a n\u011bmeck\u00fdch) c\u00edl\u016f v\u00a0\u010desk\u00e9 ot\u00e1zce, autor<strong>\u00a0PhDr. V\u00e1clav Kural, CSc.<\/strong><\/em><\/p>\n<p><a href=\"http:\/\/www.ceskenarodnilisty.cz\/clanky2\/Memorandum%20Hergel,%20%C4%8D%C3%ADm%20se%20tak%C3%A9%20zab%C3%BDvali%20tzv.%20sudet%C5%A1t%C3%AD%20N%C4%9Bmci.htm\">\u010cesk\u00e9 n\u00e1rodn\u00ed listy<\/a><\/p>\n<p>&nbsp;<\/p>\n","protected":false},"excerpt":{"rendered":"<p>&#8222;&#8230;Germanizace p\u016fdy m\u016f\u017ee nastat jen t\u00edm zp\u016fsobem\u00a0\u017ee \u010desk\u00fd n\u00e1rod odtud fyzicky zmiz\u00ed,\u2026 k \u010demu\u017e m\u016f\u017ee&#8230;<\/p>\n","protected":false},"author":2,"featured_media":779,"comment_status":"closed","ping_status":"closed","sticky":false,"template":"","format":"standard","meta":[],"categories":[6],"tags":[664,429,598,112],"_links":{"self":[{"href":"https:\/\/www.infokuryr.cz\/n\/wp-json\/wp\/v2\/posts\/10075"}],"collection":[{"href":"https:\/\/www.infokuryr.cz\/n\/wp-json\/wp\/v2\/posts"}],"about":[{"href":"https:\/\/www.infokuryr.cz\/n\/wp-json\/wp\/v2\/types\/post"}],"author":[{"embeddable":true,"href":"https:\/\/www.infokuryr.cz\/n\/wp-json\/wp\/v2\/users\/2"}],"replies":[{"embeddable":true,"href":"https:\/\/www.infokuryr.cz\/n\/wp-json\/wp\/v2\/comments?post=10075"}],"version-history":[{"count":0,"href":"https:\/\/www.infokuryr.cz\/n\/wp-json\/wp\/v2\/posts\/10075\/revisions"}],"wp:featuredmedia":[{"embeddable":true,"href":"https:\/\/www.infokuryr.cz\/n\/wp-json\/wp\/v2\/media\/779"}],"wp:attachment":[{"href":"https:\/\/www.infokuryr.cz\/n\/wp-json\/wp\/v2\/media?parent=10075"}],"wp:term":[{"taxonomy":"category","embeddable":true,"href":"https:\/\/www.infokuryr.cz\/n\/wp-json\/wp\/v2\/categories?post=10075"},{"taxonomy":"post_tag","embeddable":true,"href":"https:\/\/www.infokuryr.cz\/n\/wp-json\/wp\/v2\/tags?post=10075"}],"curies":[{"name":"wp","href":"https:\/\/api.w.org\/{rel}","templated":true}]}}