{"id":100724,"date":"2026-03-02T00:16:39","date_gmt":"2026-03-01T23:16:39","guid":{"rendered":"https:\/\/www.infokuryr.cz\/n\/?p=100724"},"modified":"2026-03-01T12:54:24","modified_gmt":"2026-03-01T11:54:24","slug":"francie-vrah-ktery-se-v-roce-2017-vyhnul-vezeni-kvuli-svemu-dusevnimu-zdravi-byl-zatcen-za-ozbrojenou-loupez-a-unos-behem-pobytu-na-psychiatricke-dovolene","status":"publish","type":"post","link":"https:\/\/www.infokuryr.cz\/n\/2026\/03\/02\/francie-vrah-ktery-se-v-roce-2017-vyhnul-vezeni-kvuli-svemu-dusevnimu-zdravi-byl-zatcen-za-ozbrojenou-loupez-a-unos-behem-pobytu-na-psychiatricke-dovolene\/","title":{"rendered":"Francie: Vrah, kter\u00fd se v roce 2017 vyhnul v\u011bzen\u00ed kv\u016fli sv\u00e9mu du\u0161evn\u00edmu zdrav\u00ed, byl zat\u010den za ozbrojenou loupe\u017e a \u00fanos b\u011bhem pobytu na psychiatrick\u00e9 dovolen\u00e9"},"content":{"rendered":"<div id=\"fb-root\"><\/div>\n<h3 class=\"s-tagline fw-tagline\"><span dir=\"auto\">Mu\u017e, kter\u00fd byl shled\u00e1n nevinn\u00fdm z vra\u017edy Sarah Halimi z roku 2017, byl znovu zadr\u017een v souvislosti s n\u00e1siln\u00fdm vloup\u00e1n\u00edm do domu v Pa\u0159\u00ed\u017ei<\/span><\/h3>\n<p><span dir=\"auto\">Kobili Traor\u00e9, kter\u00fd byl shled\u00e1n nevinn\u00fdm z trestn\u00ed odpov\u011bdnosti za vra\u017edu Sarah Halimi v roce 2017, byl vzat do policejn\u00ed vazby pro podez\u0159en\u00ed z ozbrojen\u00e9 loupe\u017ee a \u00fanosu pot\u00e9, co mu bylo ud\u011bleno propu\u0161t\u011bn\u00ed z psychiatrick\u00e9 l\u00e9\u010debny.<\/span><\/p>\n<p><span dir=\"auto\">Jak informoval den\u00edk\u00a0<\/span><a href=\"https:\/\/www.lejdd.fr\/Societe\/paris-le-meurtrier-de-sarah-halimi-arrete-pour-vol-a-main-armee-et-sequestration-167403?at_medium=Fan+Page&amp;at_campaign=Twitter&amp;at_creation=JDD\"><span dir=\"auto\">Le Journal du Dimanche<\/span><\/a><span dir=\"auto\">\u00a0, \u0161estat\u0159icetilet\u00fd mu\u017e byl mezi \u010dty\u0159mi podez\u0159el\u00fdmi zat\u010den\u00fdmi ve st\u0159edu v souvislosti s n\u00e1siln\u00fdm vloup\u00e1n\u00edm do domu, k n\u011bmu\u017e do\u0161lo 27. ledna v 16. pa\u0159\u00ed\u017esk\u00e9m obvodu.<\/span><\/p>\n<p><span dir=\"auto\">Mu\u017e po \u010dty\u0159ic\u00edtce byl \u00fadajn\u011b napaden ve sv\u00e9m byt\u011b vet\u0159elci, kte\u0159\u00ed ho post\u0159\u00edkali slzn\u00fdm plynem a pot\u00e9 ho zbili a kopali. Pot\u00e9 byl vl\u00e1\u010den po dom\u011b, zat\u00edmco \u00fato\u010dn\u00edci prohled\u00e1vali prostory.<\/span><\/p>\n<p><span dir=\"auto\">Ob\u011b\u0165 byla p\u0159iv\u00e1z\u00e1na k \u017eidli, m\u011bla roub\u00edk v \u00fastech a pop\u00e1lena cigaretou, uvedli vy\u0161et\u0159ovatel\u00e9. Byly ukradeny hodinky, \u0161perky a dal\u0161\u00ed cennosti, p\u0159i\u010dem\u017e odhadovan\u00e1 \u0161koda se vy\u0161plhala na t\u00e9m\u011b\u0159 100 000 eur. Ostatn\u00ed podez\u0159el\u00ed zadr\u017een\u00ed v t\u00e9to v\u011bci byli ozna\u010deni za osoby ji\u017e zn\u00e1m\u00e9 \u00fa\u0159ad\u016fm.<\/span><\/p>\n<p><span dir=\"auto\">Traor\u00e9 byl hospitalizov\u00e1n na psychiatrick\u00e9m odd\u011blen\u00ed ve Val-de-Marne pot\u00e9, co soud rozhodl, \u017ee nem\u016f\u017ee b\u00fdt trestn\u011b odpov\u011bdn\u00fd za Halimiho vra\u017edu. V noci 4. dubna 2017 se vloupal do bytu 65let\u00e9 \u017eidovsk\u00e9 \u017eeny v 11. pa\u0159\u00ed\u017esk\u00e9m obvodu, zbil ji a shodil z balkonu, p\u0159i\u010dem\u017e k\u0159i\u010del \u201eAll\u00e1hu Akbar\u201c a naz\u00fdval ji \u201e\u0161ejt\u00e1n\u201c, co\u017e v arab\u0161tin\u011b znamen\u00e1 \u010f\u00e1bel.<\/span><\/p>\n<p><span dir=\"auto\">V roce 2019 soudci dosp\u011bli k z\u00e1v\u011bru, \u017ee jeho trestn\u00ed odpov\u011bdnost byla v dob\u011b \u00fatoku zru\u0161ena kv\u016fli akutn\u00ed psychotick\u00e9 epizod\u011b spojen\u00e9 s nadm\u011brnou konzumac\u00ed konop\u00ed. V dubnu 2021 Kasa\u010dn\u00ed soud toto rozhodnut\u00ed potvrdil a potvrdil, \u017ee nem\u016f\u017ee b\u00fdt souzen, proto\u017ee jeho rozsudek byl b\u011bhem ud\u00e1lost\u00ed pova\u017eov\u00e1n za pravomocn\u011b zru\u0161en\u00fd.<\/span><\/p>\n<p><span dir=\"auto\">Rozhodnut\u00ed vyvolalo ve Francii rozs\u00e1hlou kontroverzi a vedlo k legislativn\u00edm zm\u011bn\u00e1m, kter\u00e9 objas\u0148uj\u00ed trestn\u00ed odpov\u011bdnost v p\u0159\u00edpadech dobrovoln\u00e9ho po\u017eit\u00ed alkoholu.<\/span><\/p>\n<div class=\"twitter-tweet twitter-tweet-rendered\"><iframe id=\"twitter-widget-0\" class=\"\" title=\"X P\u0159\u00edsp\u011bvek\" src=\"https:\/\/platform.twitter.com\/embed\/Tweet.html?creatorScreenName=RMXnews&amp;dnt=false&amp;embedId=twitter-widget-0&amp;features=eyJ0ZndfdGltZWxpbmVfbGlzdCI6eyJidWNrZXQiOltdLCJ2ZXJzaW9uIjpudWxsfSwidGZ3X2ZvbGxvd2VyX2NvdW50X3N1bnNldCI6eyJidWNrZXQiOnRydWUsInZlcnNpb24iOm51bGx9LCJ0ZndfdHdlZXRfZWRpdF9iYWNrZW5kIjp7ImJ1Y2tldCI6Im9uIiwidmVyc2lvbiI6bnVsbH0sInRmd19yZWZzcmNfc2Vzc2lvbiI6eyJidWNrZXQiOiJvbiIsInZlcnNpb24iOm51bGx9LCJ0ZndfZm9zbnJfc29mdF9pbnRlcnZlbnRpb25zX2VuYWJsZWQiOnsiYnVja2V0Ijoib24iLCJ2ZXJzaW9uIjpudWxsfSwidGZ3X21peGVkX21lZGlhXzE1ODk3Ijp7ImJ1Y2tldCI6InRyZWF0bWVudCIsInZlcnNpb24iOm51bGx9LCJ0ZndfZXhwZXJpbWVudHNfY29va2llX2V4cGlyYXRpb24iOnsiYnVja2V0IjoxMjA5NjAwLCJ2ZXJzaW9uIjpudWxsfSwidGZ3X3Nob3dfYmlyZHdhdGNoX3Bpdm90c19lbmFibGVkIjp7ImJ1Y2tldCI6Im9uIiwidmVyc2lvbiI6bnVsbH0sInRmd19kdXBsaWNhdGVfc2NyaWJlc190b19zZXR0aW5ncyI6eyJidWNrZXQiOiJvbiIsInZlcnNpb24iOm51bGx9LCJ0ZndfdXNlX3Byb2ZpbGVfaW1hZ2Vfc2hhcGVfZW5hYmxlZCI6eyJidWNrZXQiOiJvbiIsInZlcnNpb24iOm51bGx9LCJ0ZndfdmlkZW9faGxzX2R5bmFtaWNfbWFuaWZlc3RzXzE1MDgyIjp7ImJ1Y2tldCI6InRydWVfYml0cmF0ZSIsInZlcnNpb24iOm51bGx9LCJ0ZndfbGVnYWN5X3RpbWVsaW5lX3N1bnNldCI6eyJidWNrZXQiOnRydWUsInZlcnNpb24iOm51bGx9LCJ0ZndfdHdlZXRfZWRpdF9mcm9udGVuZCI6eyJidWNrZXQiOiJvbiIsInZlcnNpb24iOm51bGx9fQ%3D%3D&amp;frame=false&amp;hideCard=false&amp;hideThread=false&amp;id=2027376330073899267&amp;lang=cs&amp;origin=https%3A%2F%2Frmx.news%2Farticle%2Ffrance-killer-who-avoided-prison-in-2017-due-to-his-mental-health-arrested-for-armed-robbery-and-kidnap-while-on-psychiatric-leave%2F&amp;sessionId=b24c12a21f0315c2a2c7d1b2b62c836e0886de0f&amp;theme=light&amp;widgetsVersion=2615f7e52b7e0%3A1702314776716&amp;width=550px\" frameborder=\"0\" scrolling=\"no\" allowfullscreen=\"allowfullscreen\" data-tweet-id=\"2027376330073899267\" data-mce-fragment=\"1\"><\/iframe><\/div>\n<p><span dir=\"auto\">Po zpr\u00e1v\u00e1ch o jeho posledn\u00edm zat\u010den\u00ed obnovili vysoce postaven\u00ed p\u0159edstavitel\u00e9 nacionalistick\u00e9 pravice kritiku syst\u00e9mu soudnictv\u00ed. Velik\u00e1nka N\u00e1rodn\u00edho shrom\u00e1\u017ed\u011bn\u00ed Marine Le Pen napsala na X: \u201eKobili Traor\u00e9 zavra\u017edil svou sousedku Sarah Halimi. Tento antisemitsk\u00fd vrah byl prohl\u00e1\u0161en za trestn\u011b nezodpov\u011bdn\u00e9ho za to, \u017ee p\u0159ed sv\u00fdm \u010dinem kou\u0159il konop\u00ed. \u00dadajn\u011b je ve vazb\u011b za ozbrojenou loupe\u017e a \u00fadajn\u00fd \u00fanos mu\u017ee. Tato beztrestnost je nesnesiteln\u00e1, hanebn\u00e1 a odporn\u00e1.\u201c<\/span><\/p>\n<p><span dir=\"auto\">Marion Mar\u00e9chal tak\u00e9\u00a0<\/span><a href=\"https:\/\/x.com\/MarionMarechal\/status\/2027391539274498362?s=20\"><span dir=\"auto\">reagovala<\/span><\/a><span dir=\"auto\">\u00a0a uvedla: \u201eKobili Traor\u00e9, antisemitsk\u00fd vrah Sarah Halimi, byl velmi sporn\u00fdm zp\u016fsobem shled\u00e1n trestn\u011b nezodpov\u011bdn\u00fdm. V\u00fdsledek: Znovu se dostal na svobodu a pr\u00e1v\u011b byl znovu zat\u010den za kr\u00e1de\u017e a \u00fanos.\u201c<\/span><\/p>\n<p><span dir=\"auto\">\u201eFrancouzi u\u017e necht\u011bj\u00ed syst\u00e9m spravedlnosti, kter\u00fd nedok\u00e1\u017ee chr\u00e1nit a neodrazuje. Tato ot\u00e1zka se ve spole\u010dnosti t\u011b\u0161\u00ed \u0161irok\u00e9 shod\u011b. \u010cek\u00e1me na akci.\u201c<\/span><\/p>\n<p><img decoding=\"async\" loading=\"lazy\" class=\"alignnone size-full wp-image-1185\" src=\"http:\/\/www.infokuryr.cz\/n\/wp-content\/uploads\/2021\/04\/kuryr-podpis.png\" alt=\"\" width=\"84\" height=\"24\" \/><\/p>\n<p>&nbsp;<\/p>\n","protected":false},"excerpt":{"rendered":"<p>Mu\u017e, kter\u00fd byl shled\u00e1n nevinn\u00fdm z vra\u017edy Sarah Halimi z roku 2017, byl znovu zadr\u017een&#8230;<\/p>\n","protected":false},"author":2,"featured_media":100725,"comment_status":"closed","ping_status":"closed","sticky":false,"template":"","format":"standard","meta":[],"categories":[7],"tags":[130,2278,656],"_links":{"self":[{"href":"https:\/\/www.infokuryr.cz\/n\/wp-json\/wp\/v2\/posts\/100724"}],"collection":[{"href":"https:\/\/www.infokuryr.cz\/n\/wp-json\/wp\/v2\/posts"}],"about":[{"href":"https:\/\/www.infokuryr.cz\/n\/wp-json\/wp\/v2\/types\/post"}],"author":[{"embeddable":true,"href":"https:\/\/www.infokuryr.cz\/n\/wp-json\/wp\/v2\/users\/2"}],"replies":[{"embeddable":true,"href":"https:\/\/www.infokuryr.cz\/n\/wp-json\/wp\/v2\/comments?post=100724"}],"version-history":[{"count":0,"href":"https:\/\/www.infokuryr.cz\/n\/wp-json\/wp\/v2\/posts\/100724\/revisions"}],"wp:featuredmedia":[{"embeddable":true,"href":"https:\/\/www.infokuryr.cz\/n\/wp-json\/wp\/v2\/media\/100725"}],"wp:attachment":[{"href":"https:\/\/www.infokuryr.cz\/n\/wp-json\/wp\/v2\/media?parent=100724"}],"wp:term":[{"taxonomy":"category","embeddable":true,"href":"https:\/\/www.infokuryr.cz\/n\/wp-json\/wp\/v2\/categories?post=100724"},{"taxonomy":"post_tag","embeddable":true,"href":"https:\/\/www.infokuryr.cz\/n\/wp-json\/wp\/v2\/tags?post=100724"}],"curies":[{"name":"wp","href":"https:\/\/api.w.org\/{rel}","templated":true}]}}