{"id":100722,"date":"2026-03-02T00:15:09","date_gmt":"2026-03-01T23:15:09","guid":{"rendered":"https:\/\/www.infokuryr.cz\/n\/?p=100722"},"modified":"2026-03-01T12:50:42","modified_gmt":"2026-03-01T11:50:42","slug":"sokujici-nova-studie-dokazuje-silenstvi-vetrne-energie-nici-severni-more","status":"publish","type":"post","link":"https:\/\/www.infokuryr.cz\/n\/2026\/03\/02\/sokujici-nova-studie-dokazuje-silenstvi-vetrne-energie-nici-severni-more\/","title":{"rendered":"\u0160okuj\u00edc\u00ed nov\u00e1 studie dokazuje: \u0160\u00edlenstv\u00ed v\u011btrn\u00e9 energie ni\u010d\u00ed Severn\u00ed mo\u0159e!"},"content":{"rendered":"<div id=\"fb-root\"><\/div>\n<p><strong><span dir=\"auto\">N\u011bmeck\u00e1 vl\u00e1da chce vydl\u00e1\u017edit Severn\u00ed mo\u0159e gigantick\u00fdmi v\u011btrn\u00fdmi farmami, aby prosadila takzvanou energetickou transformaci. V\u011bdci v\u0161ak nyn\u00ed bij\u00ed na poplach: Toto roz\u0161\u00ed\u0159en\u00ed bude pro p\u0159\u00edrodu no\u010dn\u00ed m\u016frou! Nov\u00e1 studie jasn\u011b odhaluje, jak tyto masivn\u00ed instalace naru\u0161uj\u00ed cel\u00fd ekosyst\u00e9m Severn\u00edho mo\u0159e.<\/span><\/strong><\/p>\n<p><span dir=\"auto\">Do roku 2050 se o\u010dek\u00e1v\u00e1, \u017ee v\u011btrn\u00e1 energie na mo\u0159i v Severn\u00edm mo\u0159i vzroste v\u00edce ne\u017e desetin\u00e1sobn\u011b \u2013 bez ohledu na n\u00e1klady. Tyto obrovsk\u00e9 v\u011btrn\u00e9 farmy v\u0161ak p\u0159in\u00e1\u0161ej\u00ed dramatick\u00e9 d\u016fsledky, kter\u00e9 klimati\u010dt\u00ed ideologov\u00e9 pohodln\u011b ignoruj\u00ed. Simulace nyn\u00ed ukazuj\u00ed, \u017ee gigantick\u00e9 v\u011btrn\u00e9 farmy tlum\u00ed p\u0159irozen\u00e9 proudy Severn\u00edho mo\u0159e a\u017e o 20 procent!<\/span><\/p>\n<p><span dir=\"auto\">V\u00fdzkumn\u00fd t\u00fdm veden\u00fd geofyzikem Dr. Nilsem Christiansenem z Helmholtzova centra Hereon poprv\u00e9 systematicky vypo\u010d\u00edtal hroz\u00edc\u00ed katastrofu. V\u00fdsledky, publikovan\u00e9 v \u010dasopise Communications Earth &amp; Environment pod n\u00e1zvem \u201e\u00a0<\/span><a href=\"https:\/\/www.nature.com\/articles\/s43247-026-03186-8\"><span dir=\"auto\">Kumulativn\u00ed hydrodynamick\u00e9 dopady v\u011btrn\u00fdch elektr\u00e1ren na mo\u0159i na proudy a povrchov\u00e9 teploty Severn\u00edho mo\u0159e<\/span><\/a><span dir=\"auto\">\u00a0\u201c, jsou v\u00fdznamn\u00e9, proto\u017ee cel\u00fd ekosyst\u00e9m Severn\u00edho mo\u0159e t\u00edmto v\u00fdvojem trp\u00ed.<\/span><\/p>\n<p><span dir=\"auto\">Mechanismus, kter\u00fd za t\u00edm stoj\u00ed, je jednoduch\u00fd: Obrovsk\u00e9 rotory absorbuj\u00ed energii v\u011btru. Za nimi dramaticky kles\u00e1 tlak v\u011btru. Z\u00e1rove\u0148 masivn\u00ed podvodn\u00ed z\u00e1klady funguj\u00ed jako gigantick\u00e1 betonov\u00e1 ze\u010f a brut\u00e1ln\u011b zpomaluj\u00ed p\u0159irozen\u00e9 p\u0159\u00edlivov\u00e9 proudy. \u201eNa\u0161e simulace vykresluj\u00ed nov\u00fd, jemn\u011b strukturovan\u00fd vzorec proud\u011bn\u00ed, kter\u00fd by se mohl \u0161\u00ed\u0159it po cel\u00e9m Severn\u00edm mo\u0159i,\u201c varuje Christiansen. Dalo by se tak\u00e9 \u0159\u00edci: Severn\u00ed mo\u0159e je um\u011ble paralyzov\u00e1no.<\/span><\/p>\n<p><span dir=\"auto\">Ironi\u00ed je t\u00e9m\u011b\u0159 bezkonkuren\u010dn\u00ed: v\u011btrn\u00e9 turb\u00edny skute\u010dn\u011b oh\u0159\u00edvaj\u00ed mo\u0159e. Modely v\u00fdzkumn\u00edk\u016f potvrzuj\u00ed oteplov\u00e1n\u00ed vodn\u00ed hladiny. Tyto v\u011btrn\u00e9 turb\u00edny, kter\u00e9 \u00fadajn\u011b maj\u00ed zachra\u0148ovat klima, masivn\u011b zasahuj\u00ed do teplotn\u00ed a energetick\u00e9 bilance Severn\u00edho mo\u0159e. Ve vod\u011b kolem instalac\u00ed vznik\u00e1 nep\u0159irozen\u00fd chaos. Turbulence dramaticky roste a voda se um\u011ble m\u00edch\u00e1. V l\u00e9t\u011b se p\u0159irozen\u00e1 stratifikace tepl\u00e9 a studen\u00e9 vody posouv\u00e1 a\u017e o dva metry. Na mo\u0159sk\u00e9m dn\u011b proud\u011bn\u00ed sl\u00e1bne tak drasticky, \u017ee sedimenty ji\u017e nejsou p\u0159irozen\u011b transportov\u00e1ny. D\u016fsledky pro ryby, rostliny a cel\u00fd mo\u0159sk\u00fd ekosyst\u00e9m? Zcela nep\u0159edv\u00eddateln\u00e9!<\/span><\/p>\n<p><span dir=\"auto\">V\u00fdzkumn\u00edci nyn\u00ed hovo\u0159\u00ed o \u201efyzick\u00e9 stop\u011b v cel\u00e9 oblasti Severn\u00edho mo\u0159e\u201c. V d\u016fsledku \u0161\u00edlen\u00e9 expanze v\u011btrn\u00e9 energie na mo\u0159i se Severn\u00ed mo\u0159e v podstat\u011b transformuje v obrovskou pr\u016fmyslovou elektr\u00e1rnu. P\u0159itom je nemilosrdn\u011b ob\u011btov\u00e1na samotn\u00e1 p\u0159\u00edroda, kter\u00e1 m\u00e1 b\u00fdt chr\u00e1n\u011bna.<\/span><\/p>\n<p><img decoding=\"async\" loading=\"lazy\" class=\"alignnone size-full wp-image-1185\" src=\"http:\/\/www.infokuryr.cz\/n\/wp-content\/uploads\/2021\/04\/kuryr-podpis.png\" alt=\"\" width=\"84\" height=\"24\" \/><\/p>\n<p>&nbsp;<\/p>\n","protected":false},"excerpt":{"rendered":"<p>N\u011bmeck\u00e1 vl\u00e1da chce vydl\u00e1\u017edit Severn\u00ed mo\u0159e gigantick\u00fdmi v\u011btrn\u00fdmi farmami, aby prosadila takzvanou energetickou transformaci. V\u011bdci&#8230;<\/p>\n","protected":false},"author":2,"featured_media":100723,"comment_status":"closed","ping_status":"closed","sticky":false,"template":"","format":"standard","meta":[],"categories":[7],"tags":[67,1144,839,2625],"_links":{"self":[{"href":"https:\/\/www.infokuryr.cz\/n\/wp-json\/wp\/v2\/posts\/100722"}],"collection":[{"href":"https:\/\/www.infokuryr.cz\/n\/wp-json\/wp\/v2\/posts"}],"about":[{"href":"https:\/\/www.infokuryr.cz\/n\/wp-json\/wp\/v2\/types\/post"}],"author":[{"embeddable":true,"href":"https:\/\/www.infokuryr.cz\/n\/wp-json\/wp\/v2\/users\/2"}],"replies":[{"embeddable":true,"href":"https:\/\/www.infokuryr.cz\/n\/wp-json\/wp\/v2\/comments?post=100722"}],"version-history":[{"count":0,"href":"https:\/\/www.infokuryr.cz\/n\/wp-json\/wp\/v2\/posts\/100722\/revisions"}],"wp:featuredmedia":[{"embeddable":true,"href":"https:\/\/www.infokuryr.cz\/n\/wp-json\/wp\/v2\/media\/100723"}],"wp:attachment":[{"href":"https:\/\/www.infokuryr.cz\/n\/wp-json\/wp\/v2\/media?parent=100722"}],"wp:term":[{"taxonomy":"category","embeddable":true,"href":"https:\/\/www.infokuryr.cz\/n\/wp-json\/wp\/v2\/categories?post=100722"},{"taxonomy":"post_tag","embeddable":true,"href":"https:\/\/www.infokuryr.cz\/n\/wp-json\/wp\/v2\/tags?post=100722"}],"curies":[{"name":"wp","href":"https:\/\/api.w.org\/{rel}","templated":true}]}}