{"id":100711,"date":"2026-03-01T06:11:07","date_gmt":"2026-03-01T05:11:07","guid":{"rendered":"https:\/\/www.infokuryr.cz\/n\/?p=100711"},"modified":"2026-03-01T06:11:07","modified_gmt":"2026-03-01T05:11:07","slug":"alena-drvotova-jednotka-docasnosti-jeden-furt","status":"publish","type":"post","link":"https:\/\/www.infokuryr.cz\/n\/2026\/03\/01\/alena-drvotova-jednotka-docasnosti-jeden-furt\/","title":{"rendered":"Alena Drvotov\u00e1: Jednotka do\u010dasnosti = jeden FURT"},"content":{"rendered":"<div id=\"fb-root\"><\/div>\n<p align=\"justify\"><strong>Od 24. 2. 2026 trvaj\u00ed ji\u017e 4 roky p\u0159\u00edlivu migrant\u016f z\u00a0Ukrajiny. Do zem\u00ed z\u00e1padn\u00ed a st\u0159edn\u00ed Evropy. A \u017eel: i k\u00a0n\u00e1m. Ud\u011blov\u00e1na je jim tzv. do\u010dasn\u00e1 ochrana. Ji\u017e n\u011bkolikr\u00e1t prodlou\u017een\u00e1.<\/strong><\/p>\n<p align=\"justify\">Na rozd\u00edl od jejich soukmenovc\u016f, co sem p\u0159i\u0161li p\u0159ed r. 2022 za prac\u00ed, kte\u0159\u00ed si museli sami platit zdravotn\u00ed poji\u0161t\u011bn\u00ed a d\u016fvod pobytu si tvrd\u011b zaslou\u017eit a hlavn\u011b: kte\u0159\u00ed se museli sami u\u017eivit, tak nov\u011b p\u0159\u00edchoz\u00ed v\u011bt\u0161inou jen\u00a0<strong>zneu\u017eili fale\u0161nou vlajku v\u00e1le\u010dn\u00fdch uprchl\u00edk\u016f a p\u0159it\u00e1hli z\u00a0naprosto bezpe\u010dn\u00fdch oblast\u00ed<\/strong>, ohro\u017eovan\u00fdch v\u00e1lkou, asi tak, jako nap\u0159. region Ko\u0161ic, drancovat n\u00e1\u0161 soci\u00e1ln\u00ed, zdravotn\u00ed a \u0161kolsk\u00fd syst\u00e9m. N\u011bkte\u0159\u00ed sem dokonce zaj\u00ed\u017ed\u00ed m\u011bs\u00ed\u010dn\u011b na jedin\u00fd den: pro ty d\u00e1vky.<\/p>\n<p align=\"justify\">Kdo ut\u00edk\u00e1, aby spasil \u017eivot, sta\u010d\u00ed mu zateplen\u00fd stan, nejnutn\u011bj\u0161\u00ed zdravotn\u00ed p\u00e9\u010de a z\u00e1kladn\u00ed strava. Nependluje dom\u016f na v\u00edkendy, na sv\u00e1tky, nev\u00fdletuje do zahrani\u010dn\u00edch destinac\u00ed, nejezd\u00ed dom\u016f ly\u017eovat, neinvestuje (rozum\u011bj nepere) v\u00a0hostitelsk\u00e9 zemi des\u00edtky\/stovky milion\u016f. A hlavn\u011b: chov\u00e1 se skromn\u011b, vd\u011b\u010dn\u011b a pokorn\u011b.<\/p>\n<p align=\"justify\">P\u0159\u00edchoz\u00ed ze zem\u011b, kde nem\u011bli a nemaj\u00ed ve\u0159ejn\u00e9 zdravotn\u00ed poji\u0161t\u011bn\u00ed, si zde za miliardy nech\u00e1vaj\u00ed l\u00e9\u010dit sv\u00e9 drah\u00e9 a zanedban\u00e9 neduhy, v\u00e1l\u00ed se v\u00a0l\u00e1zn\u00edch, zneu\u017e\u00edvaj\u00ed nemocnice jako hotely.<\/p>\n<p align=\"justify\">Migranti zab\u00edraj\u00ed na\u0161im d\u011btem m\u00edsta ve \u0161kolsk\u00e9m syst\u00e9mu, po\u010d\u00ednaje M\u0160, kon\u010de univerzitami, kam jsou p\u0159ednostn\u011b p\u0159ij\u00edm\u00e1ni. Drancuj\u00ed n\u00e1\u0161 soci\u00e1ln\u00ed syst\u00e9m, jakkoliv se o jeho budov\u00e1n\u00ed nezaslou\u017eili. Zat\u011b\u017euj\u00ed i bezpe\u010dnostn\u00ed syst\u00e9m, zejm\u00e9na sv\u00fdm v\u00fdtr\u017enictv\u00edm, kter\u00e9 je nepochopiteln\u011b tolerov\u00e1no a\/nebo n\u00edzce sankcionov\u00e1no.<\/p>\n<p align=\"justify\">Vm\u011b\u0161uj\u00ed do na\u0161ich vnitropolitick\u00fdch a vnitrost\u00e1tn\u00edch v\u011bc\u00ed. V\u00fdrazn\u011b skand\u00e1ln\u00ed bylo ned\u00e1vno zane\u0159\u00e1d\u011bn\u00ed pam\u00e1tky \u2013 Karlova mostu \u2013 n\u011bkolikametrov\u00fdm \u017elutomodr\u00fdm b\u011bhounem.<\/p>\n<p align=\"justify\">Plat\u00ed, \u017ee ceny bydlen\u00ed (ceny byt\u016f a hlavn\u011b n\u00e1jm\u016f) jsou ovlivn\u011bny p\u0159evisem popt\u00e1vky nad nab\u00eddkou. Tito \u201echud\u00e1ci\u201c toti\u017e \u010cechy p\u0159epl\u00e1c\u00ed.<\/p>\n<p align=\"justify\">Za zm\u00ednku v\u00a0t\u00e9to souvislosti stoj\u00ed placen\u00ed p\u0159\u00edsp\u011bvk\u016f na tzv. solid\u00e1rn\u00ed dom\u00e1cnost. T\u011bch pitomc\u016f, z\u00a0\u0159ad \u010cech\u016f, co si tohle nakvart\u00fdrovali, mnoho nebylo. Ubytov\u00e1vali je, jako sv\u00e9 p\u0159\u00edbuzn\u00e9 a zn\u00e1m\u00e9, jejich soukmenovci, co sem p\u0159i\u0161li p\u0159ed r. 2022. Pikantn\u00ed je, \u017ee naopak p\u0159\u00edchoz\u00ed ze z\u00e1padu Ukrajiny doma pronaj\u00edmaj\u00ed sv\u00e9 byty skute\u010dn\u00fdm ute\u010denc\u016fm z\u00a0v\u00fdchodn\u00edch \u010d\u00e1st\u00ed zem\u011b. \u017d\u00e1dnou solid\u00e1rn\u00ed dom\u00e1cnost zde jasn\u011b nepraktikuj\u00ed.<\/p>\n<p>M\u00fdty, \u0161\u00ed\u0159en\u00e9 zejm\u00e9na vl\u00e1dou fialov\u00fdch dement\u016f, jak se n\u00e1m tito p\u0159\u00edchoz\u00ed vyplat\u00ed, jak bez nich nem\u016f\u017ee na\u0161e ekonomika existovat a jak do syst\u00e9mu p\u0159isp\u00edvaj\u00ed v\u00edce, ne\u017e kolik od\u010derpaj\u00ed, jsou zcela \u00fa\u010delov\u00e9 a l\u017eiv\u00e9.<\/p>\n<p align=\"justify\">Odhaduji, \u017ee do zem\u011b, kter\u00e9 kdo m\u016f\u017ee, ukazuje ji\u017e 30 let z\u00e1da a do t\u011bch na 700 tis. nov\u011b p\u0159\u00edchoz\u00edch a jejich domoviny jsme za ty 4 roky nacpali jen z\u00a0ve\u0159ejn\u00fdch zdroj\u016f minim\u00e1ln\u011b 250 miliard.<\/p>\n<p>A co je nejd\u011bsiv\u011bj\u0161\u00ed?<\/p>\n<p align=\"justify\">\u017de s\u00a0bl\u00ed\u017e\u00edc\u00ed se neodvratnou kapitulac\u00ed se jaksi samoz\u0159ejm\u011b p\u0159edpokl\u00e1d\u00e1, \u017ee v\u00a0r\u00e1mci \u201eslu\u010dov\u00e1n\u00ed rodin\u201c k\u00a0n\u00e1m p\u0159it\u00e1hnou v\u00e1le\u010dn\u00edci z\u00a0fronty. Ne, \u017ee se naopak ti nov\u011b p\u0159\u00edchoz\u00ed od 24. 2. 2022 vr\u00e1t\u00ed budovat svou \u201emilovanou vlast\u201c.<\/p>\n<p><b>\u017de se ta DO\u010cASN\u00c1 ochrana zm\u011bn\u00ed na sebevra\u017eedn\u00e9 FURT<\/b>.<\/p>\n<p><em><a href=\"https:\/\/narodnidemokracie.cz\/ing-alena-drvotova-jednotka-docasnosti-jeden-furt\/\">Ing. Alena Drvotov\u00e1<\/a>, \u010dlenka p\u0159edsednictva ND<\/em><\/p>\n<p><img decoding=\"async\" loading=\"lazy\" class=\"alignnone size-medium wp-image-1140\" src=\"http:\/\/www.infokuryr.cz\/n\/wp-content\/uploads\/2021\/04\/alena-drvotova-300x196.jpg\" alt=\"\" width=\"300\" height=\"196\" srcset=\"https:\/\/www.infokuryr.cz\/n\/wp-content\/uploads\/2021\/04\/alena-drvotova-300x196.jpg 300w, https:\/\/www.infokuryr.cz\/n\/wp-content\/uploads\/2021\/04\/alena-drvotova.jpg 665w\" sizes=\"(max-width: 300px) 100vw, 300px\" \/><\/p>\n<p>&nbsp;<\/p>\n","protected":false},"excerpt":{"rendered":"<p>Od 24. 2. 2026 trvaj\u00ed ji\u017e 4 roky p\u0159\u00edlivu migrant\u016f z\u00a0Ukrajiny. Do zem\u00ed z\u00e1padn\u00ed a&#8230;<\/p>\n","protected":false},"author":2,"featured_media":98675,"comment_status":"closed","ping_status":"closed","sticky":false,"template":"","format":"standard","meta":[],"categories":[6],"tags":[76,1503,1635],"_links":{"self":[{"href":"https:\/\/www.infokuryr.cz\/n\/wp-json\/wp\/v2\/posts\/100711"}],"collection":[{"href":"https:\/\/www.infokuryr.cz\/n\/wp-json\/wp\/v2\/posts"}],"about":[{"href":"https:\/\/www.infokuryr.cz\/n\/wp-json\/wp\/v2\/types\/post"}],"author":[{"embeddable":true,"href":"https:\/\/www.infokuryr.cz\/n\/wp-json\/wp\/v2\/users\/2"}],"replies":[{"embeddable":true,"href":"https:\/\/www.infokuryr.cz\/n\/wp-json\/wp\/v2\/comments?post=100711"}],"version-history":[{"count":0,"href":"https:\/\/www.infokuryr.cz\/n\/wp-json\/wp\/v2\/posts\/100711\/revisions"}],"wp:featuredmedia":[{"embeddable":true,"href":"https:\/\/www.infokuryr.cz\/n\/wp-json\/wp\/v2\/media\/98675"}],"wp:attachment":[{"href":"https:\/\/www.infokuryr.cz\/n\/wp-json\/wp\/v2\/media?parent=100711"}],"wp:term":[{"taxonomy":"category","embeddable":true,"href":"https:\/\/www.infokuryr.cz\/n\/wp-json\/wp\/v2\/categories?post=100711"},{"taxonomy":"post_tag","embeddable":true,"href":"https:\/\/www.infokuryr.cz\/n\/wp-json\/wp\/v2\/tags?post=100711"}],"curies":[{"name":"wp","href":"https:\/\/api.w.org\/{rel}","templated":true}]}}