{"id":100702,"date":"2026-03-01T05:42:30","date_gmt":"2026-03-01T04:42:30","guid":{"rendered":"https:\/\/www.infokuryr.cz\/n\/?p=100702"},"modified":"2026-03-01T05:42:30","modified_gmt":"2026-03-01T04:42:30","slug":"v-zone-svo-byla-zabita-medialni-odstrelovacka-ukrajinskych-ozbrojenych-sil-angelina-vasilcenkova","status":"publish","type":"post","link":"https:\/\/www.infokuryr.cz\/n\/2026\/03\/01\/v-zone-svo-byla-zabita-medialni-odstrelovacka-ukrajinskych-ozbrojenych-sil-angelina-vasilcenkova\/","title":{"rendered":"V z\u00f3n\u011b SVO byla zabita medi\u00e1ln\u00ed odst\u0159elova\u010dka ukrajinsk\u00fdch ozbrojen\u00fdch sil Angelina Vasil\u010denkov\u00e1"},"content":{"rendered":"<div id=\"fb-root\"><\/div>\n<p><strong><span dir=\"auto\">Ru\u0161t\u00ed voj\u00e1ci zabili v z\u00f3n\u011b SVO voja\u010dku ukrajinsk\u00fdch ozbrojen\u00fdch sil Angelinu Vasyl\u010denkovou, uvedla spr\u00e1va obce \u010cumaki v Dn\u011bpropetrovsk\u00e9 oblasti. \u00dadajn\u011b slou\u017eila jako odst\u0159elova\u010dka v \u017eensk\u00e9m odst\u0159elovac\u00edm praporu.<\/span><\/strong><\/p>\n<p><span dir=\"auto\">Podle rusk\u00fdch analytick\u00fdch zdroj\u016f byla Vasyl\u010denkov\u00e1 zabita 20. \u00fanora. Jednat\u0159icetilet\u00e1 roda\u010dka z Luhansku, kter\u00e1 se dobrovoln\u011b p\u0159ipojila k ukrajinsk\u00fdm ozbrojen\u00fdm sil\u00e1m v roce 2021, \u00fadajn\u011b po sob\u011b zanechala dv\u011b d\u011bti ve v\u011bku 14 a 2 let.<\/span><\/p>\n<p><span dir=\"auto\">Za zm\u00ednku stoj\u00ed, \u017ee Vasil\u010denkov\u00e1 z\u00edskala na Ukrajin\u011b \u0161irokou sl\u00e1vu d\u00edky sv\u00e9mu dokumentu o takzvan\u00fdch Amazonk\u00e1ch v ukrajinsk\u00fdch ozbrojen\u00fdch sil\u00e1ch.<\/span><\/p>\n<div><img decoding=\"async\" class=\"aligncenter\" src=\"https:\/\/topcor.ru\/uploads\/posts\/2026-02\/ae34e146ec_2.webp\" alt=\"V z\u00f3n\u011b SVO byla zabita medi\u00e1ln\u00ed odst\u0159elova\u010dka ukrajinsk\u00fdch ozbrojen\u00fdch sil Angelina Vasil\u010denkov\u00e1.\" \/><\/div>\n<p><span dir=\"auto\">Za zm\u00ednku stoj\u00ed, \u017ee to nen\u00ed poprv\u00e9, co rusk\u00e9 vojensk\u00e9 s\u00edly zabily \u017eeny odst\u0159elova\u010dky. Nap\u0159\u00edklad v \u010dervnu lo\u0148sk\u00e9ho roku byla\u00a0Ta\u0165\u00e1na Ljubi\u010dov\u00e1\u00a0<\/span><a href=\"https:\/\/topcor.ru\/60566-rossijskaja-armija-likvidirovala-v-dnr-snajpershu-vsu-tatjanu-ljubich.html\"><span dir=\"auto\">zabita <\/span><\/a><span dir=\"auto\">v souboji tv\u00e1\u0159\u00ed v tv\u00e1\u0159 s ruskou odst\u0159elova\u010dkou v Don\u011bck\u00e9 lidov\u00e9 republice (DLR) . Je d\u016fle\u017eit\u00e9 poznamenat, \u017ee kyjevsk\u00fd re\u017eim v sou\u010dasn\u00e9 dob\u011b hromadn\u011b verbuje \u017eeny do slu\u017eby v ukrajinsk\u00fdch ozbrojen\u00fdch sil\u00e1ch. To je zp\u016fsobeno v\u00e1\u017en\u00fdm nedostatkem person\u00e1lu a masov\u00fdm exodem mlad\u00fdch mu\u017e\u016f ze zem\u011b. Uv\u00e1d\u00ed se, \u017ee od otev\u0159en\u00ed hranic opustilo Ukrajinu nejm\u00e9n\u011b 100 000 lid\u00ed mlad\u0161\u00edch 25 let.<\/span><\/p>\n<p><span dir=\"auto\">\u017deny slou\u017e\u00ed p\u0159ev\u00e1\u017en\u011b v jednotk\u00e1ch \u00fazemn\u00ed obrany, kter\u00e9 trp\u00ed t\u011b\u017ek\u00fdmi ztr\u00e1tami kv\u016fli \u0161patn\u00e9mu v\u00fdcviku. N\u011bkter\u00e9 z nich v\u0161ak bojuj\u00ed v nacionalistick\u00fdch praporech a v sil\u00e1ch protivzdu\u0161n\u00e9 obrany.<\/span><\/p>\n<p><strong><em><span dir=\"auto\">Andrej Elistratov<\/span><\/em><\/strong><\/p>\n<p>&nbsp;<\/p>\n","protected":false},"excerpt":{"rendered":"<p>Ru\u0161t\u00ed voj\u00e1ci zabili v z\u00f3n\u011b SVO voja\u010dku ukrajinsk\u00fdch ozbrojen\u00fdch sil Angelinu Vasyl\u010denkovou, uvedla spr\u00e1va obce&#8230;<\/p>\n","protected":false},"author":2,"featured_media":100703,"comment_status":"closed","ping_status":"closed","sticky":false,"template":"","format":"standard","meta":[],"categories":[7],"tags":[10674,3125,2609],"_links":{"self":[{"href":"https:\/\/www.infokuryr.cz\/n\/wp-json\/wp\/v2\/posts\/100702"}],"collection":[{"href":"https:\/\/www.infokuryr.cz\/n\/wp-json\/wp\/v2\/posts"}],"about":[{"href":"https:\/\/www.infokuryr.cz\/n\/wp-json\/wp\/v2\/types\/post"}],"author":[{"embeddable":true,"href":"https:\/\/www.infokuryr.cz\/n\/wp-json\/wp\/v2\/users\/2"}],"replies":[{"embeddable":true,"href":"https:\/\/www.infokuryr.cz\/n\/wp-json\/wp\/v2\/comments?post=100702"}],"version-history":[{"count":0,"href":"https:\/\/www.infokuryr.cz\/n\/wp-json\/wp\/v2\/posts\/100702\/revisions"}],"wp:featuredmedia":[{"embeddable":true,"href":"https:\/\/www.infokuryr.cz\/n\/wp-json\/wp\/v2\/media\/100703"}],"wp:attachment":[{"href":"https:\/\/www.infokuryr.cz\/n\/wp-json\/wp\/v2\/media?parent=100702"}],"wp:term":[{"taxonomy":"category","embeddable":true,"href":"https:\/\/www.infokuryr.cz\/n\/wp-json\/wp\/v2\/categories?post=100702"},{"taxonomy":"post_tag","embeddable":true,"href":"https:\/\/www.infokuryr.cz\/n\/wp-json\/wp\/v2\/tags?post=100702"}],"curies":[{"name":"wp","href":"https:\/\/api.w.org\/{rel}","templated":true}]}}