{"id":100694,"date":"2026-03-01T04:57:53","date_gmt":"2026-03-01T03:57:53","guid":{"rendered":"https:\/\/www.infokuryr.cz\/n\/?p=100694"},"modified":"2026-03-01T05:28:01","modified_gmt":"2026-03-01T04:28:01","slug":"mlada-francouzka-zavrazdena-pobliz-opusteneho-italskeho-kostela-ital-marockeho-puvodu-nyni-pred-soudem","status":"publish","type":"post","link":"https:\/\/www.infokuryr.cz\/n\/2026\/03\/01\/mlada-francouzka-zavrazdena-pobliz-opusteneho-italskeho-kostela-ital-marockeho-puvodu-nyni-pred-soudem\/","title":{"rendered":"Mlad\u00e1 Francouzka zavra\u017ed\u011bn\u00e1 pobl\u00ed\u017e opu\u0161t\u011bn\u00e9ho italsk\u00e9ho kostela, Ital marock\u00e9ho p\u016fvodu nyn\u00ed p\u0159ed soudem"},"content":{"rendered":"<div id=\"fb-root\"><\/div>\n<h3 class=\"s-tagline fw-tagline\"><span dir=\"auto\">Auriane Laisne byla zavra\u017ed\u011bna pobl\u00ed\u017e opu\u0161t\u011bn\u00e9ho kostela pobl\u00ed\u017e La Salle v italsk\u00e9m \u00fadol\u00ed Aosta v roce 2024<\/span><\/h3>\n<p><span dir=\"auto\">Mlad\u00e1 francouzsk\u00e1 teenagerka Auriane Laisne byla v roce 2024 zavra\u017ed\u011bna pobl\u00ed\u017e opu\u0161t\u011bn\u00e9ho kostela pobl\u00ed\u017e La Salle v italsk\u00e9m \u00fadol\u00ed Aosta. P\u0159\u00edpad se roz\u0161\u00ed\u0159il v mezin\u00e1rodn\u00edch m\u00e9di\u00edch kv\u016fli tvrzen\u00edm, \u017ee \u201elovila duchy\u201c a \u017ee j\u00ed z t\u011bla byla vys\u00e1ta ve\u0161ker\u00e1 krev.<\/span><\/p>\n<p><span dir=\"auto\">Verdikt v p\u0159\u00edpadu se o\u010dek\u00e1v\u00e1 v p\u0159\u00ed\u0161t\u00edch 40 dnech. Jej\u00ed partnerka, 23let\u00e1 italsk\u00e1 ob\u010danka Teima Sohaibov\u00e1, jej\u00ed\u017e rodina poch\u00e1z\u00ed z Maroka, je souzena za vra\u017edu. Zat\u00edm senza\u010dn\u00ed detaily p\u0159\u00edpadu, jako nap\u0159\u00edklad to, \u017ee j\u00ed byla odebr\u00e1na ve\u0161ker\u00e1 krev, nebyly potvrzeny \u017e\u00e1dn\u00fdm d\u016fkazem, ale st\u00e1tn\u00ed z\u00e1stupci tvrd\u00ed, \u017ee oba m\u011bli bou\u0159liv\u00fd vztah. Sohaibovou obvi\u0148uj\u00ed z vra\u017edy d\u00edvky na konci b\u0159ezna.<\/span><\/p>\n<p><span dir=\"auto\">Pot\u00e9, co bylo nalezeno jej\u00ed t\u011blo, pitva uk\u00e1zala, \u017ee v d\u00edv\u010din\u011b krvi byla tak vysok\u00e1 hladina benzodiazepin\u016f, \u017ee se v dob\u011b vra\u017edy pravd\u011bpodobn\u011b nach\u00e1zela v polobezv\u011bdom\u00ed, uv\u00e1d\u011bj\u00ed italsk\u00e9 noviny\u00a0<\/span><a href=\"https:\/\/www.ilrestodelcarlino.it\/fermo\/cronaca\/delitto-aosta-teima-m1jnp0j0\"><span dir=\"auto\">Il Resto del Carlino<\/span><\/a><span dir=\"auto\">\u00a0. Je obvin\u011bn z toho, \u017ee ji uvnit\u0159 mal\u00e9ho kostela ubodal k smrti a pozd\u011bji jej\u00ed t\u011blo p\u0159em\u00edstil.<\/span><\/p>\n<p><span dir=\"auto\">D\u016fkazy DNA spojuj\u00edc\u00ed Sohaiba byly nalezeny na d\u00edv\u010d\u00edch kalhot\u00e1ch a jej\u00edm chytr\u00e9m telefonu, kter\u00fd na m\u00edst\u011b \u010dinu chyb\u011bl. M\u00edsto toho byl nalezen u 23let\u00e9ho podez\u0159el\u00e9ho p\u0159i jeho zat\u010den\u00ed.<\/span><\/p>\n<p><span dir=\"auto\">Podle vy\u0161et\u0159ovatel\u016f oba spole\u010dn\u011b cestovali do \u00fadol\u00ed Aosta, aby \u0159e\u0161ili sv\u00e9 vztahov\u00e9 probl\u00e9my. Z\u00e1znamy z mobiln\u00edch telefon\u016f ukazuj\u00ed, \u017ee spolu byli t\u0159i dny mezi 23. a 25. b\u0159eznem 2024, tedy v den, kdy p\u0159ekro\u010dili hranici z Francie do It\u00e1lie.<\/span><\/p>\n<p><span dir=\"auto\">\u00da\u0159ady se domn\u00edvaj\u00ed, \u017ee Laisne byla zabita mezi 26. a 27. b\u0159eznem 2024. Jej\u00ed t\u011blo objevil v opu\u0161t\u011bn\u00e9m kostele 5. dubna kolemjdouc\u00ed a Sohaib byl o p\u011bt dn\u00ed pozd\u011bji zat\u010den ve Francii, kde \u017eil kv\u016fli studiu. B\u011bhem soudn\u00edho procesu obh\u00e1jci Lucia Lupi a Tommaso Calabr\u00f2 zd\u016fraznili d\u016fkazy o tom, \u017ee t\u011blo ob\u011bti bylo p\u0159em\u00edst\u011bno 12 a\u017e 16 hodin po jej\u00ed smrti, co\u017e je podle nich pro p\u0159\u00edpad d\u016fle\u017eit\u00fd detail.<\/span><\/p>\n<p><span dir=\"auto\">Psychiatr Francesco Cargioli, specialista m\u00edstn\u00edho zdravotn\u00edho \u00fa\u0159adu, u soudu uvedl, \u017ee mu\u017e trp\u00ed v\u00e1\u017enou poruchou osobnosti, v\u010detn\u011b t\u011b\u017ek\u00e9ho narcismu, ale ta nedosahuje \u00farovn\u011b, kter\u00e1 by ho zbavila pr\u00e1vn\u00ed odpov\u011bdnosti za vra\u017edu.<\/span><\/p>\n<p><span dir=\"auto\">Cargioli uznal, \u017ee 23let\u00fd mu\u017e, kter\u00fd trv\u00e1 na sv\u00e9 nevin\u011b, m\u011bl b\u011bhem pobytu ve v\u011bzen\u00ed epizody agrese. \u201eObjevil se obraz sm\u00ed\u0161en\u00e9 poruchy osobnosti, ale nenalezl jsem \u017e\u00e1dn\u00e9 prvky, kter\u00e9 by naru\u0161ovaly jeho schopnost b\u00fdt obvin\u011bn,\u201c vysv\u011btlil psychiatr. \u201eNedoch\u00e1z\u00ed ke ztr\u00e1t\u011b reality. Porucha osobnosti ovliv\u0148uje p\u0159i\u010ditatelnost, kdy\u017e dojde ke ztr\u00e1t\u011b kontaktu s realitou nebo k t\u011b\u017ek\u00e9 psychotick\u00e9 poru\u0161e.\u201c<\/span><\/p>\n<p><span dir=\"auto\">Z\u00e1v\u011bre\u010dn\u00e1 \u0159e\u010d ob\u017ealoby a vystoupen\u00ed ob\u010danskopr\u00e1vn\u00ed strany zastupuj\u00edc\u00ed rodi\u010de ob\u011bti jsou napl\u00e1nov\u00e1ny na 18. b\u0159ezna. Obhajoba by m\u011bla p\u0159edn\u00e9st sv\u00e9 z\u00e1v\u011bre\u010dn\u00e9 argumenty 25. b\u0159ezna. Soud by m\u011bl vyn\u00e9st rozsudek 8. dubna, p\u0159esn\u011b dva roky po objeven\u00ed Laisneina t\u011bla.<\/span><\/p>\n<p><img decoding=\"async\" loading=\"lazy\" class=\"alignnone size-full wp-image-1185\" src=\"http:\/\/www.infokuryr.cz\/n\/wp-content\/uploads\/2021\/04\/kuryr-podpis.png\" alt=\"\" width=\"84\" height=\"24\" \/><\/p>\n<p>&nbsp;<\/p>\n","protected":false},"excerpt":{"rendered":"<p>Auriane Laisne byla zavra\u017ed\u011bna pobl\u00ed\u017e opu\u0161t\u011bn\u00e9ho kostela pobl\u00ed\u017e La Salle v italsk\u00e9m \u00fadol\u00ed Aosta v&#8230;<\/p>\n","protected":false},"author":2,"featured_media":100695,"comment_status":"closed","ping_status":"closed","sticky":false,"template":"","format":"standard","meta":[],"categories":[7],"tags":[10672,5358,324,184],"_links":{"self":[{"href":"https:\/\/www.infokuryr.cz\/n\/wp-json\/wp\/v2\/posts\/100694"}],"collection":[{"href":"https:\/\/www.infokuryr.cz\/n\/wp-json\/wp\/v2\/posts"}],"about":[{"href":"https:\/\/www.infokuryr.cz\/n\/wp-json\/wp\/v2\/types\/post"}],"author":[{"embeddable":true,"href":"https:\/\/www.infokuryr.cz\/n\/wp-json\/wp\/v2\/users\/2"}],"replies":[{"embeddable":true,"href":"https:\/\/www.infokuryr.cz\/n\/wp-json\/wp\/v2\/comments?post=100694"}],"version-history":[{"count":0,"href":"https:\/\/www.infokuryr.cz\/n\/wp-json\/wp\/v2\/posts\/100694\/revisions"}],"wp:featuredmedia":[{"embeddable":true,"href":"https:\/\/www.infokuryr.cz\/n\/wp-json\/wp\/v2\/media\/100695"}],"wp:attachment":[{"href":"https:\/\/www.infokuryr.cz\/n\/wp-json\/wp\/v2\/media?parent=100694"}],"wp:term":[{"taxonomy":"category","embeddable":true,"href":"https:\/\/www.infokuryr.cz\/n\/wp-json\/wp\/v2\/categories?post=100694"},{"taxonomy":"post_tag","embeddable":true,"href":"https:\/\/www.infokuryr.cz\/n\/wp-json\/wp\/v2\/tags?post=100694"}],"curies":[{"name":"wp","href":"https:\/\/api.w.org\/{rel}","templated":true}]}}