{"id":100692,"date":"2026-03-01T05:11:17","date_gmt":"2026-03-01T04:11:17","guid":{"rendered":"https:\/\/www.infokuryr.cz\/n\/?p=100692"},"modified":"2026-03-01T05:11:17","modified_gmt":"2026-03-01T04:11:17","slug":"martin-kunstek-dopadne-trump-s-iranem-jako-svedove-pred-brnem-za-tricetilete-valky","status":"publish","type":"post","link":"https:\/\/www.infokuryr.cz\/n\/2026\/03\/01\/martin-kunstek-dopadne-trump-s-iranem-jako-svedove-pred-brnem-za-tricetilete-valky\/","title":{"rendered":"Martin Kun\u0161tek: Dopadne Trump s Ir\u00e1nem jako \u0160v\u00e9dov\u00e9 p\u0159ed Brnem za t\u0159icetilet\u00e9 v\u00e1lky?"},"content":{"rendered":"<div id=\"fb-root\"><\/div>\n<p><strong>Ir\u00e1nsk\u00e1 obrana podle vojensk\u00fdch pozorovatel\u016f vypad\u00e1 po prvn\u00edm dni obrany proti izraelsk\u00e9mu a americk\u00e9mu \u00fatoku mnohem l\u00e9pe ne\u017e p\u0159ed p\u016fl rokem p\u0159i dvan\u00e1ctidenn\u00ed v\u00e1lce. P\u0159ipom\u00edn\u00e1 mi to konec t\u0159icetilet\u00e9 v\u00e1lky, o jej\u00edm\u017e nerozhodn\u00e9m v\u00fdsledku spolurozhodl ne\u00fasp\u011bch \u0160v\u00e9d\u016f p\u0159i obl\u00e9h\u00e1n\u00ed Brna.<\/p>\n<p><\/strong>Wall Street Journal popisuje raketovou a dronovou odvetu Ir\u00e1nc\u016f proti US z\u00e1kladn\u00e1m v Bahrajnu, Kataru, Spojen\u00fdch arabsk\u00fdch emir\u00e1tech, Kuwajtu a Saudsk\u00e9 Ar\u00e1bii jako nejv\u011bt\u0161\u00ed koordinovan\u00fd \u00fatok, jemu\u017e americk\u00e1 vojska \u010del\u00ed poprv\u00e9 od japonsk\u00e9ho \u00fatoku na Pearl Harbor za 2 sv\u011btov\u00e9 v\u00e1lky. Rusk\u00fd kan\u00e1l Rybar konstatuje, \u017ee Ir\u00e1nci se oproti minul\u00e9mu americko \u2013 izraelsk\u00e9mu \u00fatoku podstatn\u011b zlep\u0161ili v taktice.<\/p>\n<p>Dvakr\u00e1t s odstupem p\u016fl roku se v z\u00e1v\u011bru t\u0159icetilet\u00e9 v\u00e1lky pokusili dob\u00fdt Brno \u0160v\u00e9dov\u00e9. Poprv\u00e9 p\u0159it\u00e1hli s pom\u011brn\u011b mal\u00fdm kontigentem na podzim 1644, po dobyt\u00ed Olomouce v roce 1643 a n\u00e1sledn\u00e9 pacifikaci \u0161irok\u00e9ho okol\u00ed. Spat\u0159ili \u0161patn\u011b udr\u017eovan\u00e9 opevn\u011bn\u00ed br\u00e1n\u011bn\u00e9 po\u010detn\u011b slabou pos\u00e1dkou. Po n\u011bkolika men\u0161\u00edch st\u0159etech odt\u00e1hli kv\u016fli zhor\u0161en\u00e9mu po\u010das\u00ed, kter\u00e9 nebylo vhodn\u00e9 k obl\u00e9h\u00e1n\u00ed. Odj\u00ed\u017ed\u011bli s t\u00edm, \u017ee na ja\u0159e m\u011bsto snadno obsad\u00ed. Ob\u00e1vali se toho i morav\u0161t\u00ed zem\u0161t\u00ed \u00fa\u0159edn\u00edci, kte\u0159\u00ed rad\u011bji utekli do V\u00eddn\u011b.<\/p>\n<p>Kdy\u017e k m\u011bstu v kv\u011btnu 1645 p\u0159it\u00e1hl v \u010dele arm\u00e1dy o s\u00edle 28 tis\u00edc mu\u017e\u016f \u0161v\u00e9dsk\u00fd mar\u0161\u00e1l Lennart Torstennson, zjistil \u017ee jde o \u00fapln\u011b jin\u00e9 m\u011bsto. Opraven\u00e9 hradby zpevn\u011bn\u00e9 d\u011blost\u0159eleck\u00fdmi \u0161ancemi obklopen\u00e9 prohlouben\u00fdmi p\u0159\u00edkopy, kryt\u00e9 spojen\u00ed s hradem \u0160pilberkem a dopln\u011bn\u00e9 z\u00e1soby. Spojenou pevnost sice nad\u00e1le h\u00e1jilo jen asi 500 zku\u0161en\u00fdch \u017eoldn\u00e9\u0159\u016f a n\u011bco p\u0159es 1000 mu\u017e\u016f m\u011bstsk\u00e9 domobrany.<\/p>\n<p>Zm\u011bnil se ale jejich velitel. Bleskovou p\u0159em\u011bnu m\u011bsta zorganizoval francouzsk\u00fd hugenot p\u016fvodem z La Rochelle, plukovn\u00edk Ludv\u00edk Raduit de Souches, kter\u00fd p\u0159ed t\u00edm po mnoha letech slu\u017eby ode\u0161el kv\u016fli souboji ze \u0161v\u00e9dsk\u00e9 arm\u00e1dy. Mimo\u0159\u00e1dn\u011b talentovan\u00fd voj\u00e1k, kter\u00fd p\u0159i obran\u011b Brna z\u00faro\u010dil zku\u0161enosti z cel\u00e9 t\u0159icetilet\u00e9 v\u00e1lky. Nejen\u017ee v rekordn\u00edm \u010dase nov\u011b opevnil m\u011bsto a hrad, ale p\u0159i jejich obran\u011b pou\u017e\u00edval taktiky pohybliv\u00fdch z\u00e1loh.<\/p>\n<p>\u0160v\u00e9d\u016fm se t\u0159ikr\u00e1t poda\u0159ilo prolomit m\u011bstsk\u00e9 opevn\u011bn\u00ed. Jen proto, aby zjistili, \u017ee za n\u00edm byla ihned vybudov\u00e1na dal\u0161\u00ed linie obrany, a \u017ee se v pr\u016flomu dostali do pasti. Kdy\u017e \u0160v\u00e9dov\u00e9 po selh\u00e1n\u00ed gener\u00e1ln\u00edho \u00fatoku z 15. srpna opou\u0161t\u011bli le\u017een\u00ed, odch\u00e1zela jich jen \u010dtvrtina z p\u016fvodn\u00edho po\u010dtu. 8 z 10 mrtv\u00fdch nezabili obr\u00e1nci, ale cholera, kter\u00fd vypukla mezi obl\u00e9hateli kv\u016fli \u0161patn\u00fdm hygienick\u00fdm podm\u00ednk\u00e1m.<\/p>\n<p>Co\u017e mi p\u0159ipom\u00edn\u00e1 letadlovou lo\u010f Gerald Ford, kterou US Navy musela n\u011bkolik dn\u016f p\u0159ed \u00fatokem na Ir\u00e1n st\u00e1hnout z boji\u0161t\u011b kv\u016fli porouchan\u00e9m fek\u00e1ln\u00edmu syst\u00e9mu.<\/p>\n<p><a href=\"https:\/\/www.pokec24.cz\/nezarazene\/dopadne-trump-s-iranem-jako-svedove-pred-brnem-za-tricetilete-valky\/\"><em>Martin Kun\u0161tek<\/em><\/a><\/p>\n<p>&nbsp;<\/p>\n","protected":false},"excerpt":{"rendered":"<p>Ir\u00e1nsk\u00e1 obrana podle vojensk\u00fdch pozorovatel\u016f vypad\u00e1 po prvn\u00edm dni obrany proti izraelsk\u00e9mu a americk\u00e9mu \u00fatoku&#8230;<\/p>\n","protected":false},"author":2,"featured_media":100693,"comment_status":"closed","ping_status":"closed","sticky":false,"template":"","format":"standard","meta":[],"categories":[6],"tags":[38,1503,452],"_links":{"self":[{"href":"https:\/\/www.infokuryr.cz\/n\/wp-json\/wp\/v2\/posts\/100692"}],"collection":[{"href":"https:\/\/www.infokuryr.cz\/n\/wp-json\/wp\/v2\/posts"}],"about":[{"href":"https:\/\/www.infokuryr.cz\/n\/wp-json\/wp\/v2\/types\/post"}],"author":[{"embeddable":true,"href":"https:\/\/www.infokuryr.cz\/n\/wp-json\/wp\/v2\/users\/2"}],"replies":[{"embeddable":true,"href":"https:\/\/www.infokuryr.cz\/n\/wp-json\/wp\/v2\/comments?post=100692"}],"version-history":[{"count":0,"href":"https:\/\/www.infokuryr.cz\/n\/wp-json\/wp\/v2\/posts\/100692\/revisions"}],"wp:featuredmedia":[{"embeddable":true,"href":"https:\/\/www.infokuryr.cz\/n\/wp-json\/wp\/v2\/media\/100693"}],"wp:attachment":[{"href":"https:\/\/www.infokuryr.cz\/n\/wp-json\/wp\/v2\/media?parent=100692"}],"wp:term":[{"taxonomy":"category","embeddable":true,"href":"https:\/\/www.infokuryr.cz\/n\/wp-json\/wp\/v2\/categories?post=100692"},{"taxonomy":"post_tag","embeddable":true,"href":"https:\/\/www.infokuryr.cz\/n\/wp-json\/wp\/v2\/tags?post=100692"}],"curies":[{"name":"wp","href":"https:\/\/api.w.org\/{rel}","templated":true}]}}