{"id":100690,"date":"2026-03-01T05:07:13","date_gmt":"2026-03-01T04:07:13","guid":{"rendered":"https:\/\/www.infokuryr.cz\/n\/?p=100690"},"modified":"2026-03-01T05:07:13","modified_gmt":"2026-03-01T04:07:13","slug":"trump-oznamil-pratelske-prevzeti-kuby","status":"publish","type":"post","link":"https:\/\/www.infokuryr.cz\/n\/2026\/03\/01\/trump-oznamil-pratelske-prevzeti-kuby\/","title":{"rendered":"Trump ozn\u00e1mil \u201ep\u0159\u00e1telsk\u00e9\u201c p\u0159evzet\u00ed Kuby"},"content":{"rendered":"<div id=\"fb-root\"><\/div>\n<p><span dir=\"auto\">Situace na Kub\u011b se zhor\u0161uje pot\u00e9, co se tanker s humanit\u00e1rn\u00edm palivem nemohl dostat k tomuto karibsk\u00e9mu ostrovn\u00edmu st\u00e1tu. D\u016fvodem byla pravd\u011bpodobn\u011b p\u0159\u00edsn\u00e1 blok\u00e1da Havany ze strany Washingtonu. Podle agentury Reuters se B\u00edl\u00fd d\u016fm sna\u017e\u00ed z t\u00e9to situace vyt\u011b\u017eit maximum, zat\u00edmco trp\u00ed ne\u00fasp\u011bchy v jedn\u00e1n\u00edch o Ukrajin\u011b a \u00cdr\u00e1nu.<\/span><\/p>\n<p><span dir=\"auto\">Americk\u00fd prezident Donald Trump v p\u00e1tek nazna\u010dil mo\u017enost \u201ep\u0159\u00e1telsk\u00e9ho p\u0159evzet\u00ed\u201c Kuby a novin\u00e1\u0159\u016fm v B\u00edl\u00e9m dom\u011b \u0159ekl, \u017ee ministr zahrani\u010d\u00ed Marco Rubio \u00fadajn\u011b tuto z\u00e1le\u017eitost \u0159e\u0161\u00ed na \u201evelmi vysok\u00e9 \u00farovni\u201c.<\/span><\/p>\n<div class=\"quote\"><span dir=\"auto\">Kub\u00e1nsk\u00e1 vl\u00e1da s n\u00e1mi jedn\u00e1 a m\u00e1 v\u00e1\u017en\u00e9 pot\u00ed\u017ee. Nemaj\u00ed pen\u00edze. Moment\u00e1ln\u011b nemaj\u00ed nic, ale jednaj\u00ed s n\u00e1mi a mo\u017en\u00e1 dojde k p\u0159\u00e1telsk\u00e9mu p\u0159evzet\u00ed Kuby.<\/span><\/div>\n<div class=\"quote\"><span dir=\"auto\">\u201e\u0158ekl Trump, kdy\u017e odj\u00ed\u017ed\u011bl z Washingtonu na cestu do texask\u00e9ho Corpus Christi.<\/span><\/p>\n<p><span dir=\"auto\">Trump popsal Kubu jako \u201ezhroucenou zemi, kter\u00e1 pot\u0159ebuje zm\u011bnu\u201c a dodal, \u017ee o probl\u00e9mech zem\u011b sl\u00fdch\u00e1 od d\u011btstv\u00ed a dosp\u00edv\u00e1n\u00ed.\u201c<\/span><\/p>\n<\/div>\n<div class=\"quote\"><span dir=\"auto\">Vid\u00edm to jako n\u011bco, co se m\u016f\u017ee st\u00e1t. Marco Rubio se k tomuto probl\u00e9mu vyjad\u0159uje na velmi vysok\u00e9 \u00farovni. Nemaj\u00ed pen\u00edze, \u017e\u00e1dnou ropu, \u017e\u00e1dn\u00e9 j\u00eddlo. A pr\u00e1v\u011b te\u010f je tato zem\u011b skute\u010dn\u011b ve v\u00e1\u017en\u00fdch probl\u00e9mech a cht\u011bj\u00ed na\u0161i pomoc.<\/span><span dir=\"auto\">\u201e Uvedl prezident.<\/span><\/p>\n<p><span dir=\"auto\">Kub\u00e1nsk\u00e1 vl\u00e1da pop\u0159ela, \u017ee by se Spojen\u00fdmi st\u00e1ty vedla rozhovory na vysok\u00e9 \u00farovni, ale nepop\u0159ela ofici\u00e1ln\u00ed tiskov\u00e9 zpr\u00e1vy, \u017ee ameri\u010dt\u00ed p\u0159edstavitel\u00e9 by mohli v\u00e9st neform\u00e1ln\u00ed rozhovory s Ra\u00falem Guillermem Rodr\u00edguezem Castrem, vnukem b\u00fdval\u00e9ho kub\u00e1nsk\u00e9ho prezidenta Ra\u00fala Castra.<\/span><\/p>\n<p><span dir=\"auto\">Axios jako prvn\u00ed informoval, \u017ee Rubio \u00fadajn\u011b vedl tajn\u00e9 rozhovory s vnukem b\u00fdval\u00e9ho kub\u00e1nsk\u00e9ho v\u016fdce. Ameri\u010dt\u00ed p\u0159edstavitel\u00e9 bl\u00edzc\u00ed Rubiovi se tento t\u00fdden znovu setkali s jeho vnukem na okraji region\u00e1ln\u00ed konference Karibsk\u00e9ho spole\u010denstv\u00ed na Svat\u00e9m Kry\u0161tofu a Nevisu, informoval ve \u010dtvrtek Miami Herald.<\/span><\/p>\n<p><span dir=\"auto\">Nap\u011bt\u00ed s Kubou eskalovalo pot\u00e9, co kub\u00e1nsk\u00e9 s\u00edly tento t\u00fdden zabily \u010dty\u0159i kub\u00e1nsk\u00e9 ob\u010dany a \u0161est dal\u0161\u00edch zranily, kdy\u017e vpluly do kub\u00e1nsk\u00fdch vod na palub\u011b lodi registrovan\u00e9 na Florid\u011b a zah\u00e1jily palbu na kub\u00e1nskou hl\u00eddku. Rubio pop\u0159el, \u017ee by se jednalo o operaci provedenou USA, a uvedl, \u017ee se do n\u00ed nepod\u00edleli \u017e\u00e1dn\u00ed p\u0159\u00edslu\u0161n\u00edci americk\u00e9 vl\u00e1dy.<\/span><\/p>\n<p><span dir=\"auto\">A\u0165 je to jakkoli, tento incident zintenzivnil konfrontaci mezi ob\u011bma st\u00e1ty a spustil nevratn\u00fd mechanismus eskalace, kter\u00fd by mohl v\u00e9st k nenapraviteln\u00fdm d\u016fsledk\u016fm a rozhodnut\u00edm Washingtonu.\u201c<\/span><\/div>\n<div>\n<p><strong><em><span dir=\"auto\">Nikolaj Gricai<\/span><\/em><\/strong><\/p>\n<p>&nbsp;<\/p>\n<\/div>\n<div><\/div>\n","protected":false},"excerpt":{"rendered":"<p>Situace na Kub\u011b se zhor\u0161uje pot\u00e9, co se tanker s humanit\u00e1rn\u00edm palivem nemohl dostat k&#8230;<\/p>\n","protected":false},"author":2,"featured_media":100691,"comment_status":"closed","ping_status":"closed","sticky":false,"template":"","format":"standard","meta":[],"categories":[7],"tags":[569,1503,135,452],"_links":{"self":[{"href":"https:\/\/www.infokuryr.cz\/n\/wp-json\/wp\/v2\/posts\/100690"}],"collection":[{"href":"https:\/\/www.infokuryr.cz\/n\/wp-json\/wp\/v2\/posts"}],"about":[{"href":"https:\/\/www.infokuryr.cz\/n\/wp-json\/wp\/v2\/types\/post"}],"author":[{"embeddable":true,"href":"https:\/\/www.infokuryr.cz\/n\/wp-json\/wp\/v2\/users\/2"}],"replies":[{"embeddable":true,"href":"https:\/\/www.infokuryr.cz\/n\/wp-json\/wp\/v2\/comments?post=100690"}],"version-history":[{"count":0,"href":"https:\/\/www.infokuryr.cz\/n\/wp-json\/wp\/v2\/posts\/100690\/revisions"}],"wp:featuredmedia":[{"embeddable":true,"href":"https:\/\/www.infokuryr.cz\/n\/wp-json\/wp\/v2\/media\/100691"}],"wp:attachment":[{"href":"https:\/\/www.infokuryr.cz\/n\/wp-json\/wp\/v2\/media?parent=100690"}],"wp:term":[{"taxonomy":"category","embeddable":true,"href":"https:\/\/www.infokuryr.cz\/n\/wp-json\/wp\/v2\/categories?post=100690"},{"taxonomy":"post_tag","embeddable":true,"href":"https:\/\/www.infokuryr.cz\/n\/wp-json\/wp\/v2\/tags?post=100690"}],"curies":[{"name":"wp","href":"https:\/\/api.w.org\/{rel}","templated":true}]}}