{"id":100689,"date":"2026-03-01T05:01:31","date_gmt":"2026-03-01T04:01:31","guid":{"rendered":"https:\/\/www.infokuryr.cz\/n\/?p=100689"},"modified":"2026-03-01T05:01:50","modified_gmt":"2026-03-01T04:01:50","slug":"iran-uzavrel-hormuzsky-pruliv-a-zautocil-na-americky-raketovy-radar-v-hodnote-11-miliardy-dolaru-v-kataru","status":"publish","type":"post","link":"https:\/\/www.infokuryr.cz\/n\/2026\/03\/01\/iran-uzavrel-hormuzsky-pruliv-a-zautocil-na-americky-raketovy-radar-v-hodnote-11-miliardy-dolaru-v-kataru\/","title":{"rendered":"\u00cdr\u00e1n uzav\u0159el Hormuzsk\u00fd pr\u016fliv a za\u00fato\u010dil na americk\u00fd raketov\u00fd radar v hodnot\u011b 1,1 miliardy dolar\u016f v Kataru"},"content":{"rendered":"<div id=\"fb-root\"><\/div>\n<p><strong><span dir=\"auto\">\u00cdr\u00e1n eskaloval sv\u00e9 odvetn\u00e9 operace na Bl\u00edzk\u00e9m v\u00fdchod\u011b odpoledne 28. \u00fanora, p\u0159i\u010dem\u017e zpr\u00e1vy nazna\u010duj\u00ed, \u017ee Isl\u00e1msk\u00e9 revolu\u010dn\u00ed gardy (IRGC) uzav\u0159ely strategick\u00fd Hormuzsk\u00fd pr\u016fliv.<\/span><\/strong><\/p>\n<p><span dir=\"auto\">\u00da\u0159edn\u00edk n\u00e1mo\u0159n\u00ed mise Evropsk\u00e9 unie Aspides agentu\u0159e Reuters \u0159ekl, \u017ee plavidla p\u0159ij\u00edmaj\u00ed VHF vys\u00edl\u00e1n\u00ed od IRGC s t\u00edm, \u017ee \u201e\u017e\u00e1dn\u00e1 lo\u010f nesm\u00ed proplout Hormuzsk\u00fdm pr\u016flivem\u201c.<\/span><\/p>\n<p><span dir=\"auto\">Pr\u016fliv je nejd\u016fle\u017eit\u011bj\u0161\u00ed trasou pro v\u00fdvoz ropy na sv\u011bt\u011b a spojuje nejv\u011bt\u0161\u00ed producenty ropy v Persk\u00e9m z\u00e1livu, jako je Sa\u00fadsk\u00e1 Ar\u00e1bie, \u00cdr\u00e1n, Ir\u00e1k a Spojen\u00e9 arabsk\u00e9 emir\u00e1ty, s Om\u00e1nsk\u00fdm z\u00e1livem a Arabsk\u00fdm mo\u0159em.<\/span><\/p>\n<p><span dir=\"auto\">\u00da\u0159edn\u00edk poznamenal, \u017ee \u00cdr\u00e1n \u017e\u00e1dn\u00fd takov\u00fd rozkaz form\u00e1ln\u011b nepotvrdil. Velitel IRGC Ibrahim Jabari v\u0161ak pozd\u011bji libanonsk\u00e9 s\u00edti Al-Mayadeen \u0159ekl, \u017ee \u201ev sou\u010dasn\u00e9 dob\u011b prob\u00edh\u00e1 uzav\u0159en\u00ed Hormuzsk\u00e9ho pr\u016flivu po agresi proti \u00cdr\u00e1nu\u201c.<\/span><\/p>\n<p><span dir=\"auto\">Velitel tak\u00e9 prozradil, \u017ee \u201ez \u00cdr\u00e1nu bylo bezprost\u0159edn\u011b po rann\u00edm \u00fatoku Spojen\u00fdch st\u00e1t\u016f a Izraele r\u016fzn\u00fdmi sm\u011bry odp\u00e1leno 1200 raket\u201c \u00cdr\u00e1nu.<\/span><\/p>\n<p><span dir=\"auto\">Poloofici\u00e1ln\u00ed tiskov\u00e1 agentura Mehr informovala, \u017ee 14 americk\u00fdch z\u00e1kladen bylo na Bl\u00edzk\u00e9m v\u00fdchod\u011b zasa\u017eeno raketami a drony.<\/span><\/p>\n<p><span dir=\"auto\">Jedn\u00edm z kl\u00ed\u010dov\u00fdch zasa\u017een\u00fdch c\u00edl\u016f byl podle IRGC americk\u00fd radar AN\/FPS-132 v Kataru. Vysoce v\u00fdkonn\u00fd f\u00e1zovan\u00fd radar s pevn\u00fdm skupenstv\u00edm se pou\u017e\u00edv\u00e1 pro v\u010dasn\u00e9 varov\u00e1n\u00ed p\u0159ed \u00fatoky balistick\u00fdmi raketami na velk\u00e9 vzd\u00e1lenosti a pro vesm\u00edrn\u00fd dohled. Jeho cena je 1,1 miliardy dolar\u016f a dosah a\u017e 5 000 kilometr\u016f. Doty\u010dn\u00fd radar vlastn\u00ed a provozuje katarsk\u00e9 letectvo, ale p\u0159edpokl\u00e1d\u00e1 se, \u017ee podporuje americk\u00e9 vojensk\u00e9 operace v regionu.<\/span><\/p>\n<p><span dir=\"auto\">\u00da\u0159edn\u00edk katarsk\u00e9ho ministerstva obrany potvrdil televizi Al Jazeera, \u017ee c\u00edlem \u00edr\u00e1nsk\u00e9ho \u00fatoku byl radar v\u010dasn\u00e9ho varov\u00e1n\u00ed v severn\u00edm Kataru.<\/span><\/p>\n<p><span dir=\"auto\">IRGC tak\u00e9 tvrdila, \u017ee zas\u00e1hla podp\u016frnou lo\u010f americk\u00e9ho n\u00e1mo\u0159nictva, ale Centr\u00e1ln\u00ed velen\u00ed pop\u0159elo, \u017ee by se jak\u00e9koli z jej\u00edch plavidel stalo c\u00edlem \u00fatoku.<\/span><\/p>\n<p><span dir=\"auto\">Dal\u0161\u00ed \u00fatoky byly nam\u00ed\u0159eny tak\u00e9 proti leteck\u00e9 z\u00e1kladn\u011b Muwaffaq Salti, centru americk\u00fdch sil v regionu. Jord\u00e1nsk\u00e9 ozbrojen\u00e9 s\u00edly uvedly, \u017ee se vypo\u0159\u00e1daly s nejm\u00e9n\u011b 49 raketami a dron\u016f odp\u00e1len\u00fdmi z \u00cdr\u00e1nu.<\/span><\/p>\n<p><span dir=\"auto\">Dal\u0161\u00ed \u00fadery byly podniknuty proti Kuvajtu. Dron zas\u00e1hl mezin\u00e1rodn\u00ed leti\u0161t\u011b v Kuvajtu, kde se nach\u00e1zej\u00ed i americk\u00e9 s\u00edly. Agentura Reuters uvedla, \u017ee od za\u010d\u00e1tku v\u00e1lky bylo v zemi zran\u011bno celkem 12 lid\u00ed.<\/span><\/p>\n<p><iframe loading=\"lazy\" src=\"https:\/\/s1.cdnstatic.space\/wp-content\/uploads\/2026\/02\/kuuu.mp4\" width=\"600\" height=\"338\" data-mce-fragment=\"1\"><\/iframe><\/p>\n<p><span dir=\"auto\">Dal\u0161\u00ed \u00edr\u00e1nsk\u00e9 raketov\u00e9 a dronov\u00e9 \u00fatoky byly hl\u00e1\u0161eny z Bahrajnu a Spojen\u00fdch arabsk\u00fdch emir\u00e1t\u016f, kde se ter\u010dem stalo n\u011bkolik hotel\u016f a v\u00fd\u0161kov\u00fdch budov. Jeden z \u00fader\u016f zas\u00e1hl slavn\u00fd um\u011bl\u00fd ostrov Palm v Dubaji. Emir\u00e1tsk\u00e9 \u00fa\u0159ady uvedly, \u017ee tam byli zran\u011bni \u010dty\u0159i lid\u00e9.<\/span><\/p>\n<p><span dir=\"auto\">Sa\u00fadsk\u00e1 Ar\u00e1bie rovn\u011b\u017e potvrdila, \u017ee se stala c\u00edlem \u00edr\u00e1nsk\u00e9ho raketov\u00e9ho \u00fatoku d\u0159\u00edve b\u011bhem dne. Sa\u00fadsk\u00e9 ministerstvo zahrani\u010d\u00ed ve sv\u00e9m prohl\u00e1\u0161en\u00ed uvedlo, \u017ee kr\u00e1lovstv\u00ed bylo schopno odrazit \u00fatoky na sv\u00e9 hlavn\u00ed m\u011bsto Rij\u00e1d a na v\u00fdchod zem\u011b. \u017d\u00e1dn\u00e9 ob\u011bti nebyly hl\u00e1\u0161eny.<\/span><\/p>\n<p><iframe loading=\"lazy\" src=\"https:\/\/s1.cdnstatic.space\/wp-content\/uploads\/2026\/02\/bah1-1.mp4\" width=\"600\" height=\"338\" data-mce-fragment=\"1\"><\/iframe><\/p>\n<p><iframe loading=\"lazy\" src=\"https:\/\/s1.cdnstatic.space\/wp-content\/uploads\/2026\/02\/bah2-1.mp4\" width=\"600\" height=\"338\" data-mce-fragment=\"1\"><\/iframe><\/p>\n<p><iframe loading=\"lazy\" src=\"https:\/\/s1.cdnstatic.space\/wp-content\/uploads\/2026\/02\/bah3-1.mp4\" width=\"600\" height=\"338\" data-mce-fragment=\"1\"><\/iframe><\/p>\n<p><iframe loading=\"lazy\" src=\"https:\/\/s1.cdnstatic.space\/wp-content\/uploads\/2026\/02\/bah4.mp4\" width=\"600\" height=\"338\" data-mce-fragment=\"1\"><\/iframe><\/p>\n<p><iframe loading=\"lazy\" src=\"https:\/\/s1.cdnstatic.space\/wp-content\/uploads\/2026\/02\/bah5.mp4\" width=\"600\" height=\"338\" data-mce-fragment=\"1\"><\/iframe><\/p>\n<p><iframe loading=\"lazy\" src=\"https:\/\/s1.cdnstatic.space\/wp-content\/uploads\/2026\/02\/bah6.mp4\" width=\"600\" height=\"338\" data-mce-fragment=\"1\"><\/iframe><\/p>\n<p><iframe loading=\"lazy\" src=\"https:\/\/s1.cdnstatic.space\/wp-content\/uploads\/2026\/02\/bah7.mp4\" width=\"600\" height=\"338\" data-mce-fragment=\"1\"><\/iframe><\/p>\n<p><iframe loading=\"lazy\" src=\"https:\/\/s1.cdnstatic.space\/wp-content\/uploads\/2026\/02\/bah8.mp4\" width=\"600\" height=\"338\" data-mce-fragment=\"1\"><\/iframe><\/p>\n<p><iframe loading=\"lazy\" src=\"https:\/\/s1.cdnstatic.space\/wp-content\/uploads\/2026\/02\/bah9.mp4\" width=\"600\" height=\"338\" data-mce-fragment=\"1\"><\/iframe><\/p>\n<p><iframe loading=\"lazy\" src=\"https:\/\/s1.cdnstatic.space\/wp-content\/uploads\/2026\/02\/bah10.mp4\" width=\"600\" height=\"338\" data-mce-fragment=\"1\"><\/iframe><\/p>\n<p><span dir=\"auto\">Samostatn\u011b byly na Izrael nam\u00ed\u0159eny dal\u0161\u00ed raketov\u00e9 a dronov\u00e9 \u00fatoky, p\u0159i\u010dem\u017e bylo hl\u00e1\u0161eno n\u011bkolik dopad\u016f. Izraelsk\u00e1 arm\u00e1da dokonce uvedla, \u017ee byly pou\u017eity rakety s v\u00edce hlavicemi. Izraelsk\u00e1 z\u00e1chrann\u00e1 slu\u017eba Magen David Adom uvedla, \u017ee v d\u016fsledku \u00fatok\u016f o\u0161et\u0159ila celkem 89 lehce zran\u011bn\u00fdch, z nich\u017e drtiv\u00e1 v\u011bt\u0161ina byla zran\u011bna nep\u0159\u00edmo.<\/span><\/p>\n<p><iframe loading=\"lazy\" src=\"https:\/\/s1.cdnstatic.space\/wp-content\/uploads\/2026\/02\/mis1.mp4\" width=\"600\" height=\"338\" data-mce-fragment=\"1\"><\/iframe><\/p>\n<p><iframe loading=\"lazy\" src=\"https:\/\/s1.cdnstatic.space\/wp-content\/uploads\/2026\/02\/mis2.mp4\" width=\"600\" height=\"338\" data-mce-fragment=\"1\"><\/iframe><\/p>\n<p><iframe loading=\"lazy\" src=\"https:\/\/s1.cdnstatic.space\/wp-content\/uploads\/2026\/02\/mis3.mp4\" width=\"600\" height=\"338\" data-mce-fragment=\"1\"><\/iframe><\/p>\n<p><span dir=\"auto\">Navzdory tlaku \u00edr\u00e1nsk\u00fdch \u00fatok\u016f izraelsk\u00e9 obrann\u00e9 s\u00edly (IDF) ozn\u00e1mily, \u017ee provedly dosud nejv\u011bt\u0161\u00ed \u00fadernou misi v \u00cdr\u00e1nu s v\u00edce ne\u017e 200 st\u00edhac\u00edmi letouny.<\/span><\/p>\n<p><span dir=\"auto\">Izraelsk\u00e9 obrann\u00e9 s\u00edly (IDF) ve sv\u00e9m prohl\u00e1\u0161en\u00ed uvedly, \u017ee st\u00edha\u010dky v r\u00e1mci bojov\u00e9ho letu v rann\u00edch hodin\u00e1ch t\u00e9m\u011b\u0159 sou\u010dasn\u011b shodily stovky kus\u016f munice na p\u0159ibli\u017en\u011b 500 \u00edr\u00e1nsk\u00fdch vojensk\u00fdch c\u00edl\u016f v z\u00e1padn\u00edm a st\u0159edn\u00edm \u00cdr\u00e1nu.<\/span><\/p>\n<p><em><span dir=\"auto\">\u201eToto je nejv\u011bt\u0161\u00ed \u00fadern\u00fd boj v historii izraelsk\u00e9ho letectva, proveden\u00fd po d\u016fkladn\u00e9m pl\u00e1nov\u00e1n\u00ed s vyu\u017eit\u00edm vysoce kvalitn\u00edch zpravodajsk\u00fdch informac\u00ed a synchronizac\u00ed stovek letadel sou\u010dasn\u011b,\u201c uvedla arm\u00e1da.<\/span><\/em><\/p>\n<p><span dir=\"auto\">IDF dodala, \u017ee \u00fadery na \u00edr\u00e1nsk\u00e9 syst\u00e9my protivzdu\u0161n\u00e9 obrany \u201eumo\u017enily roz\u0161\u00ed\u0159en\u00ed vzdu\u0161n\u00e9 p\u0159evahy nad \u00edr\u00e1nsk\u00fdm nebem a zp\u016fsobily t\u011b\u017ekou r\u00e1nu \u00fast\u0159edn\u00ed \u00fato\u010dn\u00e9 schopnosti re\u017eimu, odpalovac\u00edm m\u00edst\u016fm v z\u00e1padn\u00edm \u00cdr\u00e1nu\u201c.<\/span><\/p>\n<p><span dir=\"auto\">Jeden z bod\u016f, kter\u00fd byl zasa\u017een v oblasti Tabrizu, slou\u017eil \u00edr\u00e1nsk\u00e9 jednotce balistick\u00fdch raket \u201ea odtud pl\u00e1noval odp\u00e1lit des\u00edtky raket sm\u011brem k Izraeli,\u201c uvedla zpr\u00e1va.<\/span><\/p>\n<p><span dir=\"auto\">V d\u0159\u00edv\u011bj\u0161\u00edm prohl\u00e1\u0161en\u00ed IDF uvedla, \u017ee zas\u00e1hla \u201epokro\u010dil\u00fd syst\u00e9m protivzdu\u0161n\u00e9 obrany SA-65\u201c rozm\u00edst\u011bn\u00fd v oblasti Kerm\u00e1n\u0161\u00e1hu.<\/span><\/p>\n<p><em><span dir=\"auto\">\u201eIDF v t\u00e9to dob\u011b pokra\u010duje v \u00faderech na infrastrukturu \u00edr\u00e1nsk\u00e9ho teroristick\u00e9ho re\u017eimu s c\u00edlem zasadit mu \u00fader a zma\u0159it hrozby pro izraelskou dom\u00e1c\u00ed frontu,\u201c dodala arm\u00e1da.<\/span><\/em><\/p>\n<p><span dir=\"auto\">Mezit\u00edm televizn\u00ed stanice Channel 12 informovala, \u017ee Izrael \u201eodhaduje\u201c, \u017ee \u00edr\u00e1nsk\u00fd nejvy\u0161\u0161\u00ed v\u016fdce Al\u00ed Chamene\u00ed byl pravd\u011bpodobn\u011b zabit p\u0159i izraelsk\u00e9m \u00fatoku d\u0159\u00edve b\u011bhem dne. Zpr\u00e1va uv\u00e1d\u00ed, \u017ee existuje \u201erostouc\u00ed mno\u017estv\u00ed n\u00e1znak\u016f\u201c, kter\u00e9 by tomu nazna\u010dovaly, a to navzdory ofici\u00e1ln\u00edmu \u00edr\u00e1nsk\u00e9mu pop\u00edr\u00e1n\u00ed.<\/span><\/p>\n<p><span dir=\"auto\">Samostatn\u00e1 zpr\u00e1va agentury Reuters uvedla, \u017ee p\u0159i izraelsk\u00fdch \u00faderech byli zabiti velitel IRGC gener\u00e1l Mohammad Pakpour a \u00edr\u00e1nsk\u00fd ministr obrany Amir Nasirz\u00e1deh.<\/span><\/p>\n<p><span dir=\"auto\">Americk\u00e1 arm\u00e1da ze sv\u00e9 strany zat\u00edm neposkytla \u017e\u00e1dn\u00e9 podrobnosti o sv\u00fdch operac\u00edch. V\u0161echno nasv\u011bd\u010duje tomu, \u017ee \u00fatok na \u00cdr\u00e1n vede Izrael, alespo\u0148 prozat\u00edm.<\/span><\/p>\n<p><iframe loading=\"lazy\" src=\"https:\/\/s1.cdnstatic.space\/wp-content\/uploads\/2026\/02\/irann4.mp4\" width=\"600\" height=\"338\" data-mce-fragment=\"1\"><\/iframe><\/p>\n<p><iframe loading=\"lazy\" src=\"https:\/\/s1.cdnstatic.space\/wp-content\/uploads\/2026\/02\/irann3.mp4\" width=\"600\" height=\"338\" data-mce-fragment=\"1\"><\/iframe><\/p>\n<p><iframe loading=\"lazy\" src=\"https:\/\/s1.cdnstatic.space\/wp-content\/uploads\/2026\/02\/irann2.mp4\" width=\"600\" height=\"338\" data-mce-fragment=\"1\"><\/iframe><\/p>\n<p><span dir=\"auto\">Podle \u00edr\u00e1nsk\u00e9ho \u010cerven\u00e9ho p\u016flm\u011bs\u00edce bylo od za\u010d\u00e1tku \u00fatoku na \u00cdr\u00e1n zabito 200 lid\u00ed a v\u00edce ne\u017e 700 dal\u0161\u00edch bylo zran\u011bno.<\/span><\/p>\n<p><span dir=\"auto\">V ji\u017en\u00ed \u010d\u00e1sti Isl\u00e1msk\u00e9 republiky byly dnes hl\u00e1\u0161eny dva masakry v d\u016fsledku americko-izraelsk\u00fdch \u00fader\u016f. Nejm\u00e9n\u011b 85 lid\u00ed, v\u010detn\u011b student\u016f, bylo zabito p\u0159i \u00fatoku na d\u00edv\u010d\u00ed \u0161kolu v oblasti Minab. Dal\u0161\u00edch 15 lid\u00ed bylo zabito p\u0159i \u00fatoku, jeho\u017e c\u00edlem bylo sportovn\u00ed centrum ve m\u011bst\u011b Lamerd.<\/span><\/p>\n<p><span dir=\"auto\">Situace jednozna\u010dn\u011b dos\u00e1hla bodu, z n\u011bho\u017e nen\u00ed n\u00e1vratu, a to ani pro jednu ze stran. I kdy\u017e se spojenci \u00cdr\u00e1nu do boje zat\u00edm nezapojili, region\u00e1ln\u00ed konflikt by se v nadch\u00e1zej\u00edc\u00edch dnech mohl d\u00e1le roz\u0161\u00ed\u0159it, zejm\u00e9na pokud by se arabsk\u00e9 zem\u011b rozhodly reagovat a za\u00fato\u010dit na Isl\u00e1mskou republiku. To by velmi prosp\u011blo USA i Izraeli.<\/span><\/p>\n<p><img decoding=\"async\" loading=\"lazy\" class=\"alignnone size-full wp-image-1185\" src=\"http:\/\/www.infokuryr.cz\/n\/wp-content\/uploads\/2021\/04\/kuryr-podpis.png\" alt=\"\" width=\"84\" height=\"24\" \/><\/p>\n<p>&nbsp;<\/p>\n","protected":false},"excerpt":{"rendered":"<p>\u00cdr\u00e1n eskaloval sv\u00e9 odvetn\u00e9 operace na Bl\u00edzk\u00e9m v\u00fdchod\u011b odpoledne 28. \u00fanora, p\u0159i\u010dem\u017e zpr\u00e1vy nazna\u010duj\u00ed, \u017ee&#8230;<\/p>\n","protected":false},"author":2,"featured_media":81672,"comment_status":"closed","ping_status":"closed","sticky":false,"template":"","format":"standard","meta":[],"categories":[7],"tags":[6382,38,2188,37,5135],"_links":{"self":[{"href":"https:\/\/www.infokuryr.cz\/n\/wp-json\/wp\/v2\/posts\/100689"}],"collection":[{"href":"https:\/\/www.infokuryr.cz\/n\/wp-json\/wp\/v2\/posts"}],"about":[{"href":"https:\/\/www.infokuryr.cz\/n\/wp-json\/wp\/v2\/types\/post"}],"author":[{"embeddable":true,"href":"https:\/\/www.infokuryr.cz\/n\/wp-json\/wp\/v2\/users\/2"}],"replies":[{"embeddable":true,"href":"https:\/\/www.infokuryr.cz\/n\/wp-json\/wp\/v2\/comments?post=100689"}],"version-history":[{"count":0,"href":"https:\/\/www.infokuryr.cz\/n\/wp-json\/wp\/v2\/posts\/100689\/revisions"}],"wp:featuredmedia":[{"embeddable":true,"href":"https:\/\/www.infokuryr.cz\/n\/wp-json\/wp\/v2\/media\/81672"}],"wp:attachment":[{"href":"https:\/\/www.infokuryr.cz\/n\/wp-json\/wp\/v2\/media?parent=100689"}],"wp:term":[{"taxonomy":"category","embeddable":true,"href":"https:\/\/www.infokuryr.cz\/n\/wp-json\/wp\/v2\/categories?post=100689"},{"taxonomy":"post_tag","embeddable":true,"href":"https:\/\/www.infokuryr.cz\/n\/wp-json\/wp\/v2\/tags?post=100689"}],"curies":[{"name":"wp","href":"https:\/\/api.w.org\/{rel}","templated":true}]}}