{"id":100687,"date":"2026-03-01T04:56:17","date_gmt":"2026-03-01T03:56:17","guid":{"rendered":"https:\/\/www.infokuryr.cz\/n\/?p=100687"},"modified":"2026-03-01T04:56:17","modified_gmt":"2026-03-01T03:56:17","slug":"kanarske-ostrovy-92-nelegalnich-imigrantu-tvori-muzi-a-polovina-nezletilych-osob-bez-doprovodu-jsou-dospeli-zjistila-mise-evropskeho-parlamentu","status":"publish","type":"post","link":"https:\/\/www.infokuryr.cz\/n\/2026\/03\/01\/kanarske-ostrovy-92-nelegalnich-imigrantu-tvori-muzi-a-polovina-nezletilych-osob-bez-doprovodu-jsou-dospeli-zjistila-mise-evropskeho-parlamentu\/","title":{"rendered":"Kan\u00e1rsk\u00e9 ostrovy: 92 % neleg\u00e1ln\u00edch imigrant\u016f tvo\u0159\u00ed mu\u017ei a polovina \u201enezletil\u00fdch osob bez doprovodu\u201c jsou dosp\u011bl\u00ed, zjistila mise Evropsk\u00e9ho parlamentu"},"content":{"rendered":"<div id=\"fb-root\"><\/div>\n<h3 class=\"s-tagline fw-tagline\"><span dir=\"auto\">Mise Evropsk\u00e9ho parlamentu upozor\u0148uje na selh\u00e1n\u00ed v posuzov\u00e1n\u00ed v\u011bku, nadm\u011brn\u00e9 zastoupen\u00ed v\u011bznic a obavy z kriminality na \u0161pan\u011blsk\u00e9m souostrov\u00ed<\/span><\/h3>\n<p><span dir=\"auto\">Zji\u0161\u0165ovac\u00ed mise Evropsk\u00e9ho parlamentu na Kan\u00e1rsk\u00e9 ostrovy odhalila, \u017ee zhruba polovina migrant\u016f, kte\u0159\u00ed se po p\u0159\u00edjezdu prohla\u0161ovali za nezletil\u00e9 osoby bez doprovodu, se nakonec uk\u00e1zala jako dosp\u011bl\u00ed.<\/span><\/p>\n<p><span dir=\"auto\">Peti\u010dn\u00ed v\u00fdbor uskute\u010dnil n\u00e1v\u0161t\u011bvu v z\u00e1\u0159\u00ed 2025, aby posoudil dopad neleg\u00e1ln\u00edho p\u0159ist\u011bhovalectv\u00ed na \u0161pan\u011blsk\u00e9 souostrov\u00ed. Podle n\u00e1vrhu zpr\u00e1vy z po\u010d\u00e1tku tohoto m\u011bs\u00edce st\u00e1tn\u00ed z\u00e1stupci informovali poslance Evropsk\u00e9ho parlamentu, \u017ee \u201ez p\u0159ibli\u017en\u011b 1 500 nezletil\u00fdch osob bez doprovodu, u nich\u017e nebyl jasn\u00fd v\u011bk a kter\u00e9 byly p\u0159i p\u0159\u00edjezdu do p\u0159ij\u00edmac\u00edch center pro dosp\u011bl\u00e9 podrobeny postup\u016fm posouzen\u00ed v\u011bku, byla p\u0159ibli\u017en\u011b polovina z nich nakonec shled\u00e1na jako dosp\u011bl\u00ed.\u201c<\/span><\/p>\n<p><span dir=\"auto\">Zpr\u00e1va rovn\u011b\u017e uznala syst\u00e9mov\u00e9 nedostatky v procesu po\u010d\u00e1te\u010dn\u00edho prov\u011b\u0159ov\u00e1n\u00ed a uvedla, \u017ee \u201epo\u010d\u00e1te\u010dn\u00ed posouzen\u00ed ze strany policie jsou \u010dasto nep\u0159esn\u00e1, co\u017e vede k tomu, \u017ee n\u011bkte\u0159\u00ed jsou um\u00edst\u011bni do nespr\u00e1vn\u00e9ho centra je\u0161t\u011b p\u0159ed potvrzen\u00edm jejich v\u011bku\u201c.<\/span><\/p>\n<p><span dir=\"auto\">Rozsah p\u0159\u00edchoz\u00edch je i nad\u00e1le zna\u010dn\u00fd. Do 31. srpna 2025 dorazilo na Kan\u00e1rsk\u00e9 ostrovy 201 lod\u00ed s 12 249 migranty, v\u010detn\u011b 9 955 mu\u017e\u016f, 782 \u017een, 192 nezletil\u00fdch cestuj\u00edc\u00edch s rodi\u010di a 1 320 nezletil\u00fdch osob bez doprovodu. \u00da\u0159ady zaznamenaly 629 osob, jejich\u017e v\u011bk byl nejist\u00fd, a \u00fa\u0159edn\u00edci uvedli, \u017ee 92 procent p\u0159\u00edchoz\u00edch byli mu\u017ei.<\/span><\/p>\n<p><span dir=\"auto\">To se shoduje se zji\u0161t\u011bn\u00edmi z cel\u00e9 Evropy. Data agentury Frontex v roce 2023 uk\u00e1zala, \u017ee p\u0159esn\u011b\u00a0<\/span><a href=\"https:\/\/rmx.news\/european-union\/exclusive-former-frontex-chief-tells-remix-news-the-inside-story-behind-the-eu-commissions-push-for-mass-immigration-and-open-borders\/\"><span dir=\"auto\">92 procent neleg\u00e1ln\u00edch migrant\u016f tvo\u0159ili mu\u017ei<\/span><\/a><span dir=\"auto\"> , p\u0159i\u010dem\u017e toto \u010d\u00edslo je v pr\u016fb\u011bhu let pozoruhodn\u011b stabiln\u00ed.<\/span><\/p>\n<p><span dir=\"auto\">B\u011bhem mise byly opakovan\u011b zmi\u0148ov\u00e1ny ot\u00e1zky kriminality a ve\u0159ejn\u00e9 bezpe\u010dnosti. Poslanec Evropsk\u00e9ho parlamentu Sebastian Kruis se ptal, pro\u010d se migranti zdaj\u00ed b\u00fdt statisticky nadm\u011brn\u011b zastoupeni ve v\u011bze\u0148sk\u00fdch \u00fadaj\u00edch, a ptal se \u201ena d\u016fvody, pro\u010d m\u00e1 imigrant v pom\u011brn\u00e9m vyj\u00e1d\u0159en\u00ed 1,5kr\u00e1t vy\u0161\u0161\u00ed \u0161anci b\u00fdt ve v\u011bzen\u00ed\u201c, jeliko\u017e na Kan\u00e1rsk\u00fdch ostrovech migranti p\u0159edstavuj\u00ed 31 procent v\u011bz\u0148\u016f, ale na celkov\u00e9 populaci tvo\u0159\u00ed pouze 22 procent.<\/span><\/p>\n<p><span dir=\"auto\">\u201ePo p\u0159\u00edchodu nezletil\u00fdch osob bez doprovodu do\u0161lo k n\u00e1r\u016fstu kriminality, p\u0159i\u010dem\u017e trestn\u00e9 \u010diny jsou p\u00e1ch\u00e1ny p\u0159edev\u0161\u00edm na nich,\u201c uv\u00e1d\u00ed zpr\u00e1va. D\u00e1le v\u0161ak vysv\u011btluje, \u017ee se jedn\u00e1 p\u0159ev\u00e1\u017en\u011b o \u201erva\u010dky, ur\u00e1\u017eky a sexu\u00e1ln\u00ed napaden\u00ed, k nim\u017e doch\u00e1z\u00ed zejm\u00e9na v p\u0159ij\u00edmac\u00edch centrech\u201c, co\u017e znamen\u00e1, \u017ee a\u010dkoli trestn\u00e9 \u010diny mohou b\u00fdt p\u00e1ch\u00e1ny na migrantech, jsou tak\u00e9 p\u00e1ch\u00e1ny jimi samotn\u00fdmi.<\/span><\/p>\n<p><span dir=\"auto\">Z\u00e1stupci sousedstv\u00ed v La Isleta, pobl\u00ed\u017e p\u0159ij\u00edmac\u00edho centra Canarias 50 v Las Palmas, poslanc\u016fm Evropsk\u00e9ho parlamentu sd\u011blili, \u017ee za\u017e\u00edvaj\u00ed rostouc\u00ed \u201epocit nejistoty\u201c.<\/span><\/p>\n<p><span dir=\"auto\">Zpr\u00e1va rovn\u011b\u017e podrobn\u011b popsala obt\u00ed\u017ee spojen\u00e9 s st\u00edh\u00e1n\u00edm pa\u0161er\u00e1ck\u00fdch s\u00edt\u00ed. V roce 2024 bylo zah\u00e1jeno 282 p\u0159edb\u011b\u017en\u00fdch vy\u0161et\u0159ov\u00e1n\u00ed v souvislosti s p\u0159\u00edjezdy lod\u00ed, p\u0159esto bylo 97 procent z nich p\u0159edb\u011b\u017en\u011b pozastaveno z d\u016fvodu nedostate\u010dn\u00e9ho po\u010dtu identifikovan\u00fdch pachatel\u016f.<\/span><\/p>\n<p><span dir=\"auto\">Pokud jde o n\u00e1vraty, \u00fa\u0159ady uvedly, \u017ee vyho\u0161t\u011bn\u00ed do Maroka je omezen\u00e9, proto\u017ee mnoho p\u0159\u00edchoz\u00edch nem\u00e1 doklady a Maroko nezpracov\u00e1v\u00e1 dokumenty pro neleg\u00e1ln\u00ed st\u00e1tn\u00ed p\u0159\u00edslu\u0161n\u00edky. Bylo zji\u0161t\u011bno, \u017ee Rabat zam\u00edtne 92 procent \u017e\u00e1dost\u00ed o repatriaci podan\u00fdch \u0160pan\u011blskem.<\/span><\/p>\n<p><span dir=\"auto\">Z\u00e1stupci n\u00e1mo\u0159n\u00ed z\u00e1chrann\u00e9 slu\u017eby uvedli, \u017ee \u201eneprov\u00e1d\u011bli zachycen\u00ed plavidel\u201c a omezili se na p\u00e1trac\u00ed a z\u00e1chrann\u00e9 operace v oblasti odpov\u011bdnosti \u0160pan\u011blska, co\u017e \u010dasto vede k tomu, \u017ee migranti jsou vyloveni na \u0161pan\u011blsk\u00fd b\u0159eh, i kdy\u017e je zn\u00e1mo m\u00edsto jejich odjezdu.<\/span><\/p>\n<p><span dir=\"auto\">Nizozemsk\u00fd poslanec Evropsk\u00e9ho parlamentu Sebastian Kruis ze skupiny Patriots for Europe (PfE) ve zpr\u00e1v\u011b argumentoval, \u017ee za\u017eil \u201evelk\u00fd rozd\u00edl mezi prezentacemi ofici\u00e1ln\u00edch z\u00e1stupc\u016f a nevl\u00e1dn\u00edch organizac\u00ed a t\u00edm, co o incidentech t\u00fdkaj\u00edc\u00edch se migrant\u016f \u0159\u00edkaj\u00ed lid\u00e9 z okres\u016f v bl\u00edzkosti p\u0159ij\u00edmac\u00edch center a zpr\u00e1vy\u201c.<\/span><\/p>\n<p><img decoding=\"async\" loading=\"lazy\" class=\"alignnone size-full wp-image-1185\" src=\"http:\/\/www.infokuryr.cz\/n\/wp-content\/uploads\/2021\/04\/kuryr-podpis.png\" alt=\"\" width=\"84\" height=\"24\" \/><\/p>\n<p>&nbsp;<\/p>\n","protected":false},"excerpt":{"rendered":"<p>Mise Evropsk\u00e9ho parlamentu upozor\u0148uje na selh\u00e1n\u00ed v posuzov\u00e1n\u00ed v\u011bku, nadm\u011brn\u00e9 zastoupen\u00ed v\u011bznic a obavy z&#8230;<\/p>\n","protected":false},"author":2,"featured_media":94019,"comment_status":"closed","ping_status":"closed","sticky":false,"template":"","format":"standard","meta":[],"categories":[7],"tags":[119,5831,440],"_links":{"self":[{"href":"https:\/\/www.infokuryr.cz\/n\/wp-json\/wp\/v2\/posts\/100687"}],"collection":[{"href":"https:\/\/www.infokuryr.cz\/n\/wp-json\/wp\/v2\/posts"}],"about":[{"href":"https:\/\/www.infokuryr.cz\/n\/wp-json\/wp\/v2\/types\/post"}],"author":[{"embeddable":true,"href":"https:\/\/www.infokuryr.cz\/n\/wp-json\/wp\/v2\/users\/2"}],"replies":[{"embeddable":true,"href":"https:\/\/www.infokuryr.cz\/n\/wp-json\/wp\/v2\/comments?post=100687"}],"version-history":[{"count":0,"href":"https:\/\/www.infokuryr.cz\/n\/wp-json\/wp\/v2\/posts\/100687\/revisions"}],"wp:featuredmedia":[{"embeddable":true,"href":"https:\/\/www.infokuryr.cz\/n\/wp-json\/wp\/v2\/media\/94019"}],"wp:attachment":[{"href":"https:\/\/www.infokuryr.cz\/n\/wp-json\/wp\/v2\/media?parent=100687"}],"wp:term":[{"taxonomy":"category","embeddable":true,"href":"https:\/\/www.infokuryr.cz\/n\/wp-json\/wp\/v2\/categories?post=100687"},{"taxonomy":"post_tag","embeddable":true,"href":"https:\/\/www.infokuryr.cz\/n\/wp-json\/wp\/v2\/tags?post=100687"}],"curies":[{"name":"wp","href":"https:\/\/api.w.org\/{rel}","templated":true}]}}