{"id":100685,"date":"2026-03-01T04:47:04","date_gmt":"2026-03-01T03:47:04","guid":{"rendered":"https:\/\/www.infokuryr.cz\/n\/?p=100685"},"modified":"2026-03-01T04:47:15","modified_gmt":"2026-03-01T03:47:15","slug":"iran-zasahl-lod-americkeho-namornictva-strelami-tomahawk-s-plochou-drahou-letu","status":"publish","type":"post","link":"https:\/\/www.infokuryr.cz\/n\/2026\/03\/01\/iran-zasahl-lod-americkeho-namornictva-strelami-tomahawk-s-plochou-drahou-letu\/","title":{"rendered":"\u00cdr\u00e1n zas\u00e1hl lo\u010f americk\u00e9ho n\u00e1mo\u0159nictva st\u0159elami Tomahawk s plochou dr\u00e1hou letu"},"content":{"rendered":"<div id=\"fb-root\"><\/div>\n<p class=\"lead\"><strong><span dir=\"auto\">\u00cdr\u00e1n zas\u00e1hl podp\u016frnou lo\u010f americk\u00e9ho n\u00e1mo\u0159nictva raketami Tomahawk, informovala tiskov\u00e1 agentura Mehr s odvol\u00e1n\u00edm na Isl\u00e1msk\u00e9 revolu\u010dn\u00ed gardy (IRGC).<\/span><\/strong><\/p>\n<p><em><span dir=\"auto\">\u201eAmerick\u00e1 bojov\u00e1 lo\u010f Maritime Strike Tomahawk byla v\u00e1\u017en\u011b po\u0161kozena raketami n\u00e1mo\u0159nictva IRGC. Ostatn\u00ed prost\u0159edky americk\u00e9ho n\u00e1mo\u0159nictva z\u016fstanou v dosahu raket a dron\u016f IRGC.\u201c<\/span><span class=\"after-quote\"><span dir=\"auto\">\u00a0\u2014 uv\u00e1d\u00ed se v prohl\u00e1\u0161en\u00ed IRGC, citovan\u00e9m agenturou TASS.<\/span><\/span><\/em><\/p>\n<p><span dir=\"auto\">\u00cdr\u00e1nsk\u00e1 tiskov\u00e1 agentura Tasnim mezit\u00edm s odvol\u00e1n\u00edm na IRGC informovala, \u017ee \u00cdr\u00e1n dnes za\u00fato\u010dil na podp\u016frnou lo\u010f americk\u00e9ho n\u00e1mo\u0159nictva a 14 americk\u00fdch vojensk\u00fdch z\u00e1kladen na Bl\u00edzk\u00e9m v\u00fdchod\u011b.<\/span><\/p>\n<h2>Gener\u00e1l IRGC: \u00cdr\u00e1n se chyst\u00e1 pou\u017e\u00edt zbran\u011b, kter\u00e9 nikdo ne\u010dek\u00e1<br \/>\n<img decoding=\"async\" class=\"aligncenter\" src=\"https:\/\/img6.eadaily.com\/c650x400\/o\/54f\/625eb128b3dfc5cec58db427d99b5.jpeg\" \/><\/h2>\n<p class=\"lead\"><strong><span dir=\"auto\">\u00cdr\u00e1n dosud nepou\u017eil nejz\u00e1va\u017en\u011bj\u0161\u00ed zbran\u011b, kter\u00e9 m\u00e1 k dispozici a kter\u00e9 jsou p\u0159ipraveny k pou\u017eit\u00ed, p\u0159i odvetn\u00fdch \u00faderech proti americk\u00fdm a izraelsk\u00fdm c\u00edl\u016fm.<\/span><\/strong><\/p>\n<p><span dir=\"auto\">Informovala o tom 28. \u00fanora agentura\u00a0<\/span><a href=\"https:\/\/www.reuters.com\/\" target=\"_blank\" rel=\"noopener\"><span dir=\"auto\">Reuters<\/span><\/a><span dir=\"auto\">\u00a0s odvol\u00e1n\u00edm na prohl\u00e1\u0161en\u00ed gener\u00e1lmajora Isl\u00e1msk\u00fdch revolu\u010dn\u00edch gard (IRGC)\u00a0<\/span><strong><span dir=\"auto\">Ebrahima D\u017eabar\u00edho<\/span><\/strong><span dir=\"auto\">\u00a0.<\/span><\/p>\n<p><span dir=\"auto\">Ujistil, \u017ee Teher\u00e1n m\u00e1 k dispozici siln\u011bj\u0161\u00ed a smrt\u00edc\u00ed rakety, ne\u017e jak\u00e9 byly pou\u017eity b\u011bhem prvn\u00ed vlny odvetn\u00fdch \u00fader\u016f.<\/span><\/p>\n<p><span dir=\"auto\">Podle D\u017eabariho \u00cdr\u00e1nci dosud pou\u017eili pouze \u201est\u0159ely vyroben\u00e9 ze \u0161rotu\u201c. Podle vysoce postaven\u00e9ho velitele IRGC v\u0161ak arm\u00e1da zem\u011b brzy pou\u017eije zbran\u011b, \u201ekter\u00e9 nikdo neo\u010dek\u00e1v\u00e1\u201c.<\/span><\/p>\n<p><em><span dir=\"auto\">\u201eTrump pot\u0159ebuje v\u011bd\u011bt, \u017ee jsme dnes odp\u00e1lili rakety ze z\u00e1sob, ale brzy p\u0159edstav\u00edme nejsiln\u011bj\u0161\u00ed rakety, jak\u00e9 jste kdy vid\u011bli,\u201c<\/span><span class=\"after-quote\"><span dir=\"auto\">\u00a0\u2014 prohl\u00e1sil gener\u00e1l.<\/span><\/span><\/em><\/p>\n<p><span dir=\"auto\">P\u0159ipome\u0148me si, \u017ee v reakci na agresi Izraele a Spojen\u00fdch st\u00e1t\u016f \u00cdr\u00e1n za\u00fato\u010dil na \u00fazem\u00ed \u017eidovsk\u00e9ho st\u00e1tu a americk\u00e9 vojensk\u00e9 z\u00e1kladny v n\u011bkolika zem\u00edch Bl\u00edzk\u00e9ho v\u00fdchodu, v\u010detn\u011b Spojen\u00fdch arabsk\u00fdch emir\u00e1t\u016f a Kataru.<\/span><\/p>\n<p><span dir=\"auto\">Isl\u00e1msk\u00e9 revolu\u010dn\u00ed gardy zd\u016fraznily, \u017ee odvetn\u00e9 akce Teher\u00e1nu budou pokra\u010dovat, dokud nebude nep\u0159\u00edtel zcela pora\u017een.<\/span><\/p>\n<p><strong><span dir=\"auto\">M\u00e9dia<\/span><\/strong><span dir=\"auto\">\u00a0d\u0159\u00edve\u00a0informovala, \u017ee \u00cdr\u00e1n <\/span><a href=\"https:\/\/eadaily.com\/ru\/news\/2026\/02\/28\/iran-zablokiroval-ormuzskiy-proliv-dvizhenie-tankerov-polnostyu-ostanovilos-fars\" target=\"_blank\" rel=\"noopener\"><span dir=\"auto\">zablokoval<\/span><\/a><span dir=\"auto\">\u00a0Hormuzsk\u00fd pr\u016fliv, \u010d\u00edm\u017e zcela zastavil dopravu ropn\u00fdch tanker\u016f. Informovala o tom \u00edr\u00e1nsk\u00e1 tiskov\u00e1 agentura Fars s odvol\u00e1n\u00edm na monitorovac\u00ed data.<\/span><\/p>\n<p><img decoding=\"async\" loading=\"lazy\" class=\"alignnone size-full wp-image-1185\" src=\"http:\/\/www.infokuryr.cz\/n\/wp-content\/uploads\/2021\/04\/kuryr-podpis.png\" alt=\"\" width=\"84\" height=\"24\" \/><\/p>\n<p>&nbsp;<\/p>\n","protected":false},"excerpt":{"rendered":"<p>\u00cdr\u00e1n zas\u00e1hl podp\u016frnou lo\u010f americk\u00e9ho n\u00e1mo\u0159nictva raketami Tomahawk, informovala tiskov\u00e1 agentura Mehr s odvol\u00e1n\u00edm na&#8230;<\/p>\n","protected":false},"author":2,"featured_media":100686,"comment_status":"closed","ping_status":"closed","sticky":false,"template":"","format":"standard","meta":[],"categories":[7],"tags":[38,697,349,37],"_links":{"self":[{"href":"https:\/\/www.infokuryr.cz\/n\/wp-json\/wp\/v2\/posts\/100685"}],"collection":[{"href":"https:\/\/www.infokuryr.cz\/n\/wp-json\/wp\/v2\/posts"}],"about":[{"href":"https:\/\/www.infokuryr.cz\/n\/wp-json\/wp\/v2\/types\/post"}],"author":[{"embeddable":true,"href":"https:\/\/www.infokuryr.cz\/n\/wp-json\/wp\/v2\/users\/2"}],"replies":[{"embeddable":true,"href":"https:\/\/www.infokuryr.cz\/n\/wp-json\/wp\/v2\/comments?post=100685"}],"version-history":[{"count":0,"href":"https:\/\/www.infokuryr.cz\/n\/wp-json\/wp\/v2\/posts\/100685\/revisions"}],"wp:featuredmedia":[{"embeddable":true,"href":"https:\/\/www.infokuryr.cz\/n\/wp-json\/wp\/v2\/media\/100686"}],"wp:attachment":[{"href":"https:\/\/www.infokuryr.cz\/n\/wp-json\/wp\/v2\/media?parent=100685"}],"wp:term":[{"taxonomy":"category","embeddable":true,"href":"https:\/\/www.infokuryr.cz\/n\/wp-json\/wp\/v2\/categories?post=100685"},{"taxonomy":"post_tag","embeddable":true,"href":"https:\/\/www.infokuryr.cz\/n\/wp-json\/wp\/v2\/tags?post=100685"}],"curies":[{"name":"wp","href":"https:\/\/api.w.org\/{rel}","templated":true}]}}