{"id":100678,"date":"2026-03-01T04:36:14","date_gmt":"2026-03-01T03:36:14","guid":{"rendered":"https:\/\/www.infokuryr.cz\/n\/?p=100678"},"modified":"2026-03-01T04:36:14","modified_gmt":"2026-03-01T03:36:14","slug":"vitezstvi-pro-svobodu-projevu-palic-koranu-konecne-osvobozen","status":"publish","type":"post","link":"https:\/\/www.infokuryr.cz\/n\/2026\/03\/01\/vitezstvi-pro-svobodu-projevu-palic-koranu-konecne-osvobozen\/","title":{"rendered":"V\u00edt\u011bzstv\u00ed pro svobodu projevu: Pali\u010d Kor\u00e1nu kone\u010dn\u011b osvobozen!"},"content":{"rendered":"<div id=\"fb-root\"><\/div>\n<p><strong><span dir=\"auto\">Britsk\u00fd nejvy\u0161\u0161\u00ed soud vydal historick\u00e9 rozhodnut\u00ed. Mu\u017e, kter\u00fd sp\u00e1lil Kor\u00e1n, byl definitivn\u011b osvobozen. T\u00edm byl zma\u0159en skand\u00e1ln\u00ed pokus o zaveden\u00ed tajn\u00e9ho z\u00e1kona o rouh\u00e1n\u00ed.<\/span><\/strong><\/p>\n<p><span dir=\"auto\">Je to monument\u00e1ln\u00ed v\u00edt\u011bzstv\u00ed pro svobodu projevu a drtiv\u00e1 por\u00e1\u017eka pro politicky korektn\u00ed soudnictv\u00ed! Britsk\u00fd nejvy\u0161\u0161\u00ed soud potvrdil\u00a0<\/span><a href=\"https:\/\/dailysceptic.org\/2026\/02\/27\/koran-burner-hamit-coskun-wins-landmark-blasphemy-case-at-high-court\/\"><span dir=\"auto\">zpro\u0161t\u011bn\u00ed<\/span><\/a><span dir=\"auto\"> ob\u017ealoby nad mu\u017eem , kter\u00fd sp\u00e1lil Kor\u00e1n p\u0159ed tureck\u00fdm konzul\u00e1tem v Lond\u00fdn\u011b. Poselstv\u00ed soudc\u016f je jednozna\u010dn\u00e9: Ve svobodn\u00e9 spole\u010dnosti neexistuje pr\u00e1vo neb\u00fdt ur\u00e1\u017een!<\/span><\/p>\n<p><span dir=\"auto\">Co se stalo? 13. \u00fanora 2025 Hamit Coskun, 51let\u00fd \u017eadatel o azyl arm\u00e9nsko-kurdsk\u00e9ho p\u016fvodu z Turecka, u\u010dinil odv\u00e1\u017en\u00e9 prohl\u00e1\u0161en\u00ed v luxusn\u00ed lond\u00fdnsk\u00e9 \u010dtvrti Knightsbridge. P\u0159ed tureck\u00fdm konzul\u00e1tem zap\u00e1lil isl\u00e1mskou knihu a k\u0159i\u010del fr\u00e1ze jako \u201eDo prdele s isl\u00e1mem\u201c a \u201eIsl\u00e1m je n\u00e1bo\u017eenstv\u00edm terorismu\u201c.<\/span><\/p>\n<p><span dir=\"auto\">N\u00e1sledoval bezprecedentn\u00ed soudn\u00ed skand\u00e1l. M\u00edsto ochrany svobody projevu britsk\u00fd st\u00e1t dot\u00e1hl Coskuna p\u0159ed soud. V \u010dervnu 2025 byl p\u016fvodn\u011b usv\u011bd\u010den z \u00fadajn\u00e9ho \u201en\u00e1bo\u017eensky motivovan\u00e9ho naru\u0161en\u00ed ve\u0159ejn\u00e9ho po\u0159\u00e1dku\u201c. Britsk\u00e1 Korunn\u00ed prokuratura (CPS) z n\u011bj z\u0159ejm\u011b cht\u011bla ud\u011blat p\u0159\u00edklad a v podstat\u011b zadn\u00edmi vr\u00e1tky zav\u00e9st isl\u00e1msk\u00fd z\u00e1kon o rouh\u00e1n\u00ed.<\/span><\/p>\n<p><span dir=\"auto\">Naprost\u00fd vrchol absurdity v tomto p\u0159\u00edpad\u011b: Zat\u00edmco st\u00e1t s plnou silou zas\u00e1hl proti palb\u00e1\u0159i Kor\u00e1nu, \u00c7oskun byl b\u011bhem sv\u00e9ho protestu napaden no\u017eem fanatick\u00fdm \u00fato\u010dn\u00edkem. Neuv\u011b\u0159iteln\u00e1 reakce shov\u00edvav\u00e9ho britsk\u00e9ho justi\u010dn\u00edho syst\u00e9mu? \u00dato\u010dn\u00edk s no\u017eem se ani nedostal do v\u011bzen\u00ed!<\/span><\/p>\n<figure class=\"wp-block-embed is-type-rich is-provider-twitter wp-block-embed-twitter\">\n<div class=\"wp-block-embed__wrapper\">\n<div class=\"twitter-tweet twitter-tweet-rendered\"><iframe id=\"twitter-widget-0\" class=\"\" title=\"X P\u0159\u00edsp\u011bvek\" src=\"https:\/\/platform.twitter.com\/embed\/Tweet.html?dnt=true&amp;embedId=twitter-widget-0&amp;features=eyJ0ZndfdGltZWxpbmVfbGlzdCI6eyJidWNrZXQiOltdLCJ2ZXJzaW9uIjpudWxsfSwidGZ3X2ZvbGxvd2VyX2NvdW50X3N1bnNldCI6eyJidWNrZXQiOnRydWUsInZlcnNpb24iOm51bGx9LCJ0ZndfdHdlZXRfZWRpdF9iYWNrZW5kIjp7ImJ1Y2tldCI6Im9uIiwidmVyc2lvbiI6bnVsbH0sInRmd19yZWZzcmNfc2Vzc2lvbiI6eyJidWNrZXQiOiJvbiIsInZlcnNpb24iOm51bGx9LCJ0ZndfZm9zbnJfc29mdF9pbnRlcnZlbnRpb25zX2VuYWJsZWQiOnsiYnVja2V0Ijoib24iLCJ2ZXJzaW9uIjpudWxsfSwidGZ3X21peGVkX21lZGlhXzE1ODk3Ijp7ImJ1Y2tldCI6InRyZWF0bWVudCIsInZlcnNpb24iOm51bGx9LCJ0ZndfZXhwZXJpbWVudHNfY29va2llX2V4cGlyYXRpb24iOnsiYnVja2V0IjoxMjA5NjAwLCJ2ZXJzaW9uIjpudWxsfSwidGZ3X3Nob3dfYmlyZHdhdGNoX3Bpdm90c19lbmFibGVkIjp7ImJ1Y2tldCI6Im9uIiwidmVyc2lvbiI6bnVsbH0sInRmd19kdXBsaWNhdGVfc2NyaWJlc190b19zZXR0aW5ncyI6eyJidWNrZXQiOiJvbiIsInZlcnNpb24iOm51bGx9LCJ0ZndfdXNlX3Byb2ZpbGVfaW1hZ2Vfc2hhcGVfZW5hYmxlZCI6eyJidWNrZXQiOiJvbiIsInZlcnNpb24iOm51bGx9LCJ0ZndfdmlkZW9faGxzX2R5bmFtaWNfbWFuaWZlc3RzXzE1MDgyIjp7ImJ1Y2tldCI6InRydWVfYml0cmF0ZSIsInZlcnNpb24iOm51bGx9LCJ0ZndfbGVnYWN5X3RpbWVsaW5lX3N1bnNldCI6eyJidWNrZXQiOnRydWUsInZlcnNpb24iOm51bGx9LCJ0ZndfdHdlZXRfZWRpdF9mcm9udGVuZCI6eyJidWNrZXQiOiJvbiIsInZlcnNpb24iOm51bGx9fQ%3D%3D&amp;frame=false&amp;hideCard=false&amp;hideThread=false&amp;id=2027356039582994557&amp;lang=cs&amp;origin=https%3A%2F%2Freport24.news%2Fsieg-fuer-die-meinungsfreiheit-koran-verbrenner-endgueltig-freigesprochen%2F&amp;sessionId=b0355caf3cdbdd1398668ef4603cdc093172cc37&amp;theme=light&amp;widgetsVersion=2615f7e52b7e0%3A1702314776716&amp;width=550px\" frameborder=\"0\" scrolling=\"no\" allowfullscreen=\"allowfullscreen\" data-tweet-id=\"2027356039582994557\" data-mce-fragment=\"1\"><\/iframe><\/div>\n<\/div>\n<\/figure>\n<p><span dir=\"auto\">Ale v \u0159\u00edjnu 2025 byl Coskun\u016fv rozsudek po odvol\u00e1n\u00ed zru\u0161en. Soudce tehdy jasn\u011b prohl\u00e1sil: \u201eTrestn\u00ed pr\u00e1vo nen\u00ed mechanismem ur\u010den\u00fdm k tomu, aby se zabr\u00e1nilo rozru\u0161en\u00ed lid\u00ed. Pr\u00e1vo na svobodu projevu mus\u00ed zahrnovat pr\u00e1vo vyjad\u0159ovat n\u00e1zory, kter\u00e9 ur\u00e1\u017eej\u00ed, \u0161okuj\u00ed nebo znepokojuj\u00ed.\u201c Ob\u017ealoba tuto d\u016fraznou v\u00fdtku odm\u00edtla p\u0159ijmout, odvolala se k Vrchn\u00edmu soudu \u2013 a nyn\u00ed utrp\u011bla definitivn\u00ed por\u00e1\u017eku! Nejvy\u0161\u0161\u00ed soud odvol\u00e1n\u00ed zam\u00edtl. I kdy\u017e chov\u00e1n\u00ed mohlo b\u00fdt znepokojiv\u00e9, nebylo trestn\u00e9.<\/span><\/p>\n<p><span dir=\"auto\">Aktivist\u00e9 za ob\u010dansk\u00e1 pr\u00e1va nyn\u00ed oslavuj\u00ed verdikt jako miln\u00edk proti pl\u00ed\u017eiv\u00e9 islamizaci pr\u00e1vn\u00edho st\u00e1tu. N\u00e1rodn\u00ed sekul\u00e1rn\u00ed spole\u010dnost j\u00e1sala: \u201eTrestn\u00ed pr\u00e1vo chr\u00e1n\u00ed lidi p\u0159ed \u00fajmou, nikoli p\u0159ed ur\u00e1\u017ekami.\u201c Po t\u00e9to \u201eponi\u017euj\u00edc\u00ed por\u00e1\u017ece\u201c Unie za svobodu projevu zcela pr\u00e1vem po\u017eaduje okam\u017eitou rezignaci \u0159editele st\u00e1tn\u00edho zastupitelstv\u00ed Stephena Parkinsona. Gener\u00e1ln\u00ed tajemn\u00edk Toby Young to stru\u010dn\u011b vyj\u00e1d\u0159il: \u201eToto odvol\u00e1n\u00ed nem\u011blo b\u00fdt nikdy pod\u00e1no st\u00e1tn\u00edm zastupitelstv\u00edm, stejn\u011b jako nem\u011bl b\u00fdt nikdy st\u00edh\u00e1n Hamit.\u201c Humanists UK tak\u00e9 vydala ostr\u00e9 varov\u00e1n\u00ed: Kdy\u017e st\u00e1t st\u00edh\u00e1 rouh\u00e1n\u00ed, pouze podporuje extremismus a n\u00e1sil\u00ed.<\/span><\/p>\n<p><span dir=\"auto\">St\u00e1tn\u00ed zastupitelstv\u00ed si nyn\u00ed olizuje r\u00e1ny a muselo neochotn\u011b p\u0159iznat: \u201eNeexistuje \u017e\u00e1dn\u00fd z\u00e1kon, kter\u00fd by st\u00edhal lidi za \u201arouh\u00e1n\u00ed\u2018, a p\u00e1len\u00ed n\u00e1bo\u017eensk\u00e9ho textu samo o sob\u011b nen\u00ed zlo\u010dinem.\u201c To znamen\u00e1, \u017ee i tvrd\u00e1 a ostr\u00e1 kritika isl\u00e1mu je ve Velk\u00e9 Brit\u00e1nii p\u0159\u00edpustn\u00e1, i kdy\u017e se nel\u00edb\u00ed levicov\u00fdm obh\u00e1jc\u016fm isl\u00e1mu.<\/span><\/p>\n<p><img decoding=\"async\" loading=\"lazy\" class=\"alignnone size-full wp-image-1185\" src=\"http:\/\/www.infokuryr.cz\/n\/wp-content\/uploads\/2021\/04\/kuryr-podpis.png\" alt=\"\" width=\"84\" height=\"24\" \/><\/p>\n<p>&nbsp;<\/p>\n","protected":false},"excerpt":{"rendered":"<p>Britsk\u00fd nejvy\u0161\u0161\u00ed soud vydal historick\u00e9 rozhodnut\u00ed. Mu\u017e, kter\u00fd sp\u00e1lil Kor\u00e1n, byl definitivn\u011b osvobozen. T\u00edm byl&#8230;<\/p>\n","protected":false},"author":2,"featured_media":100679,"comment_status":"closed","ping_status":"closed","sticky":false,"template":"","format":"standard","meta":[],"categories":[7],"tags":[61,1134,324,117],"_links":{"self":[{"href":"https:\/\/www.infokuryr.cz\/n\/wp-json\/wp\/v2\/posts\/100678"}],"collection":[{"href":"https:\/\/www.infokuryr.cz\/n\/wp-json\/wp\/v2\/posts"}],"about":[{"href":"https:\/\/www.infokuryr.cz\/n\/wp-json\/wp\/v2\/types\/post"}],"author":[{"embeddable":true,"href":"https:\/\/www.infokuryr.cz\/n\/wp-json\/wp\/v2\/users\/2"}],"replies":[{"embeddable":true,"href":"https:\/\/www.infokuryr.cz\/n\/wp-json\/wp\/v2\/comments?post=100678"}],"version-history":[{"count":0,"href":"https:\/\/www.infokuryr.cz\/n\/wp-json\/wp\/v2\/posts\/100678\/revisions"}],"wp:featuredmedia":[{"embeddable":true,"href":"https:\/\/www.infokuryr.cz\/n\/wp-json\/wp\/v2\/media\/100679"}],"wp:attachment":[{"href":"https:\/\/www.infokuryr.cz\/n\/wp-json\/wp\/v2\/media?parent=100678"}],"wp:term":[{"taxonomy":"category","embeddable":true,"href":"https:\/\/www.infokuryr.cz\/n\/wp-json\/wp\/v2\/categories?post=100678"},{"taxonomy":"post_tag","embeddable":true,"href":"https:\/\/www.infokuryr.cz\/n\/wp-json\/wp\/v2\/tags?post=100678"}],"curies":[{"name":"wp","href":"https:\/\/api.w.org\/{rel}","templated":true}]}}