{"id":100672,"date":"2026-03-01T04:16:18","date_gmt":"2026-03-01T03:16:18","guid":{"rendered":"https:\/\/www.infokuryr.cz\/n\/?p=100672"},"modified":"2026-03-01T04:16:18","modified_gmt":"2026-03-01T03:16:18","slug":"moskva-odsuzuje-americko-izraelske-utoky-na-iran","status":"publish","type":"post","link":"https:\/\/www.infokuryr.cz\/n\/2026\/03\/01\/moskva-odsuzuje-americko-izraelske-utoky-na-iran\/","title":{"rendered":"Moskva odsuzuje americko-izraelsk\u00e9 \u00fatoky na \u00cdr\u00e1n"},"content":{"rendered":"<div id=\"fb-root\"><\/div>\n<h3>Rusk\u00e9 ministerstvo zahrani\u010d\u00ed uvedlo, \u017ee \u00fatoky by mohly v\u00e9st k humanit\u00e1rn\u00ed, ekonomick\u00e9 a potenci\u00e1ln\u011b i jadern\u00e9 katastrof\u011b<\/h3>\n<p><span dir=\"auto\">Rusk\u00e9 ministerstvo zahrani\u010d\u00ed ve sv\u00e9m prohl\u00e1\u0161en\u00ed uvedlo, \u017ee americk\u00e9 a izraelsk\u00e9 \u00fatoky na \u00cdr\u00e1n jsou\u00a0<\/span><em><span dir=\"auto\">\u201ep\u0159edem zprost\u0159edkovan\u00fdm a nevyprovokovan\u00fdm aktem agrese\u201c a<\/span><\/em><span dir=\"auto\">\u00a0varovalo, \u017ee by mohly m\u00edt katastrof\u00e1ln\u00ed d\u016fsledky pro Bl\u00edzk\u00fd v\u00fdchod a cel\u00fd sv\u011bt.<\/span><\/p>\n<p><span dir=\"auto\">Washington a z\u00e1padn\u00ed Jeruzal\u00e9m zah\u00e1jily \u00fatok v sobotu, p\u0159i\u010dem\u017e americk\u00fd prezident Donald Trump prohl\u00e1sil, \u017ee c\u00edlem operace je zni\u010dit \u00edr\u00e1nsk\u00fd jadern\u00fd program a dos\u00e1hnout zm\u011bny re\u017eimu v \u00cdr\u00e1nu. Teher\u00e1n reagoval odvetn\u00fdmi \u00fadery proti c\u00edl\u016fm v Izraeli a tak\u00e9 proti americk\u00fdm z\u00e1kladn\u00e1m v regionu.<\/span><\/p>\n<p><span dir=\"auto\">Moskva vyz\u00fdv\u00e1 OSN a jej\u00ed jadern\u00fd dozor\u010d\u00ed org\u00e1n, Mezin\u00e1rodn\u00ed agenturu pro atomovou energii, aby nestrann\u011b posoudily\u00a0<\/span><em><span dir=\"auto\">\u201ebezohledn\u00e9 \u010diny zam\u011b\u0159en\u00e9 na naru\u0161en\u00ed m\u00edru, stability a bezpe\u010dnosti na Bl\u00edzk\u00e9m v\u00fdchod\u011b\u201c,<\/span><\/em><span dir=\"auto\">\u00a0uv\u00e1d\u00ed se v prohl\u00e1\u0161en\u00ed ministerstva. \u010ciny Washingtonu a z\u00e1padn\u00edho Jeruzal\u00e9ma tla\u010d\u00ed region k\u00a0<\/span><em><span dir=\"auto\">\u201ehumanit\u00e1rn\u00ed, ekonomick\u00e9 a potenci\u00e1ln\u011b jadern\u00e9 katastrof\u011b\u201c,<\/span><\/em><span dir=\"auto\">\u00a0varovalo ministerstvo.<\/span><\/p>\n<p><span dir=\"auto\">Podle Ruska se USA sna\u017e\u00ed eliminovat veden\u00ed zem\u011b, kter\u00e1 odol\u00e1vala siln\u00e9mu tlaku a hegemonismu. K \u00fatok\u016fm do\u0161lo pot\u00e9, co v p\u00e1tek v \u017denev\u011b skon\u010dily nep\u0159\u00edm\u00e9 jadern\u00e9 rozhovory mezi Teher\u00e1nem a Washingtonem bezv\u00fdsledn\u011b, a uprost\u0159ed masivn\u00edho posilov\u00e1n\u00ed vojensk\u00e9 p\u0159\u00edtomnosti USA v regionu.<\/span><\/p>\n<p><span dir=\"auto\">Rusk\u00e9 ministerstvo uvedlo, \u017ee \u00fatok by mohl m\u00edt tak\u00e9 katastrof\u00e1ln\u00ed d\u016fsledky pro glob\u00e1ln\u00ed re\u017eim ne\u0161\u00ed\u0159en\u00ed jadern\u00fdch zbran\u00ed a dodalo, \u017ee by mohl v\u00e9st k\u00a0<\/span><em><span dir=\"auto\">\u201enekontrolovan\u00e9 eskalaci\u201c<\/span><\/em><span dir=\"auto\">\u00a0na Bl\u00edzk\u00e9m v\u00fdchod\u011b a jinde, jeliko\u017e n\u00e1rody po cel\u00e9m sv\u011bt\u011b se budou sna\u017eit z\u00edskat ni\u010div\u011bj\u0161\u00ed zbran\u011b ve snaze chr\u00e1nit se.<\/span><\/p>\n<p><span dir=\"auto\">Ministr zahrani\u010d\u00ed Sergej Lavrov v sobotu telefonicky hovo\u0159il o \u00faderech se sv\u00fdm \u00edr\u00e1nsk\u00fdm prot\u011bj\u0161kem Abb\u00e1sem Arag\u010d\u010d\u00edm. Vyzval k okam\u017eit\u00e9mu zastaven\u00ed \u00fader\u016f a uvedl, \u017ee Moskva je p\u0159ipravena poskytnout diplomatickou pomoc. Arag\u010d\u010d\u00ed Moskv\u011b pod\u011bkoval za podporu.<\/span><\/p>\n<p><span dir=\"auto\">Prezident Vladimir Putin svolal kv\u016fli ud\u00e1lostem zased\u00e1n\u00ed Rady n\u00e1rodn\u00ed bezpe\u010dnosti, \u0159ekl v sobotu novin\u00e1\u0159\u016fm mluv\u010d\u00ed Kremlu Dmitrij Peskov.<\/span><\/p>\n<p><span dir=\"auto\">\u00datok vyvolal kritiku po cel\u00e9m sv\u011bt\u011b, v\u010detn\u011b kritiky ze strany USA a z\u00e1padn\u00edch spojenc\u016f. Francie a \u0160pan\u011blsko jej ozna\u010dily za riziko pro glob\u00e1ln\u00ed bezpe\u010dnost. \u010c\u00edna po\u017eadovala okam\u017eit\u00e9 zastaven\u00ed \u00fatok\u016f.<\/span><\/p>\n<p><img decoding=\"async\" loading=\"lazy\" class=\"alignnone size-full wp-image-1185\" src=\"http:\/\/www.infokuryr.cz\/n\/wp-content\/uploads\/2021\/04\/kuryr-podpis.png\" alt=\"\" width=\"84\" height=\"24\" \/><\/p>\n<p>&nbsp;<\/p>\n","protected":false},"excerpt":{"rendered":"<p>Rusk\u00e9 ministerstvo zahrani\u010d\u00ed uvedlo, \u017ee \u00fatoky by mohly v\u00e9st k humanit\u00e1rn\u00ed, ekonomick\u00e9 a potenci\u00e1ln\u011b i&#8230;<\/p>\n","protected":false},"author":2,"featured_media":85052,"comment_status":"closed","ping_status":"closed","sticky":false,"template":"","format":"standard","meta":[],"categories":[7],"tags":[38,107,246,4815,37],"_links":{"self":[{"href":"https:\/\/www.infokuryr.cz\/n\/wp-json\/wp\/v2\/posts\/100672"}],"collection":[{"href":"https:\/\/www.infokuryr.cz\/n\/wp-json\/wp\/v2\/posts"}],"about":[{"href":"https:\/\/www.infokuryr.cz\/n\/wp-json\/wp\/v2\/types\/post"}],"author":[{"embeddable":true,"href":"https:\/\/www.infokuryr.cz\/n\/wp-json\/wp\/v2\/users\/2"}],"replies":[{"embeddable":true,"href":"https:\/\/www.infokuryr.cz\/n\/wp-json\/wp\/v2\/comments?post=100672"}],"version-history":[{"count":0,"href":"https:\/\/www.infokuryr.cz\/n\/wp-json\/wp\/v2\/posts\/100672\/revisions"}],"wp:featuredmedia":[{"embeddable":true,"href":"https:\/\/www.infokuryr.cz\/n\/wp-json\/wp\/v2\/media\/85052"}],"wp:attachment":[{"href":"https:\/\/www.infokuryr.cz\/n\/wp-json\/wp\/v2\/media?parent=100672"}],"wp:term":[{"taxonomy":"category","embeddable":true,"href":"https:\/\/www.infokuryr.cz\/n\/wp-json\/wp\/v2\/categories?post=100672"},{"taxonomy":"post_tag","embeddable":true,"href":"https:\/\/www.infokuryr.cz\/n\/wp-json\/wp\/v2\/tags?post=100672"}],"curies":[{"name":"wp","href":"https:\/\/api.w.org\/{rel}","templated":true}]}}