{"id":100669,"date":"2026-03-01T04:06:16","date_gmt":"2026-03-01T03:06:16","guid":{"rendered":"https:\/\/www.infokuryr.cz\/n\/?p=100669"},"modified":"2026-03-01T04:06:16","modified_gmt":"2026-03-01T03:06:16","slug":"americka-armada-utrpela-pri-odvetnych-uderech-200-obeti","status":"publish","type":"post","link":"https:\/\/www.infokuryr.cz\/n\/2026\/03\/01\/americka-armada-utrpela-pri-odvetnych-uderech-200-obeti\/","title":{"rendered":"Americk\u00e1 arm\u00e1da utrp\u011bla p\u0159i odvetn\u00fdch \u00faderech 200 ob\u011bt\u00ed"},"content":{"rendered":"<div id=\"fb-root\"><\/div>\n<h3>\u00cdr\u00e1nsk\u00e9 s\u00edly odvetily na americko-izraelsk\u00e9 \u00fatoky \u00fatoky na washingtonsk\u00e9 vojensk\u00e9 z\u00e1kladny v cel\u00e9m regionu<\/h3>\n<p><span dir=\"auto\">Spojen\u00e9 st\u00e1ty utrp\u011bly p\u0159i odvetn\u00fdch \u00fatoc\u00edch \u00cdr\u00e1nu na z\u00e1kladny po cel\u00e9m Bl\u00edzk\u00e9m v\u00fdchod\u011b 200 ob\u011bt\u00ed, ozn\u00e1mily Isl\u00e1msk\u00e9 revolu\u010dn\u00ed gardy (IRGC\u00a0<\/span><a href=\"https:\/\/t.me\/sepah_pasdaran\/180718\" target=\"_blank\" rel=\"noopener noreferrer\"><span dir=\"auto\">)<\/span><\/a><span dir=\"auto\">\u00a0.<\/span><\/p>\n<p><span dir=\"auto\">Izrael s podporou USA zah\u00e1jil v \u010dasn\u00fdch rann\u00edch hodin\u00e1ch soboty to, co bylo pops\u00e1no jako preventivn\u00ed operace proti \u00edr\u00e1nsk\u00fdm vojensk\u00fdm a jadern\u00fdm c\u00edl\u016fm, s tvrzen\u00edm, \u017ee c\u00edlem \u00fader\u016f bylo neutralizovat hrozby, kter\u00e9 v regionu p\u0159edstavuje Izraelsk\u00e1 isl\u00e1msk\u00e1 republika.<\/span><\/p>\n<p><span dir=\"auto\">Americk\u00fd prezident Donald Trump pozd\u011bji potvrdil, \u017ee B\u00edl\u00fd d\u016fm podpo\u0159il z\u00e1padn\u00ed Jeruzal\u00e9m v proveden\u00ed \u00fader\u016f, a jako p\u0159\u00edm\u00fd spou\u0161t\u011b\u010d tohoto kroku uvedl selh\u00e1n\u00ed jadern\u00e9 diplomacie.<\/span><\/p>\n<p><em><span dir=\"auto\">\u201eV d\u016fsledku raketov\u00fdch \u00fatok\u016f na americk\u00e9 z\u00e1kladny bylo zabito a zran\u011bno nejm\u00e9n\u011b 200 americk\u00fdch voj\u00e1k\u016f,\u201c<\/span><\/em><span dir=\"auto\">\u00a0uvedla v sobotu tiskov\u00e1 agentura Tasnim s odvol\u00e1n\u00edm na prohl\u00e1\u0161en\u00ed Isl\u00e1msk\u00fdch revolu\u010dn\u00edch gard (IRGC).<\/span><\/p>\n<p><span dir=\"auto\">Gener\u00e1l IRGC Ebrahim Jabbari v koment\u00e1\u0159i k odvet\u011b varoval Trumpa, \u017ee Isl\u00e1msk\u00e1 republika m\u00e1\u00a0<\/span><em><span dir=\"auto\">\u201epokro\u010dil\u00e9 schopnosti\u201c<\/span><\/em><span dir=\"auto\">\u00a0a je p\u0159ipravena na dlouhodob\u00fd konflikt.<\/span><\/p>\n<p><em><span dir=\"auto\">\u201eNa za\u010d\u00e1tku v\u00e1lky za\u00fato\u010d\u00edme na v\u0161e, co m\u00e1me v na\u0161ich z\u00e1sob\u00e1ch,\u201c \u0159ekl D\u017eabbari a sl\u00edbil, \u017ee\u00a0<\/span><\/em><span dir=\"auto\"><em>\u201enejsiln\u011bj\u0161\u00ed rakety\u201c<\/em>\u00a0odp\u00e1l\u00ed pozd\u011bji.<\/span><\/p>\n<div class=\"rtcode\">\n<div class=\"twitter-tweet twitter-tweet-rendered\"><iframe id=\"twitter-widget-0\" class=\"\" title=\"X P\u0159\u00edsp\u011bvek\" src=\"https:\/\/platform.twitter.com\/embed\/Tweet.html?creatorScreenName=RT_com&amp;dnt=false&amp;embedId=twitter-widget-0&amp;features=eyJ0ZndfdGltZWxpbmVfbGlzdCI6eyJidWNrZXQiOltdLCJ2ZXJzaW9uIjpudWxsfSwidGZ3X2ZvbGxvd2VyX2NvdW50X3N1bnNldCI6eyJidWNrZXQiOnRydWUsInZlcnNpb24iOm51bGx9LCJ0ZndfdHdlZXRfZWRpdF9iYWNrZW5kIjp7ImJ1Y2tldCI6Im9uIiwidmVyc2lvbiI6bnVsbH0sInRmd19yZWZzcmNfc2Vzc2lvbiI6eyJidWNrZXQiOiJvbiIsInZlcnNpb24iOm51bGx9LCJ0ZndfZm9zbnJfc29mdF9pbnRlcnZlbnRpb25zX2VuYWJsZWQiOnsiYnVja2V0Ijoib24iLCJ2ZXJzaW9uIjpudWxsfSwidGZ3X21peGVkX21lZGlhXzE1ODk3Ijp7ImJ1Y2tldCI6InRyZWF0bWVudCIsInZlcnNpb24iOm51bGx9LCJ0ZndfZXhwZXJpbWVudHNfY29va2llX2V4cGlyYXRpb24iOnsiYnVja2V0IjoxMjA5NjAwLCJ2ZXJzaW9uIjpudWxsfSwidGZ3X3Nob3dfYmlyZHdhdGNoX3Bpdm90c19lbmFibGVkIjp7ImJ1Y2tldCI6Im9uIiwidmVyc2lvbiI6bnVsbH0sInRmd19kdXBsaWNhdGVfc2NyaWJlc190b19zZXR0aW5ncyI6eyJidWNrZXQiOiJvbiIsInZlcnNpb24iOm51bGx9LCJ0ZndfdXNlX3Byb2ZpbGVfaW1hZ2Vfc2hhcGVfZW5hYmxlZCI6eyJidWNrZXQiOiJvbiIsInZlcnNpb24iOm51bGx9LCJ0ZndfdmlkZW9faGxzX2R5bmFtaWNfbWFuaWZlc3RzXzE1MDgyIjp7ImJ1Y2tldCI6InRydWVfYml0cmF0ZSIsInZlcnNpb24iOm51bGx9LCJ0ZndfbGVnYWN5X3RpbWVsaW5lX3N1bnNldCI6eyJidWNrZXQiOnRydWUsInZlcnNpb24iOm51bGx9LCJ0ZndfdHdlZXRfZWRpdF9mcm9udGVuZCI6eyJidWNrZXQiOiJvbiIsInZlcnNpb24iOm51bGx9fQ%3D%3D&amp;frame=false&amp;hideCard=false&amp;hideThread=false&amp;id=2027733918154195346&amp;lang=cs&amp;maxWidth=560px&amp;origin=https%3A%2F%2Fwww.rt.com%2Fnews%2F633217-iran-strikes-hundreds-american-soldiers%2F&amp;sessionId=588faf32adcadf3f1fc67168730c667762c6c91c&amp;siteScreenName=RT_com&amp;theme=light&amp;widgetsVersion=2615f7e52b7e0%3A1702314776716&amp;width=550px\" frameborder=\"0\" scrolling=\"no\" allowfullscreen=\"allowfullscreen\" data-tweet-id=\"2027733918154195346\" data-mce-fragment=\"1\"><\/iframe><\/div>\n<\/div>\n<p><em><span dir=\"auto\">\u201eCo jsme doposud neuk\u00e1zali a co, jak my \u00cdr\u00e1nci \u0159\u00edk\u00e1me, \u201anech\u00e1me ule\u017eet v n\u00e1levu\u2018, odhal\u00edme v nadch\u00e1zej\u00edc\u00edch dnech,\u201c<\/span><\/em><span dir=\"auto\">\u00a0dodal.<\/span><\/p>\n<p><span dir=\"auto\">\u00cdr\u00e1nsk\u00e1 odveta se podle zpr\u00e1v zam\u011b\u0159ila na n\u011bkolik americk\u00fdch vojensk\u00fdch za\u0159\u00edzen\u00ed na Bl\u00edzk\u00e9m v\u00fdchod\u011b, v\u010detn\u011b podp\u016frn\u00e9ho st\u0159ediska P\u00e1t\u00e9 flotily v Bahrajnu, z\u00e1kladny v ir\u00e1ck\u00e9m Kurdist\u00e1nu, leteck\u00e9 z\u00e1kladny Al Udeid v Kataru, leteck\u00e9 z\u00e1kladny Ali Al Salem v Kuvajtu, leteck\u00e9 z\u00e1kladny Al Dhafra ve Spojen\u00fdch arabsk\u00fdch emir\u00e1tech, leteck\u00e9 z\u00e1kladny Muwaffaq Al Salti v Jord\u00e1nsku a leteck\u00e9 z\u00e1kladny Prince Sultan v Sa\u00fadsk\u00e9 Ar\u00e1bii. Izraelsk\u00e9 zpravodajsk\u00e9 agentury rovn\u011b\u017e uvedly, \u017ee sm\u011brem k Izraeli bylo odp\u00e1leno asi 35 raket, p\u0159i\u010dem\u017e jedna osoba byla \u00fadajn\u011b zran\u011bna.<\/span><\/p>\n<p><span dir=\"auto\">Nejnov\u011bj\u0161\u00ed \u00fatoky p\u0159edstavuj\u00ed druhou velkou izraelskou vojenskou kampa\u0148 proti \u00cdr\u00e1nu za necel\u00fd rok. V \u010dervnu 2025, b\u011bhem 12denn\u00edho konfliktu, provedly izraelsk\u00e9 obrann\u00e9 s\u00edly ve spolupr\u00e1ci s americk\u00fdmi vojensk\u00fdmi silami p\u0159ekvapiv\u00e9 bombardov\u00e1n\u00ed vojensk\u00fdch a jadern\u00fdch za\u0159\u00edzen\u00ed Isl\u00e1msk\u00e9 republiky, p\u0159i kter\u00e9m zahynuli vysoc\u00ed vojen\u0161t\u00ed velitel\u00e9, vl\u00e1dn\u00ed \u00fa\u0159edn\u00edci a jadern\u00ed v\u011bdci.<\/span><\/p>\n<p><img decoding=\"async\" loading=\"lazy\" class=\"alignnone size-full wp-image-1185\" src=\"http:\/\/www.infokuryr.cz\/n\/wp-content\/uploads\/2021\/04\/kuryr-podpis.png\" alt=\"\" width=\"84\" height=\"24\" \/><\/p>\n<p>&nbsp;<\/p>\n","protected":false},"excerpt":{"rendered":"<p>\u00cdr\u00e1nsk\u00e9 s\u00edly odvetily na americko-izraelsk\u00e9 \u00fatoky \u00fatoky na washingtonsk\u00e9 vojensk\u00e9 z\u00e1kladny v cel\u00e9m regionu Spojen\u00e9&#8230;<\/p>\n","protected":false},"author":2,"featured_media":100670,"comment_status":"closed","ping_status":"closed","sticky":false,"template":"","format":"standard","meta":[],"categories":[7],"tags":[871,37,2369],"_links":{"self":[{"href":"https:\/\/www.infokuryr.cz\/n\/wp-json\/wp\/v2\/posts\/100669"}],"collection":[{"href":"https:\/\/www.infokuryr.cz\/n\/wp-json\/wp\/v2\/posts"}],"about":[{"href":"https:\/\/www.infokuryr.cz\/n\/wp-json\/wp\/v2\/types\/post"}],"author":[{"embeddable":true,"href":"https:\/\/www.infokuryr.cz\/n\/wp-json\/wp\/v2\/users\/2"}],"replies":[{"embeddable":true,"href":"https:\/\/www.infokuryr.cz\/n\/wp-json\/wp\/v2\/comments?post=100669"}],"version-history":[{"count":0,"href":"https:\/\/www.infokuryr.cz\/n\/wp-json\/wp\/v2\/posts\/100669\/revisions"}],"wp:featuredmedia":[{"embeddable":true,"href":"https:\/\/www.infokuryr.cz\/n\/wp-json\/wp\/v2\/media\/100670"}],"wp:attachment":[{"href":"https:\/\/www.infokuryr.cz\/n\/wp-json\/wp\/v2\/media?parent=100669"}],"wp:term":[{"taxonomy":"category","embeddable":true,"href":"https:\/\/www.infokuryr.cz\/n\/wp-json\/wp\/v2\/categories?post=100669"},{"taxonomy":"post_tag","embeddable":true,"href":"https:\/\/www.infokuryr.cz\/n\/wp-json\/wp\/v2\/tags?post=100669"}],"curies":[{"name":"wp","href":"https:\/\/api.w.org\/{rel}","templated":true}]}}